{"id":21310,"date":"2025-12-11T17:21:33","date_gmt":"2025-12-11T20:21:33","guid":{"rendered":"https:\/\/vimagazine.com.br\/?p=21310"},"modified":"2025-12-11T17:21:35","modified_gmt":"2025-12-11T20:21:35","slug":"grupo-zonta-investe-r-100-milhoes-em-complexo-comercial-com-supermercado-condor-como-ancora-nas-merces","status":"publish","type":"post","link":"https:\/\/vimagazine.com.br\/?p=21310","title":{"rendered":"Grupo Zonta investe R$ 100 milh\u00f5es em complexo comercial com supermercado Condor como \u00e2ncora, nas Merc\u00eas"},"content":{"rendered":"\n<p><\/p>\n\n\n\n<p><\/p>\n\n\n\n<p><\/p>\n\n\n\n<p>O bairro Merc\u00eas, de Curitiba, ganha nesta sexta-feira (12), \u00e0s 8h, um dos maiores investimentos recentes do varejo paranaense. Com aporte de mais de R$ 100 milh\u00f5es, o Grupo Zonta inaugura um novo complexo comercial de quase 30 mil metros quadrados, concebido para oferecer modernidade, funcionalidade e alta capacidade de atendimento. Dentro deste empreendimento que abrigar\u00e1 29 pontos comerciais na sobreloja, o Condor Merc\u00eas atuar\u00e1 como loja \u00e2ncora, reunindo a tradi\u00e7\u00e3o de pre\u00e7os baixos que marca os 51 anos da rede.<\/p>\n\n\n\n<p>Constru\u00eddo em um terreno de 10.163 metros quadrados, o empreendimento soma 28.630 metros quadrados de \u00e1rea constru\u00edda distribu\u00eddos em tr\u00eas pavimentos de estacionamento, setores operacionais e uma loja do Condor concebida especialmente para este projeto. S\u00e3o 4 mil metros quadrados dedicados ao supermercado e 3 mil metros quadrados que comp\u00f5em o complexo comercial com pra\u00e7a de alimenta\u00e7\u00e3o e servi\u00e7os. Ao todo, s\u00e3o 630 vagas de estacionamento, sendo 584 cobertas, o que representa cerca de 6 mil vagas rotativas ao longo do dia, ampliando significativamente a capacidade de atendimento do complexo. A estrutura tamb\u00e9m j\u00e1 foi planejada para o futuro: est\u00e1 preparada para receber mais 12 mil metros quadrados, possibilitando a implanta\u00e7\u00e3o de duas torres corporativas e novas opera\u00e7\u00f5es.<\/p>\n\n\n\n<p>Para o presidente do Condor, Pedro Joanir Zonta, a inaugura\u00e7\u00e3o tem um significado especial por se tratar de um grande investimento realizado na cidade de origem da rede e por marcar a 40\u00aa loja Condor de Curitiba e Regi\u00e3o Metropolitana. \u201cCuritiba \u00e9 onde nossa trajet\u00f3ria come\u00e7ou, em 1974, e \u00e9 muito representativo encerrar o ciclo de investimentos deste ano entregando uma unidade desta dimens\u00e3o aqui nas Merc\u00eas. Criamos uma loja moderna, completa e pensada nos detalhes, sem abrir m\u00e3o do que faz parte da nossa ess\u00eancia. Aqui, o cliente encontra tecnologia, conforto e uma experi\u00eancia de compras mais fluida, sempre com a tradi\u00e7\u00e3o de pre\u00e7os baixos que acompanha a nossa hist\u00f3ria\u201d, afirma.<\/p>\n\n\n\n<p><\/p>\n\n\n\n<figure class=\"wp-block-image aligncenter size-large is-resized\"><img src=\"https:\/\/vimagazine.com.br\/wp-content\/uploads\/2025\/12\/29d41789-2b2d-4044-9d7c-c4c8757d43a6-1024x576.jpg\" alt=\"\" class=\"wp-image-21311\" width=\"768\" height=\"432\" srcset=\"https:\/\/vimagazine.com.br\/wp-content\/uploads\/2025\/12\/29d41789-2b2d-4044-9d7c-c4c8757d43a6-1024x576.jpg 1024w, https:\/\/vimagazine.com.br\/wp-content\/uploads\/2025\/12\/29d41789-2b2d-4044-9d7c-c4c8757d43a6-300x169.jpg 300w, https:\/\/vimagazine.com.br\/wp-content\/uploads\/2025\/12\/29d41789-2b2d-4044-9d7c-c4c8757d43a6-768x432.jpg 768w, https:\/\/vimagazine.com.br\/wp-content\/uploads\/2025\/12\/29d41789-2b2d-4044-9d7c-c4c8757d43a6-1536x864.jpg 1536w, https:\/\/vimagazine.com.br\/wp-content\/uploads\/2025\/12\/29d41789-2b2d-4044-9d7c-c4c8757d43a6.jpg 1600w\" sizes=\"(max-width: 768px) 100vw, 768px\" \/><\/figure>\n\n\n\n<p><\/p>\n\n\n\n<p><\/p>\n\n\n\n<p><strong>Arquitetura moderna e obra sustent\u00e1vel<\/strong><\/p>\n\n\n\n<p>O projeto adotou solu\u00e7\u00f5es arquitet\u00f4nicas que ampliam ilumina\u00e7\u00e3o, conforto e efici\u00eancia, com fachadas de vidro e transpar\u00eancias planejadas a partir de estudos de incid\u00eancia solar. A constru\u00e7\u00e3o utilizou concreto pr\u00e9-fabricado e sistemas industrializados, reduzindo o tempo de execu\u00e7\u00e3o, o tr\u00e1fego de ve\u00edculos pesados, a emiss\u00e3o de carbono e os ru\u00eddos no entorno. Os equipamentos s\u00e3o de \u00faltima gera\u00e7\u00e3o, com gases refrigerantes que n\u00e3o agridem o meio ambiente e sistemas de ventila\u00e7\u00e3o e veda\u00e7\u00e3o capazes de reduzir o impacto sonoro, refor\u00e7ando o cuidado ambiental e urbano do empreendimento.<\/p>\n\n\n\n<p>Logo na entrada da loja, o cliente \u00e9 recebido por um circuito de LED diferenciado, que introduz a atmosfera moderna da loja e acompanha o percurso pelos principais setores. A perfumaria ganha destaque com mobili\u00e1rio inovador para lan\u00e7amentos e novidades das marcas, refor\u00e7ado por colunas iluminadas que valorizam os produtos e oferecem impacto visual j\u00e1 na chegada. Essa linguagem de ilumina\u00e7\u00e3o se repete em outros pontos estrat\u00e9gicos, integrando ambientes e tornando o percurso mais din\u00e2mico e intuitivo.<\/p>\n\n\n\n<p>O Setor Casa \u00e9 um dos destaques da nova unidade. Com um mix ampliado e diferenciado de bazar, utilidades, decora\u00e7\u00e3o, itens t\u00eaxteis e lou\u00e7as, o espa\u00e7o foi planejado para oferecer variedade, funcionalidade e acolhimento. Organizado por categorias e com ambienta\u00e7\u00e3o que remete ao conforto do lar, o setor refor\u00e7a a voca\u00e7\u00e3o da loja como um espa\u00e7o completo, preparado para atender desde necessidades b\u00e1sicas at\u00e9 solu\u00e7\u00f5es de ambienta\u00e7\u00e3o e organiza\u00e7\u00e3o dom\u00e9stica.<\/p>\n\n\n\n<p>O setor Mundo Saud\u00e1vel re\u00fane um amplo mix de produtos voltados \u00e0 saudabilidade, incluindo op\u00e7\u00f5es para diferentes estilos de vida e necessidades alimentares, como itens sem gl\u00faten, sem lactose, integrais, veganos e ricos em nutrientes. Um dos grandes diferenciais do setor \u00e9 a organiza\u00e7\u00e3o dos refrigerados e congelados de saudabilidade reunidos no mesmo espa\u00e7o, o que facilita a busca e oferece uma experi\u00eancia de compra mais intuitiva e completa. A proposta \u00e9 reunir, em um \u00fanico corredor, solu\u00e7\u00f5es pr\u00e1ticas e acess\u00edveis para quem busca alimenta\u00e7\u00e3o equilibrada, funcional ou adequada a restri\u00e7\u00f5es espec\u00edficas.<\/p>\n\n\n\n<p>O hortifruti, localizado no centro da loja, foi concebido como um ambiente sensorial. A ilumina\u00e7\u00e3o foi desenhada para reproduzir a luz natural do dia, valorizando cores, texturas e o frescor dos produtos. As grandes lumin\u00e1rias pendentes ampliam a percep\u00e7\u00e3o de espa\u00e7o e criam uma ambienta\u00e7\u00e3o acolhedora.<\/p>\n\n\n\n<p>O Mundo de Bebidas re\u00fane alco\u00f3licos e n\u00e3o alco\u00f3licos organizados por categorias e pa\u00edses de origem. Entre elas, r\u00f3tulos especiais de vinhos, al\u00e9m de op\u00e7\u00f5es em temperatura ideal para consumo imediato, ampliando ainda mais a conveni\u00eancia do setor.<\/p>\n\n\n\n<p>A padaria, confeitaria e rotisseria contam com ambienta\u00e7\u00f5es pr\u00f3prias e atendimento inspirado nas tradicionais padarias de bairro. O supermercado tamb\u00e9m oferece a\u00e7ougue com variedade de carnes e cortes especiais do Entreposto Condor, que segue rigoroso padr\u00e3o de qualidade e utiliza tecnologia de ponta.<\/p>\n\n\n\n<p><\/p>\n\n\n\n<figure class=\"wp-block-image aligncenter size-large is-resized\"><img src=\"https:\/\/vimagazine.com.br\/wp-content\/uploads\/2025\/12\/IMG-0313-1-1024x768.jpg\" alt=\"\" class=\"wp-image-21314\" width=\"768\" height=\"576\" srcset=\"https:\/\/vimagazine.com.br\/wp-content\/uploads\/2025\/12\/IMG-0313-1-1024x768.jpg 1024w, https:\/\/vimagazine.com.br\/wp-content\/uploads\/2025\/12\/IMG-0313-1-300x225.jpg 300w, https:\/\/vimagazine.com.br\/wp-content\/uploads\/2025\/12\/IMG-0313-1-768x576.jpg 768w, https:\/\/vimagazine.com.br\/wp-content\/uploads\/2025\/12\/IMG-0313-1-1536x1152.jpg 1536w, https:\/\/vimagazine.com.br\/wp-content\/uploads\/2025\/12\/IMG-0313-1.jpg 1920w\" sizes=\"(max-width: 768px) 100vw, 768px\" \/><\/figure>\n\n\n\n<p><\/p>\n\n\n\n<p><\/p>\n\n\n\n<p><\/p>\n\n\n\n<p><strong>Complexo comercial Merc\u00eas: servi\u00e7os, alimenta\u00e7\u00e3o e conveni\u00eancia em um s\u00f3 lugar<\/strong><\/p>\n\n\n\n<p>O novo complexo comercial re\u00fane 29 pontos comerciais que complementam a experi\u00eancia de compras, consolidando a unidade como um ponto de conveni\u00eancia e servi\u00e7os. Entre as lojas confirmadas est\u00e3o:<\/p>\n\n\n\n<p>Restaurantes: Mundial Food (oriental), Brasa Grill (brasileiro) e Recanto Mineiro<br>Cafeteria: Padokita<br>Chocolates: Cacau Show<br>Cosm\u00e9ticos: Natura<br>Vestu\u00e1rio: Lupo e Tuttipele<br>Produtos naturais: Fitland<br>Beleza: Blessed (sal\u00e3o e barbearia)<br>Servi\u00e7os: lavanderia Ah!, chaveiro Espa\u00e7o da Chave, loteria, acess\u00f3rios de celular, presentes e espa\u00e7o de entretenimento<\/p>\n\n\n\n<p><\/p>\n\n\n\n<figure class=\"wp-container-2 wp-block-gallery-1 wp-block-gallery aligncenter has-nested-images columns-default is-cropped\">\n<figure class=\"wp-block-image size-large\"><img width=\"1920\" height=\"1440\" data-id=\"21312\"  src=\"https:\/\/vimagazine.com.br\/wp-content\/uploads\/2025\/12\/IMG-0309.jpg\" alt=\"\" class=\"wp-image-21312\" srcset=\"https:\/\/vimagazine.com.br\/wp-content\/uploads\/2025\/12\/IMG-0309.jpg 1920w, https:\/\/vimagazine.com.br\/wp-content\/uploads\/2025\/12\/IMG-0309-300x225.jpg 300w, https:\/\/vimagazine.com.br\/wp-content\/uploads\/2025\/12\/IMG-0309-1024x768.jpg 1024w, https:\/\/vimagazine.com.br\/wp-content\/uploads\/2025\/12\/IMG-0309-768x576.jpg 768w, https:\/\/vimagazine.com.br\/wp-content\/uploads\/2025\/12\/IMG-0309-1536x1152.jpg 1536w\" sizes=\"(max-width: 1920px) 100vw, 1920px\" \/><\/figure>\n<\/figure>\n\n\n\n<p><\/p>\n\n\n\n<p><\/p>\n\n\n\n<p><strong>Sobre o Condor<\/strong><\/p>\n\n\n\n<p>A hist\u00f3ria do Condor come\u00e7ou em 13 de mar\u00e7o de 1974, quando o jovem empreendedor, Pedro Joanir Zonta, ainda com 22 anos, adquiriu um mercado de 110m\u00b2 no bairro Pinheirinho, em Curitiba. Com apenas cinco funcion\u00e1rios, ele lan\u00e7ou as bases de um grande grupo empresarial.<\/p>\n\n\n\n<p>O Condor Merc\u00eas \u00e9 a 108\u00aa unidade do Grupo Zonta, que, al\u00e9m das opera\u00e7\u00f5es do Condor, atua em segmentos como atacarejos, atacados, postos de combust\u00edveis, ind\u00fastrias, shopping centers, imobili\u00e1ria, log\u00edstica, setor publicit\u00e1rio, processamento de carnes e frios, seguradora e banco \u2014 atingindo 24 cidades e dois estados. Com cerca de 14 mil colaboradores, o grupo atende mais de 60 milh\u00f5es de clientes por ano.<\/p>\n\n\n\n<p>Servi\u00e7o<\/p>\n\n\n\n<p>O Condor est\u00e1 localizado na Avenida Manoel Ribas, 404, no bairro Merc\u00eas, em Curitiba \u2013 PR.<br>O hor\u00e1rio de funcionamento \u00e9 de segunda a s\u00e1bado, das 7h \u00e0s 22h, e nos domingos e feriados, das 8h \u00e0s 21h.<\/p>\n","protected":false},"excerpt":{"rendered":"<p>O bairro Merc\u00eas, de Curitiba, ganha nesta sexta-feira (12), \u00e0s 8h, um dos maiores investimentos&#8230;<\/p>\n","protected":false},"author":1,"featured_media":21315,"comment_status":"closed","ping_status":"open","sticky":false,"template":"","format":"standard","meta":{"om_disable_all_campaigns":false,"_monsterinsights_skip_tracking":false,"_monsterinsights_sitenote_active":false,"_monsterinsights_sitenote_note":"","_monsterinsights_sitenote_category":0,"spay_email":""},"categories":[27],"tags":[],"jetpack_featured_media_url":"https:\/\/vimagazine.com.br\/wp-content\/uploads\/2025\/12\/IMG-0317.jpg","_links":{"self":[{"href":"https:\/\/vimagazine.com.br\/index.php?rest_route=\/wp\/v2\/posts\/21310"}],"collection":[{"href":"https:\/\/vimagazine.com.br\/index.php?rest_route=\/wp\/v2\/posts"}],"about":[{"href":"https:\/\/vimagazine.com.br\/index.php?rest_route=\/wp\/v2\/types\/post"}],"author":[{"embeddable":true,"href":"https:\/\/vimagazine.com.br\/index.php?rest_route=\/wp\/v2\/users\/1"}],"replies":[{"embeddable":true,"href":"https:\/\/vimagazine.com.br\/index.php?rest_route=%2Fwp%2Fv2%2Fcomments&post=21310"}],"version-history":[{"count":1,"href":"https:\/\/vimagazine.com.br\/index.php?rest_route=\/wp\/v2\/posts\/21310\/revisions"}],"predecessor-version":[{"id":21316,"href":"https:\/\/vimagazine.com.br\/index.php?rest_route=\/wp\/v2\/posts\/21310\/revisions\/21316"}],"wp:featuredmedia":[{"embeddable":true,"href":"https:\/\/vimagazine.com.br\/index.php?rest_route=\/wp\/v2\/media\/21315"}],"wp:attachment":[{"href":"https:\/\/vimagazine.com.br\/index.php?rest_route=%2Fwp%2Fv2%2Fmedia&parent=21310"}],"wp:term":[{"taxonomy":"category","embeddable":true,"href":"https:\/\/vimagazine.com.br\/index.php?rest_route=%2Fwp%2Fv2%2Fcategories&post=21310"},{"taxonomy":"post_tag","embeddable":true,"href":"https:\/\/vimagazine.com.br\/index.php?rest_route=%2Fwp%2Fv2%2Ftags&post=21310"}],"curies":[{"name":"wp","href":"https:\/\/api.w.org\/{rel}","templated":true}]}}