{"id":21324,"date":"2025-12-12T19:43:26","date_gmt":"2025-12-12T22:43:26","guid":{"rendered":"https:\/\/vimagazine.com.br\/?p=21324"},"modified":"2025-12-15T10:02:44","modified_gmt":"2025-12-15T13:02:44","slug":"atriz-fernanda-arraes-participa-de-red-carpet-em-los-angeles-e-celebrar-a-10a-temporada-de-the-bay","status":"publish","type":"post","link":"https:\/\/vimagazine.com.br\/?p=21324","title":{"rendered":"Atriz Fernanda Arraes participa de Red Carpet em Los Angeles e celebrar a 10\u00aa temporada de The Bay"},"content":{"rendered":"\n<p>Na \u00faltima sexta-feira (data da semana passada), a atriz brasileira Fernanda Arraes, integrante do elenco da premiada s\u00e9rie norte-americana The Bay, marcou presen\u00e7a no exclusivo cocktail party e screening que celebrou a chegada da 10\u00aa temporada da produ\u00e7\u00e3o. O evento aconteceu nos Estados Unidos, no est\u00fadio da LANY Entertainment, considerado um dos maiores e mais estruturados complexos independentes da costa oeste.<\/p>\n\n\n\n<p>Reunindo grande volume de imprensa, convidados da ind\u00fastria e todo o elenco, o encontro exibiu em tela de cinema os epis\u00f3dios in\u00e9ditos da nova temporada \u2014 que ser\u00e1 lan\u00e7ada oficialmente nesta semana no Amazon Prime Video e em outra plataforma de streaming internacional.<\/p>\n\n\n\n<p>Criada e dirigida por Gregori J. Martin, vencedor de 2 pr\u00eamios Emmy\u00ae como diretor e 5 pr\u00eamios Emmy\u00ae como produtor, The Bay j\u00e1 acumula 23 estatuetas do Emmy\u00ae e 64 indica\u00e7\u00f5es, tornando-se uma das s\u00e9ries dram\u00e1ticas multic\u00e2mera mais premiadas do g\u00eanero. A produ\u00e7\u00e3o \u00e9 distribu\u00edda globalmente e pode ser vista em plataformas como Tubi, Peacock, Amazon Prime, Popstar! TV e TenPlay Australia.<\/p>\n\n\n\n<p>Fernanda Arraes celebra sua participa\u00e7\u00e3o na nova fase da s\u00e9rie, refor\u00e7ando a presen\u00e7a brasileira em produ\u00e7\u00f5es internacionais de destaque. A atriz integra o elenco que acompanha a condu\u00e7\u00e3o criativa de Martin, tamb\u00e9m indicado cinco vezes ao Emmy\u00ae como roteirista e fundador da LANY Entertainment.<\/p>\n\n\n\n<p>Com um evento que movimentou a m\u00eddia norte-americana e marcou o encerramento da produ\u00e7\u00e3o da 10\u00aa temporada, The Bay promete mais uma fase intensa e repleta de reviravoltas \u2014 agora com o talento brasileiro de Fernanda Arraes em evid\u00eancia.<\/p>\n","protected":false},"excerpt":{"rendered":"<p>Na \u00faltima sexta-feira (data da semana passada), a atriz brasileira Fernanda Arraes, integrante do elenco&#8230;<\/p>\n","protected":false},"author":18,"featured_media":21338,"comment_status":"closed","ping_status":"open","sticky":false,"template":"","format":"standard","meta":{"om_disable_all_campaigns":false,"_monsterinsights_skip_tracking":false,"_monsterinsights_sitenote_active":false,"_monsterinsights_sitenote_note":"","_monsterinsights_sitenote_category":0,"spay_email":""},"categories":[26],"tags":[],"jetpack_featured_media_url":"https:\/\/vimagazine.com.br\/wp-content\/uploads\/2025\/12\/CAPA.jpg","_links":{"self":[{"href":"https:\/\/vimagazine.com.br\/index.php?rest_route=\/wp\/v2\/posts\/21324"}],"collection":[{"href":"https:\/\/vimagazine.com.br\/index.php?rest_route=\/wp\/v2\/posts"}],"about":[{"href":"https:\/\/vimagazine.com.br\/index.php?rest_route=\/wp\/v2\/types\/post"}],"author":[{"embeddable":true,"href":"https:\/\/vimagazine.com.br\/index.php?rest_route=\/wp\/v2\/users\/18"}],"replies":[{"embeddable":true,"href":"https:\/\/vimagazine.com.br\/index.php?rest_route=%2Fwp%2Fv2%2Fcomments&post=21324"}],"version-history":[{"count":1,"href":"https:\/\/vimagazine.com.br\/index.php?rest_route=\/wp\/v2\/posts\/21324\/revisions"}],"predecessor-version":[{"id":21325,"href":"https:\/\/vimagazine.com.br\/index.php?rest_route=\/wp\/v2\/posts\/21324\/revisions\/21325"}],"wp:featuredmedia":[{"embeddable":true,"href":"https:\/\/vimagazine.com.br\/index.php?rest_route=\/wp\/v2\/media\/21338"}],"wp:attachment":[{"href":"https:\/\/vimagazine.com.br\/index.php?rest_route=%2Fwp%2Fv2%2Fmedia&parent=21324"}],"wp:term":[{"taxonomy":"category","embeddable":true,"href":"https:\/\/vimagazine.com.br\/index.php?rest_route=%2Fwp%2Fv2%2Fcategories&post=21324"},{"taxonomy":"post_tag","embeddable":true,"href":"https:\/\/vimagazine.com.br\/index.php?rest_route=%2Fwp%2Fv2%2Ftags&post=21324"}],"curies":[{"name":"wp","href":"https:\/\/api.w.org\/{rel}","templated":true}]}}