{"id":21326,"date":"2025-12-15T09:46:55","date_gmt":"2025-12-15T12:46:55","guid":{"rendered":"https:\/\/vimagazine.com.br\/?p=21326"},"modified":"2025-12-15T09:53:06","modified_gmt":"2025-12-15T12:53:06","slug":"obra-idealizada-por-thiago-de-moraes-e-coautoras-celebra-a-forca-da-voz-feminina-na-literatura-contemporanea","status":"publish","type":"post","link":"https:\/\/vimagazine.com.br\/?p=21326","title":{"rendered":"Obra idealizada por Thiago de Moraes e coautoras celebra a for\u00e7a da voz feminina na literatura contempor\u00e2nea"},"content":{"rendered":"\n<p><br><\/p>\n\n\n\n<p>A Funda\u00e7\u00e3o Assistencial Justi\u00e7a Solid\u00e1ria, o jurista e escritor Thiago de Moraes e as coautoras celebraram, na noite do lan\u00e7amento do livro <em>A Primavera das Mulheres<\/em>, um evento marcado por grande p\u00fablico e forte repercuss\u00e3o. A Livraria da Vila \u2013 Morumbi ficou lotada com a participa\u00e7\u00e3o das coautoras e convidados, amigos e familiares, em um encontro que exaltou a literatura, o protagonismo feminino e o engajamento social.<\/p>\n\n\n\n<p><\/p>\n\n\n\n<figure class=\"wp-block-image aligncenter size-full is-resized\"><img src=\"https:\/\/vimagazine.com.br\/wp-content\/uploads\/2025\/12\/JDG_5493.jpg\" alt=\"\" class=\"wp-image-21327\" width=\"675\" height=\"450\" srcset=\"https:\/\/vimagazine.com.br\/wp-content\/uploads\/2025\/12\/JDG_5493.jpg 900w, https:\/\/vimagazine.com.br\/wp-content\/uploads\/2025\/12\/JDG_5493-300x200.jpg 300w, https:\/\/vimagazine.com.br\/wp-content\/uploads\/2025\/12\/JDG_5493-768x512.jpg 768w\" sizes=\"(max-width: 675px) 100vw, 675px\" \/><figcaption>Thiago de Moraes &#8211; Idealizador da obra A Primavera das Mulheres<\/figcaption><\/figure>\n\n\n\n<p><\/p>\n\n\n\n<p>Organizada e com curadoria de Thiago de Moraes \u2014 presidente da Funda\u00e7\u00e3o Assistencial Justi\u00e7a Solid\u00e1ria e reitor do Instituto de Ensino Superior para Sociologia e Pol\u00edtica \u2014 a obra re\u00fane um expressivo coletivo de mulheres escritoras. O evento foi permeado por emo\u00e7\u00e3o, representatividade e di\u00e1logo, refor\u00e7ando a relev\u00e2ncia da voz feminina na literatura contempor\u00e2nea e a necessidade de espa\u00e7os que promovam reflex\u00e3o, escuta ativa e transforma\u00e7\u00e3o social.<\/p>\n\n\n\n<p>Realizada em parceria com a Funda\u00e7\u00e3o Assistencial Justi\u00e7a Solid\u00e1ria, a colet\u00e2nea apresenta cr\u00f4nicas liter\u00e1rias que abordam temas sens\u00edveis e profundos do universo feminino. Com uma escrita densa e sens\u00edvel, Thiago de Moraes atua como observador atento, caminhando ao lado das coautoras e ampliando, por meio de sua narrativa, as reflex\u00f5es propostas em cada texto.<\/p>\n\n\n\n<p><em>A Primavera das Mulheres<\/em> conta com pref\u00e1cio da professora doutora Eliana Passarelli, refer\u00eancia nacional na prote\u00e7\u00e3o e defesa dos direitos das mulheres, e com a participa\u00e7\u00e3o especial da madrinha de honra Claudia M\u00e9tne, influenciadora e personalidade reconhecida por seu engajamento social e cultural.<\/p>\n\n\n\n<p><\/p>\n\n\n\n<p class=\"has-medium-font-size\"><strong>Coautoras participantes<\/strong><br>Ana Bittar, Andrea Diniz, Anelise Taleb, Claudia M\u00e9tne, Erika Coimbra, Gisele Maeda Loricchio, Luciane Sippert, Luh Moura, Lurdes Dresch, Maria Emilia Genovesi, Mona Samara, Monica Azambuja, Patricia Nakahodo, Priscila Paula da Silva Falkowski Montagna, Rosilene Bejarano, Sabrinna Zanini, Suzy Ayres e Ta\u00eds Lima.<\/p>\n\n\n\n<p><\/p>\n\n\n\n<figure class=\"wp-block-image aligncenter size-full is-resized\"><img src=\"https:\/\/vimagazine.com.br\/wp-content\/uploads\/2025\/12\/JDG_5716-1.jpg\" alt=\"\" class=\"wp-image-21329\" width=\"675\" height=\"450\" srcset=\"https:\/\/vimagazine.com.br\/wp-content\/uploads\/2025\/12\/JDG_5716-1.jpg 900w, https:\/\/vimagazine.com.br\/wp-content\/uploads\/2025\/12\/JDG_5716-1-300x200.jpg 300w, https:\/\/vimagazine.com.br\/wp-content\/uploads\/2025\/12\/JDG_5716-1-768x512.jpg 768w\" sizes=\"(max-width: 675px) 100vw, 675px\" \/><\/figure>\n\n\n\n<p><\/p>\n\n\n\n<p><\/p>\n\n\n\n<p class=\"has-medium-font-size\"><strong>Sobre o livro<\/strong><br>Publicado pela Editora Justi\u00e7a Solid\u00e1ria, <em>A Primavera das Mulheres<\/em> prop\u00f5e uma reflex\u00e3o contempor\u00e2nea sobre o feminino em suas m\u00faltiplas dimens\u00f5es, apresentando a mulher como for\u00e7a criadora, consci\u00eancia social e protagonista na constru\u00e7\u00e3o de uma sociedade mais \u00e9tica, plural e igualit\u00e1ria.<\/p>\n\n\n\n<p><br><\/p>\n\n\n\n<p><\/p>\n\n\n\n<figure class=\"wp-container-2 wp-block-gallery-1 wp-block-gallery has-nested-images columns-2 is-cropped\">\n<figure class=\"wp-block-image size-large\"><img width=\"900\" height=\"600\" data-id=\"21330\"  src=\"https:\/\/vimagazine.com.br\/wp-content\/uploads\/2025\/12\/JDG_5658.jpg\" alt=\"\" class=\"wp-image-21330\" srcset=\"https:\/\/vimagazine.com.br\/wp-content\/uploads\/2025\/12\/JDG_5658.jpg 900w, https:\/\/vimagazine.com.br\/wp-content\/uploads\/2025\/12\/JDG_5658-300x200.jpg 300w, https:\/\/vimagazine.com.br\/wp-content\/uploads\/2025\/12\/JDG_5658-768x512.jpg 768w\" sizes=\"(max-width: 900px) 100vw, 900px\" \/><\/figure>\n\n\n\n<figure class=\"wp-block-image size-large\"><img width=\"900\" height=\"600\" data-id=\"21331\"  src=\"https:\/\/vimagazine.com.br\/wp-content\/uploads\/2025\/12\/JDG_5604.jpg\" alt=\"\" class=\"wp-image-21331\" srcset=\"https:\/\/vimagazine.com.br\/wp-content\/uploads\/2025\/12\/JDG_5604.jpg 900w, https:\/\/vimagazine.com.br\/wp-content\/uploads\/2025\/12\/JDG_5604-300x200.jpg 300w, https:\/\/vimagazine.com.br\/wp-content\/uploads\/2025\/12\/JDG_5604-768x512.jpg 768w\" sizes=\"(max-width: 900px) 100vw, 900px\" \/><\/figure>\n\n\n\n<figure class=\"wp-block-image size-large\"><img width=\"900\" height=\"1350\" data-id=\"21332\"  src=\"https:\/\/vimagazine.com.br\/wp-content\/uploads\/2025\/12\/JDG_5553.jpg\" alt=\"\" class=\"wp-image-21332\" srcset=\"https:\/\/vimagazine.com.br\/wp-content\/uploads\/2025\/12\/JDG_5553.jpg 900w, https:\/\/vimagazine.com.br\/wp-content\/uploads\/2025\/12\/JDG_5553-200x300.jpg 200w, https:\/\/vimagazine.com.br\/wp-content\/uploads\/2025\/12\/JDG_5553-683x1024.jpg 683w, https:\/\/vimagazine.com.br\/wp-content\/uploads\/2025\/12\/JDG_5553-768x1152.jpg 768w\" sizes=\"(max-width: 900px) 100vw, 900px\" \/><\/figure>\n<\/figure>\n\n\n\n<p><\/p>\n\n\n\n<p><\/p>\n\n\n\n<p><\/p>\n\n\n\n<p><\/p>\n","protected":false},"excerpt":{"rendered":"<p>A Funda\u00e7\u00e3o Assistencial Justi\u00e7a Solid\u00e1ria, o jurista e escritor Thiago de Moraes e as coautoras&#8230;<\/p>\n","protected":false},"author":1,"featured_media":21336,"comment_status":"closed","ping_status":"open","sticky":false,"template":"","format":"standard","meta":{"om_disable_all_campaigns":false,"_monsterinsights_skip_tracking":false,"_monsterinsights_sitenote_active":false,"_monsterinsights_sitenote_note":"","_monsterinsights_sitenote_category":0,"spay_email":""},"categories":[26],"tags":[],"jetpack_featured_media_url":"https:\/\/vimagazine.com.br\/wp-content\/uploads\/2025\/12\/JDG_5501-1.jpg","_links":{"self":[{"href":"https:\/\/vimagazine.com.br\/index.php?rest_route=\/wp\/v2\/posts\/21326"}],"collection":[{"href":"https:\/\/vimagazine.com.br\/index.php?rest_route=\/wp\/v2\/posts"}],"about":[{"href":"https:\/\/vimagazine.com.br\/index.php?rest_route=\/wp\/v2\/types\/post"}],"author":[{"embeddable":true,"href":"https:\/\/vimagazine.com.br\/index.php?rest_route=\/wp\/v2\/users\/1"}],"replies":[{"embeddable":true,"href":"https:\/\/vimagazine.com.br\/index.php?rest_route=%2Fwp%2Fv2%2Fcomments&post=21326"}],"version-history":[{"count":1,"href":"https:\/\/vimagazine.com.br\/index.php?rest_route=\/wp\/v2\/posts\/21326\/revisions"}],"predecessor-version":[{"id":21334,"href":"https:\/\/vimagazine.com.br\/index.php?rest_route=\/wp\/v2\/posts\/21326\/revisions\/21334"}],"wp:featuredmedia":[{"embeddable":true,"href":"https:\/\/vimagazine.com.br\/index.php?rest_route=\/wp\/v2\/media\/21336"}],"wp:attachment":[{"href":"https:\/\/vimagazine.com.br\/index.php?rest_route=%2Fwp%2Fv2%2Fmedia&parent=21326"}],"wp:term":[{"taxonomy":"category","embeddable":true,"href":"https:\/\/vimagazine.com.br\/index.php?rest_route=%2Fwp%2Fv2%2Fcategories&post=21326"},{"taxonomy":"post_tag","embeddable":true,"href":"https:\/\/vimagazine.com.br\/index.php?rest_route=%2Fwp%2Fv2%2Ftags&post=21326"}],"curies":[{"name":"wp","href":"https:\/\/api.w.org\/{rel}","templated":true}]}}