{"id":2133,"date":"2021-12-29T10:10:58","date_gmt":"2021-12-29T13:10:58","guid":{"rendered":"https:\/\/vimagazine.com.br\/?p=2133"},"modified":"2021-12-29T10:11:01","modified_gmt":"2021-12-29T13:11:01","slug":"elisabete-da-cunha-lanca-programa-mulheres-vips-com-cenario-especial","status":"publish","type":"post","link":"https:\/\/vimagazine.com.br\/?p=2133","title":{"rendered":"Elisabete da Cunha lan\u00e7a Programa &#8220;Mulheres Vips&#8221; com cen\u00e1rio especial"},"content":{"rendered":"\n<p>A empres\u00e1ria&nbsp;Elisabete da Cunha realiza o primeiro Programa de TV Mulheres Vips neste&nbsp;Natal com um cen\u00e1rio especial onde ela apresenta o seu projeto aproveitando as festas e o clima natalino para dar boas-vindas ao p\u00fablico.&nbsp;&nbsp;<\/p>\n\n\n\n<p><br>Elisabete est\u00e1 trazendo e novidade de sua carreira com o sonho que ela acalenta a cinco anos e que agora est\u00e1 se tornando realidade.&nbsp;<\/p>\n\n\n\n<p>&nbsp;<br>A vontade de criar um projeto voltado para o universo feminino surgiu h\u00e1 5 anos atr\u00e1s quando criou o nome do programa de TV Mulheres VIPS.&nbsp;<\/p>\n\n\n\n<p><br>O programa traz quadros de entretenimento como desfiles, esoterismo, beleza, est\u00e9tica, cirurgia pl\u00e1stica, gin\u00e1stica e dan\u00e7as, com quadro de fofocas com artistas nacionais e internacionais e um tour por eventos e festas e claro<br>a entrevista vip com um convidado especial.&nbsp;<\/p>\n\n\n\n<p>A apresentadora diz que esse projeto a realiza como pessoa e mulher, e que o objetivo \u00e9 levar alegrias e novidades atrav\u00e9s da iniciativa para que as telespectadoras se sintam convidadas a assistir um programa que aborda tudo ou quase tudo sobre o universo feminino.&nbsp;<\/p>\n\n\n\n<p><strong><em>Maria Emilia Genovesi<\/em><\/strong><\/p>\n\n\n\n<p><strong><em>Assessoria de Imprensa\/ Produtora Cultural<\/em><\/strong><\/p>\n\n\n\n<p><strong><em>@mariaemiliagenovesi<\/em><\/strong><\/p>\n\n\n\n<p><strong><em>@megenovesi<\/em><\/strong><\/p>\n\n\n\n<p><strong><em>Meg Apoio Empresarial e Eventos Ltda\u00a0<\/em><\/strong><\/p>\n\n\n\n<figure class=\"wp-block-image size-full\"><img width=\"785\" height=\"523\" src=\"https:\/\/vimagazine.com.br\/wp-content\/uploads\/2021\/12\/NATAL-2021-10.jpg\" alt=\"\" class=\"wp-image-2135\" srcset=\"https:\/\/vimagazine.com.br\/wp-content\/uploads\/2021\/12\/NATAL-2021-10.jpg 785w, https:\/\/vimagazine.com.br\/wp-content\/uploads\/2021\/12\/NATAL-2021-10-300x200.jpg 300w, https:\/\/vimagazine.com.br\/wp-content\/uploads\/2021\/12\/NATAL-2021-10-768x512.jpg 768w\" sizes=\"(max-width: 785px) 100vw, 785px\" \/><\/figure>\n\n\n\n<figure class=\"wp-block-image size-large\"><img width=\"683\" height=\"1024\" src=\"https:\/\/vimagazine.com.br\/wp-content\/uploads\/2021\/12\/NATAL-2021-1-683x1024.jpg\" alt=\"\" class=\"wp-image-2136\" srcset=\"https:\/\/vimagazine.com.br\/wp-content\/uploads\/2021\/12\/NATAL-2021-1-683x1024.jpg 683w, https:\/\/vimagazine.com.br\/wp-content\/uploads\/2021\/12\/NATAL-2021-1-200x300.jpg 200w, https:\/\/vimagazine.com.br\/wp-content\/uploads\/2021\/12\/NATAL-2021-1-768x1152.jpg 768w, https:\/\/vimagazine.com.br\/wp-content\/uploads\/2021\/12\/NATAL-2021-1.jpg 956w\" sizes=\"(max-width: 683px) 100vw, 683px\" \/><\/figure>\n","protected":false},"excerpt":{"rendered":"<p>A empres\u00e1ria&nbsp;Elisabete da Cunha realiza o primeiro Programa de TV Mulheres Vips neste&nbsp;Natal com um&#8230;<\/p>\n","protected":false},"author":3,"featured_media":2134,"comment_status":"closed","ping_status":"open","sticky":false,"template":"","format":"standard","meta":{"om_disable_all_campaigns":false,"_monsterinsights_skip_tracking":false,"_monsterinsights_sitenote_active":false,"_monsterinsights_sitenote_note":"","_monsterinsights_sitenote_category":0,"spay_email":""},"categories":[1],"tags":[],"jetpack_featured_media_url":"https:\/\/vimagazine.com.br\/wp-content\/uploads\/2021\/12\/NATAL-2021-5.jpg","_links":{"self":[{"href":"https:\/\/vimagazine.com.br\/index.php?rest_route=\/wp\/v2\/posts\/2133"}],"collection":[{"href":"https:\/\/vimagazine.com.br\/index.php?rest_route=\/wp\/v2\/posts"}],"about":[{"href":"https:\/\/vimagazine.com.br\/index.php?rest_route=\/wp\/v2\/types\/post"}],"author":[{"embeddable":true,"href":"https:\/\/vimagazine.com.br\/index.php?rest_route=\/wp\/v2\/users\/3"}],"replies":[{"embeddable":true,"href":"https:\/\/vimagazine.com.br\/index.php?rest_route=%2Fwp%2Fv2%2Fcomments&post=2133"}],"version-history":[{"count":1,"href":"https:\/\/vimagazine.com.br\/index.php?rest_route=\/wp\/v2\/posts\/2133\/revisions"}],"predecessor-version":[{"id":2137,"href":"https:\/\/vimagazine.com.br\/index.php?rest_route=\/wp\/v2\/posts\/2133\/revisions\/2137"}],"wp:featuredmedia":[{"embeddable":true,"href":"https:\/\/vimagazine.com.br\/index.php?rest_route=\/wp\/v2\/media\/2134"}],"wp:attachment":[{"href":"https:\/\/vimagazine.com.br\/index.php?rest_route=%2Fwp%2Fv2%2Fmedia&parent=2133"}],"wp:term":[{"taxonomy":"category","embeddable":true,"href":"https:\/\/vimagazine.com.br\/index.php?rest_route=%2Fwp%2Fv2%2Fcategories&post=2133"},{"taxonomy":"post_tag","embeddable":true,"href":"https:\/\/vimagazine.com.br\/index.php?rest_route=%2Fwp%2Fv2%2Ftags&post=2133"}],"curies":[{"name":"wp","href":"https:\/\/api.w.org\/{rel}","templated":true}]}}