{"id":21339,"date":"2025-12-15T12:11:45","date_gmt":"2025-12-15T15:11:45","guid":{"rendered":"https:\/\/vimagazine.com.br\/?p=21339"},"modified":"2025-12-15T12:11:50","modified_gmt":"2025-12-15T15:11:50","slug":"edicao-especial-de-fim-de-ano-do-pod-do-brilha-recebe-katinguele","status":"publish","type":"post","link":"https:\/\/vimagazine.com.br\/?p=21339","title":{"rendered":"<strong>Edi\u00e7\u00e3o especial de fim de ano do Pod do Brilha recebe Katinguel\u00ea<\/strong><strong><\/strong>"},"content":{"rendered":"\n<p>Encerrando 2025 com chave de ouro, o\u00a0<strong>Pod do Brilha<\/strong>\u00a0apresenta uma\u00a0<strong>edi\u00e7\u00e3o especial de fim de ano\u00a0<\/strong>que promete emocionar f\u00e3s de m\u00fasica e admiradores do samba nacional. <\/p>\n\n\n\n<p>O epis\u00f3dio recebe o grupo\u00a0<strong>Katinguel\u00ea<\/strong>, um dos nomes mais emblem\u00e1ticos do pagode dos anos 90, que marcou gera\u00e7\u00f5es com sucessos inesquec\u00edveis e segue conquistando novos p\u00fablicos.<\/p>\n\n\n\n<p>A edi\u00e7\u00e3o se torna ainda mais significativa porque o m\u00fasico\u00a0<strong>Brilhantina<\/strong>, apresentador do Podcast, vive um momento marcante em sua carreira como integrante do\u00a0<strong>EXALTA<\/strong>. <\/p>\n\n\n\n<p>O grupo acaba de lan\u00e7ar o single\u00a0<strong>\u201cDona do Prazer\u201d<\/strong>, que vem ganhando forte repercuss\u00e3o e consolidando a nova fase da banda e do pr\u00f3prio artista. <\/p>\n\n\n\n<p>A faixa j\u00e1 est\u00e1 sendo executada em v\u00e1rias r\u00e1dios do Brasil e integra um projeto especial com oito m\u00fasicas in\u00e9ditas, que dar\u00e1 origem a um audiovisual comemorativo pelos 43 anos de hist\u00f3ria do EXALTA.<\/p>\n\n\n\n<p>Com\u00a0<strong>450 mil visualiza\u00e7\u00f5es<\/strong>\u00a0e\u00a0<strong>27 mil horas assistidas<\/strong>, o Pod do Brilha se conecta de forma crescente com o p\u00fablico e ganha destaque no universo do samba e do pagode. <\/p>\n\n\n\n<p>O programa se consolida ao oferecer um bate-papo leve, espont\u00e2neo e repleto de momentos marcantes da trajet\u00f3ria de seus convidados, al\u00e9m de revelar curiosidades de bastidores de grupos que atravessam d\u00e9cadas e continuam influenciando gera\u00e7\u00f5es. <\/p>\n\n\n\n<p>O carisma e a popularidade de Brilhantina refor\u00e7am esse movimento, refletidos nas participa\u00e7\u00f5es especiais que o podcast vem atraindo.<\/p>\n\n\n\n<p> Com entrevistas aprofundadas, performances exclusivas e conversas que valorizam a autenticidade, o programa se firmou como refer\u00eancia para ouvintes e profissionais do setor.<\/p>\n\n\n\n<p>\u201c<strong>O Pod do Brilha nasceu pra isso: pra trazer verdade, boas hist\u00f3rias e encontros que ficam pra sempre. E o Katinguel\u00ea entrega exatamente isso \u2014 m\u00fasica, emo\u00e7\u00e3o e muita trajet\u00f3ria<\/strong>\u201d, comenta Brilhantina.<\/p>\n\n\n\n<p>Com essa proposta, o podcast segue recebendo artistas de relev\u00e2ncia e ampliando seu espa\u00e7o como refer\u00eancia no segmento. <\/p>\n\n\n\n<p>A edi\u00e7\u00e3o especial celebra n\u00e3o apenas o encerramento de mais um ciclo do programa, mas tamb\u00e9m a import\u00e2ncia de artistas que moldaram o pagode brasileiro, reunindo emo\u00e7\u00e3o, risadas e muita m\u00fasica em um epis\u00f3dio imperd\u00edvel.<\/p>\n\n\n\n<p> O Pod do Brilha j\u00e1 se consolidou como um palco importante para novos nomes e para vozes consagradas que desejam falar sobre processo criativo, carreira e mercado musical.<\/p>\n\n\n\n<p><strong>Link da edi\u00e7\u00e3o:<\/strong>&nbsp;<a href=\"https:\/\/www.youtube.com\/watch?v=nR_oVDrOlGs\" target=\"_blank\" rel=\"noreferrer noopener\">https:\/\/www.youtube.com\/watch?v=nR_oVDrOlGs<\/a><\/p>\n\n\n\n<p>O programa estar\u00e1 dispon\u00edvel&nbsp; no canal oficial do Pod do Brilha no YouTube no pr\u00f3ximo&nbsp;<strong>dia 19 de dezembro, \u00e0s 19h<\/strong>.<\/p>\n\n\n\n<p>Vale conferir essa edi\u00e7\u00e3o especial.<\/p>\n\n\n\n<p>Fonte: Fernanda Lara Rocca @flrcomunica\u00e7\u00e3o<\/p>\n\n\n\n<p>Fotos cr\u00e9ditos: RJ<\/p>\n\n\n\n<p><strong>Para saber mais acesse:<\/strong><\/p>\n\n\n\n<figure class=\"wp-block-embed\"><div class=\"wp-block-embed__wrapper\">\nhttps:\/\/www.youtube.com\/@poddobrilha\n<\/div><\/figure>\n\n\n\n<figure class=\"wp-block-embed\"><div class=\"wp-block-embed__wrapper\">\nhttps:\/\/www.instagram.com\/poddobrilha\n<\/div><\/figure>\n\n\n\n<figure class=\"wp-block-embed\"><div class=\"wp-block-embed__wrapper\">\nhttps:\/\/www.facebook.com\/poddobrilha\n<\/div><\/figure>\n\n\n\n<figure class=\"wp-block-embed\"><div class=\"wp-block-embed__wrapper\">\nhttps:\/\/www.tiktok.com\/@pod.do.brilha\n<\/div><\/figure>\n","protected":false},"excerpt":{"rendered":"<p>Encerrando 2025 com chave de ouro, o\u00a0Pod do Brilha\u00a0apresenta uma\u00a0edi\u00e7\u00e3o especial de fim de ano\u00a0que&#8230;<\/p>\n","protected":false},"author":3,"featured_media":21340,"comment_status":"closed","ping_status":"open","sticky":false,"template":"","format":"standard","meta":{"om_disable_all_campaigns":false,"_monsterinsights_skip_tracking":false,"_monsterinsights_sitenote_active":false,"_monsterinsights_sitenote_note":"","_monsterinsights_sitenote_category":0,"spay_email":""},"categories":[1],"tags":[],"jetpack_featured_media_url":"https:\/\/vimagazine.com.br\/wp-content\/uploads\/2025\/12\/Pod-do-Brilha-Katinguele.jpg","_links":{"self":[{"href":"https:\/\/vimagazine.com.br\/index.php?rest_route=\/wp\/v2\/posts\/21339"}],"collection":[{"href":"https:\/\/vimagazine.com.br\/index.php?rest_route=\/wp\/v2\/posts"}],"about":[{"href":"https:\/\/vimagazine.com.br\/index.php?rest_route=\/wp\/v2\/types\/post"}],"author":[{"embeddable":true,"href":"https:\/\/vimagazine.com.br\/index.php?rest_route=\/wp\/v2\/users\/3"}],"replies":[{"embeddable":true,"href":"https:\/\/vimagazine.com.br\/index.php?rest_route=%2Fwp%2Fv2%2Fcomments&post=21339"}],"version-history":[{"count":1,"href":"https:\/\/vimagazine.com.br\/index.php?rest_route=\/wp\/v2\/posts\/21339\/revisions"}],"predecessor-version":[{"id":21341,"href":"https:\/\/vimagazine.com.br\/index.php?rest_route=\/wp\/v2\/posts\/21339\/revisions\/21341"}],"wp:featuredmedia":[{"embeddable":true,"href":"https:\/\/vimagazine.com.br\/index.php?rest_route=\/wp\/v2\/media\/21340"}],"wp:attachment":[{"href":"https:\/\/vimagazine.com.br\/index.php?rest_route=%2Fwp%2Fv2%2Fmedia&parent=21339"}],"wp:term":[{"taxonomy":"category","embeddable":true,"href":"https:\/\/vimagazine.com.br\/index.php?rest_route=%2Fwp%2Fv2%2Fcategories&post=21339"},{"taxonomy":"post_tag","embeddable":true,"href":"https:\/\/vimagazine.com.br\/index.php?rest_route=%2Fwp%2Fv2%2Ftags&post=21339"}],"curies":[{"name":"wp","href":"https:\/\/api.w.org\/{rel}","templated":true}]}}