{"id":21369,"date":"2025-12-18T15:58:58","date_gmt":"2025-12-18T18:58:58","guid":{"rendered":"https:\/\/vimagazine.com.br\/?p=21369"},"modified":"2025-12-18T15:59:03","modified_gmt":"2025-12-18T18:59:03","slug":"sabrinna-zanini-realiza-noite-historica-no-copacabana-palace-e-confirma-mirror-fashion-day-em-cannes-2026","status":"publish","type":"post","link":"https:\/\/vimagazine.com.br\/?p=21369","title":{"rendered":"&nbsp;Sabrinna Zanini realiza noite hist\u00f3rica no Copacabana Palace e confirma Mirror Fashion Day em Cannes 2026"},"content":{"rendered":"\n<p>A jornalista, apresentadora e diretora de TV Sabrinna Zanini realizou ontem, no Copacabana Palace, a 11\u00aa edi\u00e7\u00e3o do Mirror Fashion Day, que lotou os sal\u00f5es do ic\u00f4nico hotel e reafirmou o evento como uma das maiores vitrines de moda do Brasil. A noite reuniu celebridades, imprensa, marcas nacionais e performances que encantaram o p\u00fablico.<\/p>\n\n\n\n<p>Os desfiles abriram com Miss Pantoja, seguidos pelos estilistas Ma\u00edsa Gouveia, Teodoro Salazar e Guilherme Tavares, trazendo \u00e0 passarela cole\u00e7\u00f5es marcadas por criatividade, eleg\u00e2ncia e destaque para o upcycling e a sustentabilidade. Apresenta\u00e7\u00f5es de Luiza Luh, F\u00e1bio Keldani e do lend\u00e1rio saxofonista Tinho Martins, da banda de Tim Maia, abrilhantaram ainda mais a noite. O ator John Christi apresentou o evento ao lado de sua criadora, Sabrinna Zanini.<\/p>\n\n\n\n<p>A cerim\u00f4nia tamb\u00e9m homenageou a \u00e1rea m\u00e9dica e contou com presen\u00e7a internacional da marca londrina Konjira, cujo fundador Elijah Etet\u00e9 recebeu o Trof\u00e9u Mirror \u2013 Melhores do Ano.<\/p>\n\n\n\n<p>Encerrando a noite, Sabrinna Zanini anunciou oficialmente a 12\u00aa edi\u00e7\u00e3o internacional do Mirror Fashion Day, que acontecer\u00e1 em maio de 2026, durante o prestigiado Festival de Cinema de Cannes, na Fran\u00e7a \u2014 marcando a entrada definitiva do evento no circuito mundial da moda.<\/p>\n\n\n\n<p>Uma noite inesquec\u00edvel que refor\u00e7a o protagonismo de Sabrinna Zanini no cen\u00e1rio fashion brasileiro e agora internacional.<\/p>\n\n\n\n<p><strong><em>Maria Emilia Genovesi<\/em><\/strong><\/p>\n\n\n\n<p><strong><em>Jornalista MTB 0093041\/SP<\/em><\/strong><\/p>\n\n\n\n<p><strong><em>Assessoria de Imprensa\/ Produtora Cultural<\/em><\/strong><\/p>\n\n\n\n<p><strong><em>@mariaemiliagenovesi<\/em><\/strong><\/p>\n\n\n\n<p><strong><em>@megenovesi<\/em><\/strong><\/p>\n\n\n\n<p><strong><em>11&nbsp; &nbsp; &nbsp; &nbsp; &nbsp; 994800112<\/em><\/strong><\/p>\n\n\n\n<p><strong><em>Meg Apoio Empresarial e Eventos Ltda&nbsp;<\/em><\/strong><\/p>\n","protected":false},"excerpt":{"rendered":"<p>A jornalista, apresentadora e diretora de TV Sabrinna Zanini realizou ontem, no Copacabana Palace, a&#8230;<\/p>\n","protected":false},"author":19,"featured_media":21370,"comment_status":"closed","ping_status":"open","sticky":false,"template":"","format":"standard","meta":{"om_disable_all_campaigns":false,"_monsterinsights_skip_tracking":false,"_monsterinsights_sitenote_active":false,"_monsterinsights_sitenote_note":"","_monsterinsights_sitenote_category":0,"spay_email":""},"categories":[1],"tags":[],"jetpack_featured_media_url":"https:\/\/vimagazine.com.br\/wp-content\/uploads\/2025\/12\/IMG-20251210-WA0173.jpg","_links":{"self":[{"href":"https:\/\/vimagazine.com.br\/index.php?rest_route=\/wp\/v2\/posts\/21369"}],"collection":[{"href":"https:\/\/vimagazine.com.br\/index.php?rest_route=\/wp\/v2\/posts"}],"about":[{"href":"https:\/\/vimagazine.com.br\/index.php?rest_route=\/wp\/v2\/types\/post"}],"author":[{"embeddable":true,"href":"https:\/\/vimagazine.com.br\/index.php?rest_route=\/wp\/v2\/users\/19"}],"replies":[{"embeddable":true,"href":"https:\/\/vimagazine.com.br\/index.php?rest_route=%2Fwp%2Fv2%2Fcomments&post=21369"}],"version-history":[{"count":1,"href":"https:\/\/vimagazine.com.br\/index.php?rest_route=\/wp\/v2\/posts\/21369\/revisions"}],"predecessor-version":[{"id":21371,"href":"https:\/\/vimagazine.com.br\/index.php?rest_route=\/wp\/v2\/posts\/21369\/revisions\/21371"}],"wp:featuredmedia":[{"embeddable":true,"href":"https:\/\/vimagazine.com.br\/index.php?rest_route=\/wp\/v2\/media\/21370"}],"wp:attachment":[{"href":"https:\/\/vimagazine.com.br\/index.php?rest_route=%2Fwp%2Fv2%2Fmedia&parent=21369"}],"wp:term":[{"taxonomy":"category","embeddable":true,"href":"https:\/\/vimagazine.com.br\/index.php?rest_route=%2Fwp%2Fv2%2Fcategories&post=21369"},{"taxonomy":"post_tag","embeddable":true,"href":"https:\/\/vimagazine.com.br\/index.php?rest_route=%2Fwp%2Fv2%2Ftags&post=21369"}],"curies":[{"name":"wp","href":"https:\/\/api.w.org\/{rel}","templated":true}]}}