{"id":2138,"date":"2021-12-30T11:02:05","date_gmt":"2021-12-30T14:02:05","guid":{"rendered":"https:\/\/vimagazine.com.br\/?p=2138"},"modified":"2021-12-30T11:02:11","modified_gmt":"2021-12-30T14:02:11","slug":"reveillon-tera-show-de-luzes-no-maior-edificio-residencial-do-pais","status":"publish","type":"post","link":"https:\/\/vimagazine.com.br\/?p=2138","title":{"rendered":"R\u00e9veillon ter\u00e1 show de luzes no maior edif\u00edcio residencial do pa\u00eds"},"content":{"rendered":"\n<p><\/p>\n\n\n\n<p style=\"font-size:23px\"><strong><em>FG amplia o espet\u00e1culo de r\u00e9veillon de Balne\u00e1rio Cambori\u00fa<\/em><\/strong><\/p>\n\n\n\n<p><\/p>\n\n\n\n<p style=\"font-size:14px\">Balne\u00e1rio Cambori\u00fa, no litoral norte do estado, \u00e9 uma das poucas cidades de Santa Catarina que ter\u00e1 show de fogos no r\u00e9veillon. Est\u00e3o previstos 15 minutos de show pirot\u00e9cnico, segundo a Secretaria Municipal de Turismo. Esse \u00e9 um dos motivos que est\u00e1 atraindo milhares de turistas do pa\u00eds e do exterior para este r\u00e9veillon.<\/p>\n\n\n\n<p style=\"font-size:14px\">A cidade \u00e9 destaque nacional segundo as principais plataformas de buscas e reservas de hot\u00e9is, aparecendo entre os cinco destinos mais desejadas no pa\u00eds, al\u00e9m da rede hoteleira j\u00e1 confirmar mais de 97% de ocupa\u00e7\u00e3o at\u00e9 03 de janeiro, impulsionando ainda mais o turismo no estado. E mais, este ano, com a conclus\u00e3o do alargamento da faixa de areia, uma grande festa foi preparada para a popula\u00e7\u00e3o.<\/p>\n\n\n\n<p style=\"font-size:14px\">Al\u00e9m da queima de fogos preparada pela prefeitura municipal, a FG Empreendimentos, construtora catarinense e que h\u00e1 mais de 20 anos investe no desenvolvimento da regi\u00e3o, tamb\u00e9m est\u00e1 preparando grandes atra\u00e7\u00f5es para o p\u00fablico, com a programa\u00e7\u00e3o R\u00e9veillon Brilha FG.<\/p>\n\n\n\n<p style=\"font-size:14px\">Na Barra Norte, as comemora\u00e7\u00f5es iniciam com uma live com o DJ Victor Einstein que ser\u00e1 transmitida diretamente da FG Big Wheel \u2013 maior roda gigante estaiada do pa\u00eds \u2013 atrav\u00e9s do YouTube e instagram da FG, e que tamb\u00e9m levar\u00e1 imagens em tempo real para a popula\u00e7\u00e3o, tanto da contagem regressiva que ser\u00e1 projetada na roda gigante, quanto da queima de fogos organizada pela prefeitura de Balne\u00e1rio Cambori\u00fa.<\/p>\n\n\n\n<p style=\"font-size:14px\">Na Barra Sul, a FG preparou outro espet\u00e1culo simult\u00e2neo: a fachada do One Tower, maior pr\u00e9dio residencial do pa\u00eds, em constru\u00e7\u00e3o, contar\u00e1 com contagem regressiva e show de luzes . O arranha-c\u00e9u ser\u00e1 palco de diversas proje\u00e7\u00f5es que tamb\u00e9m ser\u00e3o refletidas nas areias e nas \u00e1guas da Praia Central. A empresa tem a expectativa de realizar o maior show de luzes do pa\u00eds, com um espet\u00e1culo que ter\u00e1 dura\u00e7\u00e3o de at\u00e9 uma hora e trinta minutos.<\/p>\n\n\n\n<p style=\"font-size:14px\">Toda a programa\u00e7\u00e3o foi pensada para que as pessoas possam assistir aos espet\u00e1culos de suas casas, com a mesma energia da orla. As transmiss\u00f5es seguir\u00e3o os protocolos de seguran\u00e7a e preven\u00e7\u00e3o recomendados pelas entidades de seguran\u00e7a e sa\u00fade.<\/p>\n\n\n\n<p><\/p>\n","protected":false},"excerpt":{"rendered":"<p>FG amplia o espet\u00e1culo de r\u00e9veillon de Balne\u00e1rio Cambori\u00fa Balne\u00e1rio Cambori\u00fa, no litoral norte do&#8230;<\/p>\n","protected":false},"author":35,"featured_media":2139,"comment_status":"closed","ping_status":"open","sticky":false,"template":"","format":"standard","meta":{"om_disable_all_campaigns":false,"_monsterinsights_skip_tracking":false,"_monsterinsights_sitenote_active":false,"_monsterinsights_sitenote_note":"","_monsterinsights_sitenote_category":0,"spay_email":""},"categories":[26],"tags":[222,224,225,223,220,34,226,219,221,36],"jetpack_featured_media_url":"https:\/\/vimagazine.com.br\/wp-content\/uploads\/2021\/12\/IMG_20211230_095728.jpg","_links":{"self":[{"href":"https:\/\/vimagazine.com.br\/index.php?rest_route=\/wp\/v2\/posts\/2138"}],"collection":[{"href":"https:\/\/vimagazine.com.br\/index.php?rest_route=\/wp\/v2\/posts"}],"about":[{"href":"https:\/\/vimagazine.com.br\/index.php?rest_route=\/wp\/v2\/types\/post"}],"author":[{"embeddable":true,"href":"https:\/\/vimagazine.com.br\/index.php?rest_route=\/wp\/v2\/users\/35"}],"replies":[{"embeddable":true,"href":"https:\/\/vimagazine.com.br\/index.php?rest_route=%2Fwp%2Fv2%2Fcomments&post=2138"}],"version-history":[{"count":1,"href":"https:\/\/vimagazine.com.br\/index.php?rest_route=\/wp\/v2\/posts\/2138\/revisions"}],"predecessor-version":[{"id":2140,"href":"https:\/\/vimagazine.com.br\/index.php?rest_route=\/wp\/v2\/posts\/2138\/revisions\/2140"}],"wp:featuredmedia":[{"embeddable":true,"href":"https:\/\/vimagazine.com.br\/index.php?rest_route=\/wp\/v2\/media\/2139"}],"wp:attachment":[{"href":"https:\/\/vimagazine.com.br\/index.php?rest_route=%2Fwp%2Fv2%2Fmedia&parent=2138"}],"wp:term":[{"taxonomy":"category","embeddable":true,"href":"https:\/\/vimagazine.com.br\/index.php?rest_route=%2Fwp%2Fv2%2Fcategories&post=2138"},{"taxonomy":"post_tag","embeddable":true,"href":"https:\/\/vimagazine.com.br\/index.php?rest_route=%2Fwp%2Fv2%2Ftags&post=2138"}],"curies":[{"name":"wp","href":"https:\/\/api.w.org\/{rel}","templated":true}]}}