{"id":21389,"date":"2025-12-26T08:00:47","date_gmt":"2025-12-26T11:00:47","guid":{"rendered":"https:\/\/vimagazine.com.br\/?p=21389"},"modified":"2025-12-26T08:01:18","modified_gmt":"2025-12-26T11:01:18","slug":"dra-marina-carvalho-quando-proposito-e-estudo-transformam-uma-carreira-na-estetica","status":"publish","type":"post","link":"https:\/\/vimagazine.com.br\/?p=21389","title":{"rendered":"Dra.      Marina Carvalho: quando prop\u00f3sito e estudo transformam uma carreira na      est\u00e9tica"},"content":{"rendered":"\n<p><\/p>\n\n\n\n<p class=\"has-text-align-center\"><em>Biom\u00e9dica esteta, educadora e perita judicial construiu uma carreira marcada por inova\u00e7\u00e3o, ci\u00eancia e forma\u00e7\u00e3o de mais de 20 mil profissionais ao redor do mundo<\/em><\/p>\n\n\n\n<p><\/p>\n\n\n\n<p>A hist\u00f3ria profissional da Dra. Marina Carvalho \u00e9 um exemplo de como paix\u00e3o, estudo cont\u00ednuo e vis\u00e3o estrat\u00e9gica podem transformar uma carreira e impactar milhares de vidas. Com mais de 16 anos de atua\u00e7\u00e3o no universo da est\u00e9tica, ela construiu um caminho s\u00f3lido que a levou da micropigmenta\u00e7\u00e3o \u00e0 biomedicina est\u00e9tica, consolidando-se tamb\u00e9m como educadora e perita judicial em um dos mercados que mais crescem na \u00e1rea da sa\u00fade e bem-estar.<\/p>\n\n\n\n<p><strong><em>Uma voca\u00e7\u00e3o que come\u00e7ou cedo<\/em><\/strong><\/p>\n\n\n\n<p>O interesse de Marina pela est\u00e9tica surgiu ainda na inf\u00e2ncia. Fascinada por maquiagem desde pequena e encantada pelo universo da tatuagem na adolesc\u00eancia, ela encontrou, aos 18 anos, a oportunidade de unir essas duas paix\u00f5es ao conhecer a ent\u00e3o chamada \u201cmaquiagem definitiva\u201d, hoje conhecida como micropigmenta\u00e7\u00e3o. Poucos dias ap\u00f3s completar a maioridade, concluiu seu primeiro curso na \u00e1rea e, no mesmo ano, finalizou a forma\u00e7\u00e3o em Est\u00e9tica Facial.<\/p>\n\n\n\n<p>J\u00e1 atuando com design de sobrancelhas desde os 16 anos, seu talento se destacou rapidamente. A busca constante por excel\u00eancia a levou a investir em especializa\u00e7\u00f5es avan\u00e7adas e cursos internacionais com refer\u00eancias mundiais como Phi Brows, Daria Chuprys e David Brown, al\u00e9m de aprofundamentos t\u00e9cnicos em colorimetria, fios realistas e outras t\u00e9cnicas est\u00e9ticas.<\/p>\n\n\n\n<p><strong><em>O olhar t\u00e9cnico que abriu novos caminhos<\/em><\/strong><\/p>\n\n\n\n<p>A pr\u00e1tica cl\u00ednica trouxe questionamentos que mudariam o rumo da sua carreira. Muitas pacientes desejavam sobrancelhas com arqueamento acentuado, algo que n\u00e3o respeitava a anatomia facial. Foi nesse momento que Marina compreendeu a import\u00e2ncia de entender profundamente m\u00fasculos, tecidos e fisiologia, o que a motivou a ingressar na faculdade de Biomedicina, em 2018.<\/p>\n\n\n\n<p>Esse passo ampliou sua vis\u00e3o sobre a est\u00e9tica como \u00e1rea da sa\u00fade e abriu portas para novas possibilidades profissionais. Mas foi em 2019 que sua trajet\u00f3ria ganhou proje\u00e7\u00e3o nacional e internacional.<\/p>\n\n\n\n<p><strong><em>A virada internacional e o reconhecimento no mercado<\/em><\/strong><\/p>\n\n\n\n<p>No in\u00edcio de 2019, Marina viajou \u00e0 Coreia do Sul para aprender uma t\u00e9cnica inovadora chamada <strong>BB Glow<\/strong>. Ao descobrir o potencial real do procedimento \u2014 focado em tratamento e qualidade da pele \u2014 trouxe a novidade para o Brasil e rapidamente se tornou refer\u00eancia. O reconhecimento veio com convites para palestras em grandes eventos do setor, entrevistas e a forma\u00e7\u00e3o de centenas de alunas em poucos meses.<\/p>\n\n\n\n<p>Pouco tempo depois, apresentou ao mercado brasileiro a t\u00e9cnica da caneta pressurizada <strong>Hyaluron Pen<\/strong>, que injeta ativos na pele por press\u00e3o, sem o uso de agulhas. A inova\u00e7\u00e3o teve crescimento exponencial e consolidou Marina como uma das principais educadoras da \u00e1rea, formando mais de 3 mil alunas, ministrando aulas em todos os estados do Brasil e tamb\u00e9m no exterior, incluindo Portugal.<\/p>\n\n\n\n<p>Seu trabalho cient\u00edfico tamb\u00e9m ganhou destaque. Convidada pela Seven Publica\u00e7\u00f5es, escreveu artigos cient\u00edficos sobre a aplica\u00e7\u00e3o da caneta pressurizada na est\u00e9tica facial e corporal, publicados na revista <em>Ci\u00eancias da Sa\u00fade e suas Descobertas Cient\u00edficas<\/em>, refor\u00e7ando a import\u00e2ncia da est\u00e9tica baseada em evid\u00eancias.<\/p>\n\n\n\n<p><strong><em>Est\u00e9tica avan\u00e7ada: sa\u00fade, bem-estar e acesso<\/em><\/strong><\/p>\n\n\n\n<p>Para a Dra. Marina, a est\u00e9tica avan\u00e7ada representa uma evolu\u00e7\u00e3o tanto para profissionais quanto para pacientes. Do ponto de vista profissional, possibilita rentabilidade real e reconhecimento, j\u00e1 que os procedimentos oferecem resultados vis\u00edveis em curto prazo. Para os pacientes, significa acesso a tratamentos eficazes que melhoram a qualidade da pele, reposicionam tecidos e retardam o envelhecimento, muitas vezes evitando procedimentos cir\u00fargicos.<\/p>\n\n\n\n<p>Com tecnologias como bioestimuladores de col\u00e1geno, fios de PDO e preenchedores, \u00e9 poss\u00edvel promover sa\u00fade e bem-estar de forma segura, natural e com excelente custo-benef\u00edcio, ampliando o acesso da popula\u00e7\u00e3o a cuidados antes restritos a cirurgias.<\/p>\n\n\n\n<p><strong><em>Desafios, resili\u00eancia e identidade<\/em><\/strong><\/p>\n\n\n\n<p>A consolida\u00e7\u00e3o no mercado n\u00e3o veio sem desafios. M\u00e3e solo desde os 19 anos, Marina precisou conciliar maternidade, estudos, trabalho, gest\u00e3o de carreira e presen\u00e7a digital. Enfrentou negativas, tentativas de desvaloriza\u00e7\u00e3o e obst\u00e1culos comuns a quem cresce sem grandes investimentos iniciais.<\/p>\n\n\n\n<p>Determinada e com valores bem definidos, encontrou na resili\u00eancia e na clareza de prop\u00f3sito a for\u00e7a para seguir. Para ela, desistir nunca foi uma op\u00e7\u00e3o \u2014 o caminho sempre foi estudo, preparo, trabalho e consist\u00eancia.<\/p>\n\n\n\n<p><strong><em>Biomedicina est\u00e9tica e per\u00edcia judicial<\/em><\/strong><\/p>\n\n\n\n<p>A forma\u00e7\u00e3o em Biomedicina Est\u00e9tica, conclu\u00edda em 2023, ampliou ainda mais sua atua\u00e7\u00e3o, trazendo seguran\u00e7a jur\u00eddica, reconhecimento profissional e liberdade financeira. Al\u00e9m disso, Marina atua como perita judicial, colocando seu conhecimento t\u00e9cnico a servi\u00e7o da Justi\u00e7a em processos relacionados \u00e0 est\u00e9tica.<\/p>\n\n\n\n<p>Ela defende que a presen\u00e7a de profissionais qualificados como peritos \u00e9 fundamental para fortalecer o mercado, refor\u00e7ando a est\u00e9tica como \u00e1rea da sa\u00fade e alertando para os riscos de procedimentos mal executados.<\/p>\n\n\n\n<p><strong><em>Ensino que transforma vidas ao redor do mundo<\/em><\/strong><\/p>\n\n\n\n<p>A atua\u00e7\u00e3o educacional surgiu da escuta atenta \u00e0s necessidades das alunas. Diante da demanda por forma\u00e7\u00f5es mais longas e acess\u00edveis, Marina estruturou seus cursos online, lan\u00e7ados em 2020, que cresceram significativamente durante a pandemia. Hoje, seus conte\u00fados est\u00e3o dispon\u00edveis em portugu\u00eas, espanhol, ingl\u00eas e alem\u00e3o, somando mais de 20 mil alunas formadas em todo o mundo.<\/p>\n\n\n\n<p>\u00c0 frente da Merani Academy e da Merani Clinic, ela conta com equipes especializadas que garantem excel\u00eancia no ensino, suporte cont\u00ednuo e qualidade na pr\u00e1tica cl\u00ednica, mantendo um faturamento mensal acima de seis d\u00edgitos.<\/p>\n\n\n\n<p><strong><em>Projetos e expectativas para 2026<\/em><\/strong><\/p>\n\n\n\n<p>Com a carreira consolidada nacional e internacionalmente, Marina direciona seus esfor\u00e7os para expans\u00e3o estrat\u00e9gica. Na cl\u00ednica, o foco \u00e9 ampliar o quadro de colaboradoras e aumentar o faturamento. Na \u00e1rea educacional, o destaque \u00e9 a plataforma Hof Prime, que re\u00fane cursos completos com acesso anual, suporte direto e novos lan\u00e7amentos programados a cada dois meses.<\/p>\n\n\n\n<p>Para 2026, o objetivo \u00e9 democratizar ainda mais o ensino de qualidade, levando conhecimento t\u00e9cnico, did\u00e1tico e acess\u00edvel a profissionais da est\u00e9tica em diferentes partes do mundo.<\/p>\n\n\n\n<p>Mais do que resultados financeiros, a Dra. Marina Carvalho se define como algu\u00e9m que se descobriu professora ao longo da pr\u00f3pria trajet\u00f3ria. Sua maior realiza\u00e7\u00e3o est\u00e1 em acompanhar a evolu\u00e7\u00e3o de suas alunas e perceber o impacto que um ensino pautado na clareza, na \u00e9tica e na responsabilidade pode gerar. Para ela, a est\u00e9tica vai al\u00e9m dos procedimentos: quando bem ensinada, torna-se uma poderosa ferramenta de transforma\u00e7\u00e3o profissional e pessoal. Atualmente, a especialista conta com uma equipe formada por sete colaboradores, que atuam de forma integrada no desenvolvimento de seus projetos e na forma\u00e7\u00e3o de novos profissionais.<\/p>\n\n\n\n<p>Saiba mais sobre a especialista no <strong>Instagram: <\/strong><a href=\"https:\/\/www.instagram.com\/dra_marinacarvalho\/\">@dra_marinacarvalho<\/a><\/p>\n","protected":false},"excerpt":{"rendered":"<p>Biom\u00e9dica esteta, educadora e perita judicial construiu uma carreira marcada por inova\u00e7\u00e3o, ci\u00eancia e forma\u00e7\u00e3o&#8230;<\/p>\n","protected":false},"author":2,"featured_media":21390,"comment_status":"closed","ping_status":"open","sticky":false,"template":"","format":"standard","meta":{"om_disable_all_campaigns":false,"_monsterinsights_skip_tracking":false,"_monsterinsights_sitenote_active":false,"_monsterinsights_sitenote_note":"","_monsterinsights_sitenote_category":0,"spay_email":""},"categories":[26,1],"tags":[],"jetpack_featured_media_url":"https:\/\/vimagazine.com.br\/wp-content\/uploads\/2025\/12\/c2a530c3-5903-47c3-bb5b-a482caf89e21_800x860.jpeg","_links":{"self":[{"href":"https:\/\/vimagazine.com.br\/index.php?rest_route=\/wp\/v2\/posts\/21389"}],"collection":[{"href":"https:\/\/vimagazine.com.br\/index.php?rest_route=\/wp\/v2\/posts"}],"about":[{"href":"https:\/\/vimagazine.com.br\/index.php?rest_route=\/wp\/v2\/types\/post"}],"author":[{"embeddable":true,"href":"https:\/\/vimagazine.com.br\/index.php?rest_route=\/wp\/v2\/users\/2"}],"replies":[{"embeddable":true,"href":"https:\/\/vimagazine.com.br\/index.php?rest_route=%2Fwp%2Fv2%2Fcomments&post=21389"}],"version-history":[{"count":1,"href":"https:\/\/vimagazine.com.br\/index.php?rest_route=\/wp\/v2\/posts\/21389\/revisions"}],"predecessor-version":[{"id":21391,"href":"https:\/\/vimagazine.com.br\/index.php?rest_route=\/wp\/v2\/posts\/21389\/revisions\/21391"}],"wp:featuredmedia":[{"embeddable":true,"href":"https:\/\/vimagazine.com.br\/index.php?rest_route=\/wp\/v2\/media\/21390"}],"wp:attachment":[{"href":"https:\/\/vimagazine.com.br\/index.php?rest_route=%2Fwp%2Fv2%2Fmedia&parent=21389"}],"wp:term":[{"taxonomy":"category","embeddable":true,"href":"https:\/\/vimagazine.com.br\/index.php?rest_route=%2Fwp%2Fv2%2Fcategories&post=21389"},{"taxonomy":"post_tag","embeddable":true,"href":"https:\/\/vimagazine.com.br\/index.php?rest_route=%2Fwp%2Fv2%2Ftags&post=21389"}],"curies":[{"name":"wp","href":"https:\/\/api.w.org\/{rel}","templated":true}]}}