{"id":21393,"date":"2025-12-28T21:09:58","date_gmt":"2025-12-29T00:09:58","guid":{"rendered":"https:\/\/vimagazine.com.br\/?p=21393"},"modified":"2025-12-28T21:10:03","modified_gmt":"2025-12-29T00:10:03","slug":"top-society-lanca-a-53a-edicao-da-revista-e-celebra-o-mulheres-em-evidencia-2025-no-atmosphere-home-spa","status":"publish","type":"post","link":"https:\/\/vimagazine.com.br\/?p=21393","title":{"rendered":"Top Society lan\u00e7a a 53\u00aa edi\u00e7\u00e3o da revista e celebra o Mulheres em Evid\u00eancia 2025 no Atmosphere Home Spa"},"content":{"rendered":"\n<p>Na noite do dia 18, a Praia Brava foi palco de uma celebra\u00e7\u00e3o que uniu eleg\u00e2ncia, prop\u00f3sito e reconhecimento.<\/p>\n\n\n\n<p>A Revista Top Society lan\u00e7ou sua 53\u00aa edi\u00e7\u00e3o e celebrou o Mulheres em Evid\u00eancia 2025 no showroom conceito do Atmosphere Home Spa, reunindo convidadas, parceiros e personalidades em um cen\u00e1rio marcado pelo bem-estar, luxo e sofistica\u00e7\u00e3o.<\/p>\n\n\n\n<figure class=\"wp-block-image\"><img src=\"https:\/\/tvpaparazzi.com.br\/wp-content\/uploads\/2025\/12\/WhatsApp-Image-2025-12-26-at-16.27.57-200x300.jpeg\" alt=\"\" class=\"wp-image-24197\" \/><\/figure>\n\n\n\n<p>A&nbsp;<strong>53\u00aa edi\u00e7\u00e3o da Revista Top Society<\/strong>, que traz&nbsp;<strong>Maria Lucia Goulart<\/strong>&nbsp;na capa, reafirma o compromisso da publica\u00e7\u00e3o com uma comunica\u00e7\u00e3o relevante, inspiradora e atemporal, conectando pessoas, marcas e hist\u00f3rias que merecem ser evidenciadas.<\/p>\n\n\n\n<p>O primeiro exemplar foi entregue pela modelo e influenciadora&nbsp;<strong>Raisa Amarante Manzochi<\/strong>&nbsp;a&nbsp;<strong>Maria Lucia Goulart<\/strong>, que tamb\u00e9m foi homenageada pela revista com a entrega de uma placa comemorativa.<\/p>\n\n\n\n<p>Os convidados foram recebidos pela anfitri\u00e3 do espa\u00e7o, s\u00f3cia e diretora administrativa do&nbsp;<strong>Atmosphere Home Spa<\/strong>,&nbsp;<strong>J\u00e9ssica Dall\u2019Oglio Frasson<\/strong>, que acolheu a celebra\u00e7\u00e3o com excel\u00eancia, cuidado e sofistica\u00e7\u00e3o em cada detalhe, imprimindo ao encontro a identidade e a grandiosidade de um projeto concebido para promover qualidade de vida, longevidade e bem-estar.<\/p>\n\n\n\n<p>Na mesma ocasi\u00e3o,&nbsp;<strong>Karla Cruz<\/strong>&nbsp;e&nbsp;<strong>J\u00e9ssica Dall\u2019Oglio Frasson<\/strong>&nbsp;foram&nbsp;<strong>agraciadas com joias da Delffine Luxury Jewelry<\/strong>, entregues pelas m\u00e3os da CEO&nbsp;<strong>Diane Andrade<\/strong>, que veio do&nbsp;<strong>Texas, Estados Unidos<\/strong>, especialmente para participar do&nbsp;<strong>Mulheres em Evid\u00eancia<\/strong>.<\/p>\n\n\n\n<figure class=\"wp-block-image\"><img src=\"https:\/\/topsociety.com.br\/wp-content\/uploads\/2025\/12\/23c33f63-6410-413d-873b-971cfc74c2d0-1-1024x670.jpeg\" alt=\"\" class=\"wp-image-8116\" \/><\/figure>\n\n\n\n<figure class=\"wp-block-image\"><img src=\"https:\/\/topsociety.com.br\/wp-content\/uploads\/2025\/12\/f479e839-1d98-4bf5-939d-4e04408fe2ed-1024x685.jpeg\" alt=\"\" class=\"wp-image-8112\" \/><\/figure>\n\n\n\n<p>A uni\u00e3o entre estrat\u00e9gia, sensibilidade e excel\u00eancia operacional transformou o showroom em um ambiente intimista e acolhedor, onde cada detalhe foi pensado para despertar sensa\u00e7\u00f5es e criar conex\u00f5es, resultando em uma verdadeira experi\u00eancia sensorial, com hospitalidade impec\u00e1vel, gastronomia refinada e trilha sonora envolvente.<\/p>\n\n\n\n<p>Eleg\u00e2ncia, sintonia e profissionalismo em cena.&nbsp;<strong>Janelise Borges<\/strong>, que apresentou o evento, ao lado de&nbsp;<strong>Karla Cruz<\/strong>&nbsp;e do talentoso&nbsp;<strong>Gabriel Rocha<\/strong>, gerente de Marketing e Eventos da&nbsp;<strong>Dall Empreendimentos<\/strong>.<\/p>\n\n\n\n<figure class=\"wp-block-image\"><img src=\"https:\/\/topsociety.com.br\/wp-content\/uploads\/2025\/12\/WhatsApp-Image-2025-12-24-at-01.16.06-2-694x1024.jpeg\" alt=\"\" class=\"wp-image-8102\" \/><\/figure>\n\n\n\n<p>A experi\u00eancia vivenciada pelos convidados foi cuidadosamente concebida pela equipe de marketing da Dall Empreendimentos, sob a gest\u00e3o de Gabriel Rocha, gerente de Marketing e Eventos da empresa, em conjunto com o time comercial, liderado pela gerente comercial Jucelaine Baron.<\/p>\n\n\n\n<figure class=\"wp-block-image\"><img src=\"https:\/\/topsociety.com.br\/wp-content\/uploads\/2025\/12\/WhatsApp-Image-2025-12-22-at-22.58.47-5-680x1024.jpeg\" alt=\"\" class=\"wp-image-8038\" \/><\/figure>\n\n\n\n<p>A chegada dos convidados foi um espet\u00e1culo \u00e0 parte. A parceria com a Boca Mafra Premium, sob a lideran\u00e7a de sua CEO Jana\u00edna Mafra, trouxe \u00e0 cena a presen\u00e7a ic\u00f4nica de um Rolls-Royce, acrescentando ainda mais impacto visual, glamour e exclusividade \u00e0 noite.<\/p>\n\n\n\n<figure class=\"wp-block-image\"><img src=\"https:\/\/topsociety.com.br\/wp-content\/uploads\/2025\/12\/877044a2-6e18-4768-997e-128a38d734d0-1024x683.jpg\" alt=\"\" class=\"wp-image-8031\" \/><\/figure>\n\n\n\n<p>Jucelane Baron, gerente comercial do Atmosphere Home Spa, recebeu uma placa de agradecimento pela parceria com a Top Society \u2014 um gesto que celebra profissionalismo, confian\u00e7a e a constru\u00e7\u00e3o de experi\u00eancias memor\u00e1veis.<\/p>\n\n\n\n<figure class=\"wp-block-image\"><img src=\"https:\/\/topsociety.com.br\/wp-content\/uploads\/2025\/12\/WhatsApp-Image-2025-12-24-at-07.20.24-1024x682.jpeg\" alt=\"\" class=\"wp-image-8105\" \/><\/figure>\n\n\n\n<p><strong>Reconhecimento e gratid\u00e3o.<\/strong><br>Jana\u00edna Mafra, CEO da Boca Mafra Premium,&nbsp;<strong>recebeu mimos especiais<\/strong>&nbsp;de Karla Cruz e Silamara Paes, em agradecimento pela parceria que elevou o evento e transformou a noite em uma experi\u00eancia memor\u00e1vel.<\/p>\n\n\n\n<figure class=\"wp-block-image\"><img src=\"https:\/\/topsociety.com.br\/wp-content\/uploads\/2025\/12\/47613ec8-55fe-477b-ba2d-e3ca46275be1-730x1024.jpeg\" alt=\"\" class=\"wp-image-8114\" \/><\/figure>\n\n\n\n<p>Criado em 1999, o Mulheres em Evid\u00eancia \u00e9 um dos projetos mais tradicionais da Top Society e tem como miss\u00e3o valorizar trajet\u00f3rias femininas que impactam positivamente a sociedade.<\/p>\n\n\n\n<figure class=\"wp-block-image\"><img src=\"https:\/\/topsociety.com.br\/wp-content\/uploads\/2025\/12\/1d84c6bf-c9eb-43b0-9d84-828ced08c970-1-1024x466.jpeg\" alt=\"\" class=\"wp-image-8122\" \/><\/figure>\n\n\n\n<p>Nesta edi\u00e7\u00e3o, 17 mulheres, de diferentes \u00e1reas e pa\u00edses, foram homenageadas, refor\u00e7ando o car\u00e1ter internacional da premia\u00e7\u00e3o e a for\u00e7a da lideran\u00e7a feminina no Brasil e no mundo. Idealizado e conduzido por Karla Cruz, o projeto evidenciou hist\u00f3rias de empreendedorismo, sensibilidade, inova\u00e7\u00e3o e prop\u00f3sito, em perfeita sintonia com a linha editorial da revista.<\/p>\n\n\n\n<p>O evento foi apresentado pela jornalista&nbsp;<strong>Janelise Borges<\/strong>, que conduziu cada momento com profissionalismo, sensibilidade e excel\u00eancia, contribuindo para a grandiosidade do&nbsp;<strong>Mulheres em Evid\u00eancia<\/strong>.<\/p>\n\n\n\n<figure class=\"wp-block-image\"><img src=\"https:\/\/topsociety.com.br\/wp-content\/uploads\/2025\/12\/WhatsApp-Image-2025-12-24-at-01.16.06-1024x682.jpeg\" alt=\"\" class=\"wp-image-8103\" \/><\/figure>\n\n\n\n<p><strong>Bruna Pacheco<\/strong>, empreendedora de Lages;&nbsp;<strong>Bianca Freitas<\/strong>, designer da Opala Lages;&nbsp;<strong>Adriana Stock Scheneider<\/strong>, psic\u00f3loga de Lages;&nbsp;<strong>Bernadete Maria Sabbi<\/strong>, do SPA Bwell, de Foz do Igua\u00e7u; e&nbsp;<strong>Bruna Esmanhoto<\/strong>, do Clube de Luxo, de Curitiba, foram homenageadas e receberam mimos especiais oferecidos por&nbsp;<strong>Leia Sal\u00e3o<\/strong>,&nbsp;<strong>MZ Aromas e Alquimia<\/strong>,&nbsp;<strong>Dra. Carol Berger<\/strong>&nbsp;e&nbsp;<strong>Alkhemy Love by Jackie Yue<\/strong>.<\/p>\n\n\n\n<figure class=\"wp-block-image\"><img src=\"https:\/\/topsociety.com.br\/wp-content\/uploads\/2025\/12\/WhatsApp-Image-2025-12-22-at-23.01.00-4-1004x1024.jpeg\" alt=\"\" class=\"wp-image-8053\" \/><\/figure>\n\n\n\n<p><strong>Jackie Yue<\/strong>, da AlkhemyLab, de S\u00e3o Paulo;&nbsp;<strong>Dra. Carol Berger<\/strong>, da Cl\u00ednica CB, de Florian\u00f3polis;&nbsp;<strong>Eliane Voight<\/strong>, da Construtora Voight, de Curitiba; e&nbsp;<strong>Diane Andrade<\/strong>, CEO da Delffine Luxury, do Texas (EUA), foram homenageadas e receberam mimos especiais oferecidos por&nbsp;<strong>Leia Sal\u00e3o<\/strong>,&nbsp;<strong>MZ Aromas e Alquimia<\/strong>,&nbsp;<strong>Dra. Carol Berger<\/strong>&nbsp;e&nbsp;<strong>Alkhemy Love by Jackie Yue<\/strong>.<\/p>\n\n\n\n<figure class=\"wp-block-image\"><img src=\"https:\/\/topsociety.com.br\/wp-content\/uploads\/2025\/12\/WhatsApp-Image-2025-12-22-at-23.00.59-2-1024x652.jpeg\" alt=\"\" class=\"wp-image-8047\" \/><\/figure>\n\n\n\n<p>Kareenn Cristina Zanela Diener, arquiteta de Lages\/SC; Karina Smaniotto, CEO do&nbsp;<em>Mulher Tamb\u00e9m Vende<\/em>, de Balne\u00e1rio Cambori\u00fa\/SC; J\u00e9ssica Dall\u2019Oglio Frasson, diretora administrativa do&nbsp;<em>Atmosphere Home Spa<\/em>, de Itaja\u00ed\/SC; e Silamara V. Paes, advogada e corretora de im\u00f3veis, de Balne\u00e1rio Cambori\u00fa\/SC.<\/p>\n\n\n\n<figure class=\"wp-block-image\"><img src=\"https:\/\/topsociety.com.br\/wp-content\/uploads\/2025\/12\/WhatsApp-Image-2025-12-22-at-23.00.59-3-1024x685.jpeg\" alt=\"\" class=\"wp-image-8048\" \/><\/figure>\n\n\n\n<p>Rafa Oliveira (Organize Sem Frescura) Curitiba\/PR, Maria Ang\u00e9lica Colombo \u2013 Psic\u00f3loga -Florian\u00f3polis\/SC,<br>Jana\u00edna Mafra \u2013 CEO Boca Mafra Premium -Brusque\/SC, Raisa Amarante \u2013 Modelo e influenciadora -Curitiba\/PR.<\/p>\n\n\n\n<p>Mulheres em evid\u00eancia, unidas por trajet\u00f3rias de prop\u00f3sito, lideran\u00e7a e impacto.<\/p>\n\n\n\n<figure class=\"wp-block-image\"><img src=\"https:\/\/topsociety.com.br\/wp-content\/uploads\/2025\/12\/WhatsApp-Image-2025-12-22-at-23.01.01-1024x682.jpeg\" alt=\"\" class=\"wp-image-8059\" \/><\/figure>\n\n\n\n<p>Na ocasi\u00e3o, tamb\u00e9m foi apresentada a capa da edi\u00e7\u00e3o de mar\u00e7o da Revista Top Society, que traz como destaque J\u00e9ssica Dall\u2019Oglio Frasson, diretora administrativa da Dall, reafirmando o protagonismo feminino e a presen\u00e7a de lideran\u00e7as que inspiram o mercado imobili\u00e1rio e o universo empresarial.<\/p>\n\n\n\n<figure class=\"wp-block-image\"><img src=\"https:\/\/topsociety.com.br\/wp-content\/uploads\/2025\/12\/WhatsApp-Image-2025-12-24-at-07.48.23-730x1024.jpeg\" alt=\"\" class=\"wp-image-8106\" \/><\/figure>\n\n\n\n<p>Em frente ao Atmosphere Home Spa, um cen\u00e1rio \u00e0 altura de mulheres que brilham, inspiram e transformam.<br>O registro ganhou ainda mais impacto com a presen\u00e7a do imponente Rolls-Royce Cullinan, gentileza da CEO Jana\u00edna Mafra, \u00e0 frente da Boca Mafra Premium, s\u00edmbolo de sofistica\u00e7\u00e3o, exclusividade e excel\u00eancia.<\/p>\n\n\n\n<p>Uma noite memor\u00e1vel, marcada por eleg\u00e2ncia, prop\u00f3sito e reconhecimento, celebrando trajet\u00f3rias que deixam legado e fortalecem o protagonismo feminino.<\/p>\n\n\n\n<figure class=\"wp-block-image\"><img src=\"https:\/\/topsociety.com.br\/wp-content\/uploads\/2025\/12\/WhatsApp-Image-2025-12-22-at-23.00.58-1024x502.jpeg\" alt=\"\" class=\"wp-image-8045\" \/><\/figure>\n\n\n\n<p><strong>Agradecimentos aos parceiros deste evento:<\/strong><\/p>\n\n\n\n<p>Boca Mafra Premium<strong>,&nbsp;<\/strong>Atmosphere Home Spa, Dal Empreendimentos, Brava Brindes, Trof\u00e9u Zanoello, Leia Sal\u00e3o, Hotel Villa Dozzio Praia&nbsp;Brava, MZ Aromas e Alquimia, Opala Joias<strong>,&nbsp;<\/strong>AlkemyLab,DellFine&nbsp;Luxury&nbsp;Jewelry, PatBO BC.<\/p>\n\n\n\n<figure class=\"wp-block-image\"><img src=\"https:\/\/topsociety.com.br\/wp-content\/uploads\/2025\/12\/WhatsApp-Image-2025-12-22-at-23.01.00-2-1024x730.jpeg\" alt=\"\" class=\"wp-image-8051\" \/><\/figure>\n\n\n\n<p><strong>Mulheres em Evid\u00eancia<\/strong>&nbsp;\u00e9 um convite para romper limites e desafiar barreiras. Pensamentos pequenos n\u00e3o sustentam grandes trajet\u00f3rias; \u00e9 na expans\u00e3o da vis\u00e3o, na coragem de sonhar alto e na troca genu\u00edna de experi\u00eancias que mulheres constroem impacto real.<\/p>\n\n\n\n<p>Cada conex\u00e3o, cada conquista e cada gesto de lideran\u00e7a transforma n\u00e3o apenas a pr\u00f3pria hist\u00f3ria, mas inspira toda uma rede a crescer, fortalecendo protagonismo, empoderamento e legado.<\/p>\n\n\n\n<p>Nesta&nbsp;<strong>segunda-feira, \u00e0s 13h<\/strong>, ser\u00e1 exibida na&nbsp;<strong>TV Band<\/strong>&nbsp;a cobertura deste evento no&nbsp;<strong>Programa Top Society<\/strong>, em parceria com o programa&nbsp;<strong>Inspire-se<\/strong>.<\/p>\n\n\n\n<p><strong>N\u00e3o perca, assista!<\/strong><\/p>\n\n\n\n<p>Fotografias: Divulga\u00e7\u00e3o Dall, Michele Taunfenbach e Diorge Silva.<\/p>\n\n\n\n<p>Por: Rosilene Bejarano<\/p>\n","protected":false},"excerpt":{"rendered":"<p>Na noite do dia 18, a Praia Brava foi palco de uma celebra\u00e7\u00e3o que uniu&#8230;<\/p>\n","protected":false},"author":3,"featured_media":21394,"comment_status":"closed","ping_status":"open","sticky":false,"template":"","format":"standard","meta":{"om_disable_all_campaigns":false,"_monsterinsights_skip_tracking":false,"_monsterinsights_sitenote_active":false,"_monsterinsights_sitenote_note":"","_monsterinsights_sitenote_category":0,"spay_email":""},"categories":[1],"tags":[],"jetpack_featured_media_url":"https:\/\/vimagazine.com.br\/wp-content\/uploads\/2025\/12\/WhatsApp-Image-2025-12-26-at-16.27.56.jpeg","_links":{"self":[{"href":"https:\/\/vimagazine.com.br\/index.php?rest_route=\/wp\/v2\/posts\/21393"}],"collection":[{"href":"https:\/\/vimagazine.com.br\/index.php?rest_route=\/wp\/v2\/posts"}],"about":[{"href":"https:\/\/vimagazine.com.br\/index.php?rest_route=\/wp\/v2\/types\/post"}],"author":[{"embeddable":true,"href":"https:\/\/vimagazine.com.br\/index.php?rest_route=\/wp\/v2\/users\/3"}],"replies":[{"embeddable":true,"href":"https:\/\/vimagazine.com.br\/index.php?rest_route=%2Fwp%2Fv2%2Fcomments&post=21393"}],"version-history":[{"count":1,"href":"https:\/\/vimagazine.com.br\/index.php?rest_route=\/wp\/v2\/posts\/21393\/revisions"}],"predecessor-version":[{"id":21395,"href":"https:\/\/vimagazine.com.br\/index.php?rest_route=\/wp\/v2\/posts\/21393\/revisions\/21395"}],"wp:featuredmedia":[{"embeddable":true,"href":"https:\/\/vimagazine.com.br\/index.php?rest_route=\/wp\/v2\/media\/21394"}],"wp:attachment":[{"href":"https:\/\/vimagazine.com.br\/index.php?rest_route=%2Fwp%2Fv2%2Fmedia&parent=21393"}],"wp:term":[{"taxonomy":"category","embeddable":true,"href":"https:\/\/vimagazine.com.br\/index.php?rest_route=%2Fwp%2Fv2%2Fcategories&post=21393"},{"taxonomy":"post_tag","embeddable":true,"href":"https:\/\/vimagazine.com.br\/index.php?rest_route=%2Fwp%2Fv2%2Ftags&post=21393"}],"curies":[{"name":"wp","href":"https:\/\/api.w.org\/{rel}","templated":true}]}}