{"id":21593,"date":"2026-01-26T14:23:25","date_gmt":"2026-01-26T17:23:25","guid":{"rendered":"https:\/\/vimagazine.com.br\/?p=21593"},"modified":"2026-01-26T14:23:26","modified_gmt":"2026-01-26T17:23:26","slug":"porto-alegre-sediara-o-1o-seminario-de-compras-publicas-de-2026-nos-dias-29-e-30-de-janeiro-de-2026","status":"publish","type":"post","link":"https:\/\/vimagazine.com.br\/?p=21593","title":{"rendered":"Porto Alegre sediar\u00e1 o 1\u00ba Semin\u00e1rio de Compras P\u00fablicas de 2026  nos dias 29 e 30 de janeiro de 2026"},"content":{"rendered":"\n<p>Porto Alegre ser\u00e1 palco do 1\u00ba Semin\u00e1rio de Compras P\u00fablicas de Porto Alegre \u2013 RS, sob a realiza\u00e7\u00e3o do Instituto&nbsp;Prosperitare&nbsp;e da&nbsp;WM Solu\u00e7\u00f5es &amp; Servi\u00e7os, com apoio institucional da&nbsp;Fecom\u00e9rcio\/RS&nbsp;e parceria do&nbsp;SINDILOJAS Celeiro,&nbsp;Dr.&nbsp;Licit&nbsp;e&nbsp;Portal de Compras P\u00fablicas.&nbsp;<\/p>\n\n\n\n<p>Um evento 100% presencial&nbsp;voltado ao fortalecimento da gest\u00e3o p\u00fablica e \u00e0 capacita\u00e7\u00e3o t\u00e9cnica de profissionais que atuam \u2014 ou desejam atuar \u2014 nas \u00e1reas de licita\u00e7\u00f5es, contrata\u00e7\u00f5es p\u00fablicas e governan\u00e7a.&nbsp;<\/p>\n\n\n\n<p>O Semin\u00e1rio ser\u00e1 realizado nos dias 29 e 30 de janeiro de 2026, no Centro de Eventos Fecom\u00e9rcio\/RS, reunindo gestores p\u00fablicos, servidores, vereadores, especialistas, empres\u00e1rios e profissionais do setor privado, em um ambiente qualificado de aprendizado, troca de experi\u00eancias e networking institucional.&nbsp;<\/p>\n\n\n\n<p>O foco central do evento ser\u00e1 a Lei n\u00ba 14.133\/21 (Nova Lei de Licita\u00e7\u00f5es e Contratos), aliada \u00e0s boas pr\u00e1ticas de efici\u00eancia, transpar\u00eancia, inova\u00e7\u00e3o e desenvolvimento institucional&nbsp;na administra\u00e7\u00e3o p\u00fablica. A programa\u00e7\u00e3o foi estruturada para enfrentar desafios reais do cotidiano dos munic\u00edpios, como inseguran\u00e7a jur\u00eddica, falhas no planejamento das contrata\u00e7\u00f5es, processos licitat\u00f3rios fracassados e dificuldades t\u00e9cnicas tanto na gest\u00e3o quanto na fiscaliza\u00e7\u00e3o.&nbsp;<\/p>\n\n\n\n<p>Conte\u00fado t\u00e9cnico, pr\u00e1tica e integra\u00e7\u00e3o entre setores&nbsp;<\/p>\n\n\n\n<p>A programa\u00e7\u00e3o contar\u00e1 com palestrantes regionais e nacionais, que apresentar\u00e3o conte\u00fados t\u00e9cnicos atualizados, cases de sucesso, pain\u00e9is tem\u00e1ticos e debates sobre: Planejamento e execu\u00e7\u00e3o das compras p\u00fablicas; governan\u00e7a, controle e fiscaliza\u00e7\u00e3o; Inova\u00e7\u00e3o na gest\u00e3o p\u00fablica; capacita\u00e7\u00e3o de pessoas; melhoria dos processos de compras governamentais; acesso das empresas ao mercado p\u00fablico.&nbsp;<\/p>\n\n\n\n<p>O evento \u00e9 direcionado a servidores p\u00fablicos, estudantes, empreendedores, empres\u00e1rios, administradores, advogados e demais interessados&nbsp;em aprofundar seus conhecimentos sobre compras p\u00fablicas e compreender como se tornar fornecedores do maior comprador do Brasil: o Poder P\u00fablico, nas esferas municipal, estadual e federal.&nbsp;<\/p>\n\n\n\n<p>Objetivo: aproximar o setor p\u00fablico do setor privado&nbsp;<\/p>\n\n\n\n<p>O principal objetivo do Semin\u00e1rio \u00e9 promover a troca de conhecimento, fortalecer as pr\u00e1ticas de governan\u00e7a e estimular o desenvolvimento profissional, al\u00e9m de aproximar o setor p\u00fablico do setor privado, incentivando a participa\u00e7\u00e3o de empresas de diferentes segmentos nas oportunidades geradas pelas compras governamentais.&nbsp;<\/p>\n\n\n\n<p>Al\u00e9m das palestras e pain\u00e9is especializados, o evento contar\u00e1 com espa\u00e7o dedicado ao networking e relacionamento institucional, promovendo conex\u00f5es estrat\u00e9gicas entre gestores, legisladores e o setor produtivo. Todos os participantes receber\u00e3o certificado digital de participa\u00e7\u00e3o.&nbsp;<\/p>\n\n\n\n<p>O time de Mentores palestrantes&nbsp;s\u00e3o:Luciane&nbsp;Sippert, Marcia Matos,&nbsp;Tiossi&nbsp;Jr.,&nbsp;\u00cccaro&nbsp;Bitar, Rafael Rodrigues, Sara Sabino, Allan&nbsp;Antoglioli,&nbsp;Nadia&nbsp;Dall&nbsp;Agnol, Luiz&nbsp;Ottero, Jamil&nbsp;Mansfi,Sandro&nbsp;Bernardes, Maria Eduarda Nogueira, Hugo&nbsp;Berrini,&nbsp;Carol Souza, Norton Kruel, Magnum&nbsp;Eltz.&nbsp;<\/p>\n\n\n\n<p>Foco em solu\u00e7\u00f5es pr\u00e1ticas e seguran\u00e7a institucional&nbsp;<\/p>\n\n\n\n<p>O 1\u00ba Semin\u00e1rio de Compras P\u00fablicas de Porto Alegre&nbsp;consolida-se como um espa\u00e7o estrat\u00e9gico para quem busca atualiza\u00e7\u00e3o t\u00e9cnica, seguran\u00e7a jur\u00eddica, desenvolvimento profissional e conex\u00f5es relevantes&nbsp;no cen\u00e1rio das contrata\u00e7\u00f5es p\u00fablicas.&nbsp;<\/p>\n\n\n\n<p>Servi\u00e7o&nbsp;<\/p>\n\n\n\n<p>Evento:&nbsp;1\u00ba Semin\u00e1rio de Compras P\u00fablicas de Porto Alegre \u2013 RS&nbsp;<br>Data:&nbsp;29 e 30 de janeiro de 2026&nbsp;<br>Local:&nbsp;Centro de Eventos Fecom\u00e9rcio\/RS&nbsp;<br>&nbsp;Rua Fecom\u00e9rcio, n\u00ba 101 \u2013 Bairro Anchieta \u2013 Porto Alegre\/RS&nbsp;<br>&nbsp;Certificado digital de participa\u00e7\u00e3o&nbsp;<\/p>\n\n\n\n<p>Confirma\u00e7\u00e3o de presen\u00e7a:&nbsp;at\u00e9 26\/01\/2026&nbsp;<br>\ud83d\udcde Telefone: (55) 99999-7985&nbsp;<\/p>\n","protected":false},"excerpt":{"rendered":"<p>Porto Alegre ser\u00e1 palco do 1\u00ba Semin\u00e1rio de Compras P\u00fablicas de Porto Alegre \u2013 RS,&#8230;<\/p>\n","protected":false},"author":19,"featured_media":21594,"comment_status":"closed","ping_status":"open","sticky":false,"template":"","format":"standard","meta":{"om_disable_all_campaigns":false,"_monsterinsights_skip_tracking":false,"_monsterinsights_sitenote_active":false,"_monsterinsights_sitenote_note":"","_monsterinsights_sitenote_category":0,"spay_email":""},"categories":[1],"tags":[],"jetpack_featured_media_url":"https:\/\/vimagazine.com.br\/wp-content\/uploads\/2026\/01\/WhatsApp-Image-2026-01-20-at-10.11.18-2.jpeg","_links":{"self":[{"href":"https:\/\/vimagazine.com.br\/index.php?rest_route=\/wp\/v2\/posts\/21593"}],"collection":[{"href":"https:\/\/vimagazine.com.br\/index.php?rest_route=\/wp\/v2\/posts"}],"about":[{"href":"https:\/\/vimagazine.com.br\/index.php?rest_route=\/wp\/v2\/types\/post"}],"author":[{"embeddable":true,"href":"https:\/\/vimagazine.com.br\/index.php?rest_route=\/wp\/v2\/users\/19"}],"replies":[{"embeddable":true,"href":"https:\/\/vimagazine.com.br\/index.php?rest_route=%2Fwp%2Fv2%2Fcomments&post=21593"}],"version-history":[{"count":1,"href":"https:\/\/vimagazine.com.br\/index.php?rest_route=\/wp\/v2\/posts\/21593\/revisions"}],"predecessor-version":[{"id":21595,"href":"https:\/\/vimagazine.com.br\/index.php?rest_route=\/wp\/v2\/posts\/21593\/revisions\/21595"}],"wp:featuredmedia":[{"embeddable":true,"href":"https:\/\/vimagazine.com.br\/index.php?rest_route=\/wp\/v2\/media\/21594"}],"wp:attachment":[{"href":"https:\/\/vimagazine.com.br\/index.php?rest_route=%2Fwp%2Fv2%2Fmedia&parent=21593"}],"wp:term":[{"taxonomy":"category","embeddable":true,"href":"https:\/\/vimagazine.com.br\/index.php?rest_route=%2Fwp%2Fv2%2Fcategories&post=21593"},{"taxonomy":"post_tag","embeddable":true,"href":"https:\/\/vimagazine.com.br\/index.php?rest_route=%2Fwp%2Fv2%2Ftags&post=21593"}],"curies":[{"name":"wp","href":"https:\/\/api.w.org\/{rel}","templated":true}]}}