{"id":21606,"date":"2026-01-27T14:10:09","date_gmt":"2026-01-27T17:10:09","guid":{"rendered":"https:\/\/vimagazine.com.br\/?p=21606"},"modified":"2026-01-27T14:10:11","modified_gmt":"2026-01-27T17:10:11","slug":"atriz-capixaba-brilha-no-complexo-do-alemao-em-novo-filme-da-cpx-films","status":"publish","type":"post","link":"https:\/\/vimagazine.com.br\/?p=21606","title":{"rendered":"Atriz capixaba brilha no Complexo do Alem\u00e3o em novo filme da CPX Films"},"content":{"rendered":"\n<p><\/p>\n\n\n\n<p>A atriz <strong>Jana\u00edna Gazoni<\/strong>, natural de <strong>Alegre, no Esp\u00edrito Santo<\/strong>, \u00e9 o grande destaque de uma produ\u00e7\u00e3o nacional que aposta em drama intenso, realismo social e for\u00e7a interpretativa. Gravado no <strong>Complexo do Alem\u00e3o<\/strong>, no Rio de Janeiro \u2014 cen\u00e1rio que j\u00e1 foi palco da novela <em>Salve Jorge<\/em> (TV Globo, 2012\/2013) \u2014, o filme re\u00fane um elenco de peso e valoriza talentos da pr\u00f3pria comunidade.<\/p>\n\n\n\n<p>Ao lado de Jana\u00edna, o elenco conta com nomes como <strong>Marco Ant\u00f4nio Gimenez<\/strong>, <strong>Dani Costa<\/strong>, <strong>Rodrigo Candelot<\/strong>, <strong>Renato de Souza<\/strong>, <strong>Maur\u00edcio Pitanga<\/strong>, <strong>Edmilson Anast\u00e1cio<\/strong>, <strong>Max Magalh\u00e3es<\/strong>, <strong>Priscila Rangel<\/strong>, <strong>Bruno Mon\u00e7\u00e3o<\/strong>, <strong>Jackson Candido<\/strong> e a atriz mirim <strong>Alicia Bernardo<\/strong>, que interpreta Alice, filha da protagonista com o personagem Lob\u00e3o na trama, entre outros atores.<\/p>\n\n\n\n<p>O projeto marca mais um passo da <strong>CPX Films<\/strong> no fortalecimento do cinema independente brasileiro e \u00e9 dirigido pela dupla <strong>Jackson Lessa e Jef Lessa<\/strong>, com <strong>assist\u00eancia de dire\u00e7\u00e3o de Thiago Ribeiro e Peta<\/strong>. A produ\u00e7\u00e3o executiva \u00e9 assinada por <strong>Bruno Mon\u00e7\u00e3o<\/strong>, com <strong>fotografia de Julio Ricardo<\/strong>.<\/p>\n\n\n\n<p>Na trama, Jana\u00edna Gazoni d\u00e1 vida a <strong>Bella<\/strong>, uma mulher forte e determinada que enfrenta um conflito emocional profundo. Ela contracena com <strong>Marco Ant\u00f4nio Gimenez<\/strong>, conhecido do grande p\u00fablico pelo personagem Urubu, da novela <em>Malha\u00e7\u00e3o<\/em>. No filme, os dois interpretam um casal separado pela dura realidade do crime.<\/p>\n\n\n\n<p><\/p>\n\n\n\n<p><\/p>\n\n\n\n<figure class=\"wp-container-2 wp-block-gallery-1 wp-block-gallery has-nested-images columns-1 is-cropped\">\n<figure class=\"wp-block-image size-large\"><img width=\"1600\" height=\"1066\" data-id=\"21608\"  src=\"https:\/\/vimagazine.com.br\/wp-content\/uploads\/2026\/01\/Cre-769dito-foto-Julio-Ricardo.jpg\" alt=\"\" class=\"wp-image-21608\" srcset=\"https:\/\/vimagazine.com.br\/wp-content\/uploads\/2026\/01\/Cre-769dito-foto-Julio-Ricardo.jpg 1600w, https:\/\/vimagazine.com.br\/wp-content\/uploads\/2026\/01\/Cre-769dito-foto-Julio-Ricardo-300x200.jpg 300w, https:\/\/vimagazine.com.br\/wp-content\/uploads\/2026\/01\/Cre-769dito-foto-Julio-Ricardo-1024x682.jpg 1024w, https:\/\/vimagazine.com.br\/wp-content\/uploads\/2026\/01\/Cre-769dito-foto-Julio-Ricardo-768x512.jpg 768w, https:\/\/vimagazine.com.br\/wp-content\/uploads\/2026\/01\/Cre-769dito-foto-Julio-Ricardo-1536x1023.jpg 1536w\" sizes=\"(max-width: 1600px) 100vw, 1600px\" \/><\/figure>\n\n\n\n<figure class=\"wp-block-image size-large\"><img width=\"1280\" height=\"987\" data-id=\"21607\"  src=\"https:\/\/vimagazine.com.br\/wp-content\/uploads\/2026\/01\/Foto-Credito-Julio-Ricardo1..jpg\" alt=\"\" class=\"wp-image-21607\" srcset=\"https:\/\/vimagazine.com.br\/wp-content\/uploads\/2026\/01\/Foto-Credito-Julio-Ricardo1..jpg 1280w, https:\/\/vimagazine.com.br\/wp-content\/uploads\/2026\/01\/Foto-Credito-Julio-Ricardo1.-300x231.jpg 300w, https:\/\/vimagazine.com.br\/wp-content\/uploads\/2026\/01\/Foto-Credito-Julio-Ricardo1.-1024x790.jpg 1024w, https:\/\/vimagazine.com.br\/wp-content\/uploads\/2026\/01\/Foto-Credito-Julio-Ricardo1.-768x592.jpg 768w\" sizes=\"(max-width: 1280px) 100vw, 1280px\" \/><\/figure>\n<\/figure>\n\n\n\n<p><\/p>\n\n\n\n<h3>Conflito entre amor e escolhas<\/h3>\n\n\n\n<p>A narrativa se aprofunda na rela\u00e7\u00e3o complexa entre Bella e seu ex-marido. Apesar de o amor ainda existir, ela se recusa a aceitar o envolvimento dele com a criminalidade. Ele tenta reconquist\u00e1-la, mas encontra resist\u00eancia nos princ\u00edpios e na busca de Bella por uma vida digna, longe do submundo e da viol\u00eancia. O embate entre sentimento, \u00e9tica e sobreviv\u00eancia conduz o drama com intensidade e humanidade.<\/p>\n\n\n\n<p>Al\u00e9m da for\u00e7a dram\u00e1tica, a produ\u00e7\u00e3o se destaca por contar com a participa\u00e7\u00e3o de <strong>moradores e talentos locais<\/strong>, reafirmando o <strong>Complexo do Alem\u00e3o<\/strong> como um importante polo cultural e audiovisual, capaz de gerar narrativas potentes e aut\u00eanticas.<\/p>\n\n\n\n<p><strong>Produtora:<\/strong> CPX Films<br><strong>Loca\u00e7\u00f5es:<\/strong> Complexo do Alem\u00e3o, Rio de Janeiro<\/p>\n","protected":false},"excerpt":{"rendered":"<p>A atriz Jana\u00edna Gazoni, natural de Alegre, no Esp\u00edrito Santo, \u00e9 o grande destaque de&#8230;<\/p>\n","protected":false},"author":1,"featured_media":21609,"comment_status":"closed","ping_status":"open","sticky":false,"template":"","format":"standard","meta":{"om_disable_all_campaigns":false,"_monsterinsights_skip_tracking":false,"_monsterinsights_sitenote_active":false,"_monsterinsights_sitenote_note":"","_monsterinsights_sitenote_category":0,"spay_email":""},"categories":[1],"tags":[],"jetpack_featured_media_url":"https:\/\/vimagazine.com.br\/wp-content\/uploads\/2026\/01\/Crediro-foto-Julio-Ricardo.jpg","_links":{"self":[{"href":"https:\/\/vimagazine.com.br\/index.php?rest_route=\/wp\/v2\/posts\/21606"}],"collection":[{"href":"https:\/\/vimagazine.com.br\/index.php?rest_route=\/wp\/v2\/posts"}],"about":[{"href":"https:\/\/vimagazine.com.br\/index.php?rest_route=\/wp\/v2\/types\/post"}],"author":[{"embeddable":true,"href":"https:\/\/vimagazine.com.br\/index.php?rest_route=\/wp\/v2\/users\/1"}],"replies":[{"embeddable":true,"href":"https:\/\/vimagazine.com.br\/index.php?rest_route=%2Fwp%2Fv2%2Fcomments&post=21606"}],"version-history":[{"count":1,"href":"https:\/\/vimagazine.com.br\/index.php?rest_route=\/wp\/v2\/posts\/21606\/revisions"}],"predecessor-version":[{"id":21610,"href":"https:\/\/vimagazine.com.br\/index.php?rest_route=\/wp\/v2\/posts\/21606\/revisions\/21610"}],"wp:featuredmedia":[{"embeddable":true,"href":"https:\/\/vimagazine.com.br\/index.php?rest_route=\/wp\/v2\/media\/21609"}],"wp:attachment":[{"href":"https:\/\/vimagazine.com.br\/index.php?rest_route=%2Fwp%2Fv2%2Fmedia&parent=21606"}],"wp:term":[{"taxonomy":"category","embeddable":true,"href":"https:\/\/vimagazine.com.br\/index.php?rest_route=%2Fwp%2Fv2%2Fcategories&post=21606"},{"taxonomy":"post_tag","embeddable":true,"href":"https:\/\/vimagazine.com.br\/index.php?rest_route=%2Fwp%2Fv2%2Ftags&post=21606"}],"curies":[{"name":"wp","href":"https:\/\/api.w.org\/{rel}","templated":true}]}}