{"id":2201,"date":"2022-01-03T12:42:54","date_gmt":"2022-01-03T15:42:54","guid":{"rendered":"https:\/\/vimagazine.com.br\/?p=2201"},"modified":"2022-01-03T12:42:58","modified_gmt":"2022-01-03T15:42:58","slug":"castelo-havan-passa-por-revitalizacao-em-blumenau-sc","status":"publish","type":"post","link":"https:\/\/vimagazine.com.br\/?p=2201","title":{"rendered":"Castelo Havan passa por revitaliza\u00e7\u00e3o, em Blumenau &#8211; SC"},"content":{"rendered":"\n<p><\/p>\n\n\n\n<p style=\"font-size:24px\"><strong>Pr\u00e9dio \u00e9 um dos pontos tur\u00edsticos mais fotografados do estado. Rede varejista conta com loja no espa\u00e7o desde 2008<\/strong><\/p>\n\n\n\n<figure class=\"wp-container-2 wp-block-gallery-1 wp-block-gallery columns-2 is-cropped\"><ul class=\"blocks-gallery-grid\"><li class=\"blocks-gallery-item\"><figure><img width=\"1024\" height=\"730\" src=\"https:\/\/vimagazine.com.br\/wp-content\/uploads\/2022\/01\/IMG-20220103-WA0085-1024x730.jpg\" alt=\"\" data-id=\"2202\" data-full-url=\"https:\/\/vimagazine.com.br\/wp-content\/uploads\/2022\/01\/IMG-20220103-WA0085.jpg\" data-link=\"https:\/\/vimagazine.com.br\/?attachment_id=2202\" class=\"wp-image-2202\" srcset=\"https:\/\/vimagazine.com.br\/wp-content\/uploads\/2022\/01\/IMG-20220103-WA0085-1024x730.jpg 1024w, https:\/\/vimagazine.com.br\/wp-content\/uploads\/2022\/01\/IMG-20220103-WA0085-300x214.jpg 300w, https:\/\/vimagazine.com.br\/wp-content\/uploads\/2022\/01\/IMG-20220103-WA0085-768x548.jpg 768w, https:\/\/vimagazine.com.br\/wp-content\/uploads\/2022\/01\/IMG-20220103-WA0085.jpg 1280w\" sizes=\"(max-width: 1024px) 100vw, 1024px\" \/><\/figure><\/li><li class=\"blocks-gallery-item\"><figure><img width=\"1024\" height=\"731\" src=\"https:\/\/vimagazine.com.br\/wp-content\/uploads\/2022\/01\/IMG-20220103-WA0084-1024x731.jpg\" alt=\"\" data-id=\"2203\" data-full-url=\"https:\/\/vimagazine.com.br\/wp-content\/uploads\/2022\/01\/IMG-20220103-WA0084.jpg\" data-link=\"https:\/\/vimagazine.com.br\/?attachment_id=2203\" class=\"wp-image-2203\" srcset=\"https:\/\/vimagazine.com.br\/wp-content\/uploads\/2022\/01\/IMG-20220103-WA0084-1024x731.jpg 1024w, https:\/\/vimagazine.com.br\/wp-content\/uploads\/2022\/01\/IMG-20220103-WA0084-300x214.jpg 300w, https:\/\/vimagazine.com.br\/wp-content\/uploads\/2022\/01\/IMG-20220103-WA0084-768x548.jpg 768w, https:\/\/vimagazine.com.br\/wp-content\/uploads\/2022\/01\/IMG-20220103-WA0084.jpg 1280w\" sizes=\"(max-width: 1024px) 100vw, 1024px\" \/><\/figure><\/li><\/ul><\/figure>\n\n\n\n<p style=\"font-size:14px\">&nbsp;O Castelo Havan, um dos pontos tur\u00edsticos mais fotografados de Santa Catarina, que est\u00e1 localizado no cora\u00e7\u00e3o de Blumenau (SC), na rua XV de novembro, passou por uma revitaliza\u00e7\u00e3o recentemente. Foram quase cinco meses de obras e mais de R$500 mil reais investidos no projeto, que utilizou exclusivamente materiais que preservassem as caracter\u00edsticas originais da edifica\u00e7\u00e3o.<\/p>\n\n\n\n<p style=\"font-size:14px\">&nbsp;A engenheira respons\u00e1vel pelo projeto, Maria Eduarda Bankhardt, detalha que para realizar as melhorias foram necess\u00e1rias autoriza\u00e7\u00f5es da Funda\u00e7\u00e3o Catarinense de Cultura e Patrim\u00f4nio Cultural de Blumenau. \u201cDevido o patrim\u00f4nio ser tombado (os dois casar\u00f5es anexos ao Castelo) precisamos manter as carater\u00edsticas e utilizar os mesmos materiais utilizados na constru\u00e7\u00e3o original, como tipo de argamassa de reboco, tipo de tinta, modelo de calha, para n\u00e3o descaracterizar a edifica\u00e7\u00e3o. Todo o projeto foi focado em restaurar e n\u00e3o em reformar o pr\u00e9dio\u201d, explica.<\/p>\n\n\n\n<p style=\"font-size:14px\">Maria Eduarda acrescenta que devido \u00e0 localiza\u00e7\u00e3o do Castelo, diversos servi\u00e7os como lava\u00e7\u00e3o, montagem e desmontagem de andaime precisaram ser feitos no per\u00edodo noturno. \u201cO recebimento de materiais, por exemplo, precisa de licen\u00e7a junto a guarda de tr\u00e2nsito para trafegar na Avenida Beira Rio e na Rua XV, entre outros detalhes\u201d, frisa.<\/p>\n\n\n\n<p style=\"font-size:14px\">Entre as melhorias que foram realizadas, esteve a troca de calhas e veda\u00e7\u00e3o de rufos, substitui\u00e7\u00e3o de telhas quebradas, corre\u00e7\u00e3o de reboco, substitui\u00e7\u00e3o de janelas, pintura da fachada e do rel\u00f3gio e troca de cer\u00e2mica. Foram necess\u00e1rios cerca de 10 profissionais de diferentes \u00e1reas para manter a edifica\u00e7\u00e3o com suas caracter\u00edsticas preservadas. \u201cFoi um grande prazer tocarmos essa obra. Desde 2008, contamos com uma Havan no espa\u00e7o e tomamos sempre todos os cuidados com a edifica\u00e7\u00e3o. Sabemos da import\u00e2ncia do Castelo e que ele \u00e9 um ponto tur\u00edstico de Blumenau e Santa\u201d, enfatiza o diretor de expans\u00e3o da Havan, Nilton Hang.<\/p>\n","protected":false},"excerpt":{"rendered":"<p>Pr\u00e9dio \u00e9 um dos pontos tur\u00edsticos mais fotografados do estado. Rede varejista conta com loja&#8230;<\/p>\n","protected":false},"author":35,"featured_media":2204,"comment_status":"closed","ping_status":"open","sticky":false,"template":"","format":"standard","meta":{"om_disable_all_campaigns":false,"_monsterinsights_skip_tracking":false,"_monsterinsights_sitenote_active":false,"_monsterinsights_sitenote_note":"","_monsterinsights_sitenote_category":0,"spay_email":""},"categories":[1],"tags":[243,248,244,245,242,247,246,241,131],"jetpack_featured_media_url":"https:\/\/vimagazine.com.br\/wp-content\/uploads\/2022\/01\/IMG-20220103-WA0086.jpg","_links":{"self":[{"href":"https:\/\/vimagazine.com.br\/index.php?rest_route=\/wp\/v2\/posts\/2201"}],"collection":[{"href":"https:\/\/vimagazine.com.br\/index.php?rest_route=\/wp\/v2\/posts"}],"about":[{"href":"https:\/\/vimagazine.com.br\/index.php?rest_route=\/wp\/v2\/types\/post"}],"author":[{"embeddable":true,"href":"https:\/\/vimagazine.com.br\/index.php?rest_route=\/wp\/v2\/users\/35"}],"replies":[{"embeddable":true,"href":"https:\/\/vimagazine.com.br\/index.php?rest_route=%2Fwp%2Fv2%2Fcomments&post=2201"}],"version-history":[{"count":1,"href":"https:\/\/vimagazine.com.br\/index.php?rest_route=\/wp\/v2\/posts\/2201\/revisions"}],"predecessor-version":[{"id":2205,"href":"https:\/\/vimagazine.com.br\/index.php?rest_route=\/wp\/v2\/posts\/2201\/revisions\/2205"}],"wp:featuredmedia":[{"embeddable":true,"href":"https:\/\/vimagazine.com.br\/index.php?rest_route=\/wp\/v2\/media\/2204"}],"wp:attachment":[{"href":"https:\/\/vimagazine.com.br\/index.php?rest_route=%2Fwp%2Fv2%2Fmedia&parent=2201"}],"wp:term":[{"taxonomy":"category","embeddable":true,"href":"https:\/\/vimagazine.com.br\/index.php?rest_route=%2Fwp%2Fv2%2Fcategories&post=2201"},{"taxonomy":"post_tag","embeddable":true,"href":"https:\/\/vimagazine.com.br\/index.php?rest_route=%2Fwp%2Fv2%2Ftags&post=2201"}],"curies":[{"name":"wp","href":"https:\/\/api.w.org\/{rel}","templated":true}]}}