{"id":22027,"date":"2026-03-10T15:28:28","date_gmt":"2026-03-10T18:28:28","guid":{"rendered":"https:\/\/vimagazine.com.br\/?p=22027"},"modified":"2026-03-10T15:28:30","modified_gmt":"2026-03-10T18:28:30","slug":"do-brilho-da-avenida-para-a-tv-musa-fitness-isis-camargo-chama-atencao-de-produtores-de-reality","status":"publish","type":"post","link":"https:\/\/vimagazine.com.br\/?p=22027","title":{"rendered":"Do brilho da avenida para a TV: musa fitness Isis Camargo chama aten\u00e7\u00e3o de produtores de reality"},"content":{"rendered":"\n<figure class=\"wp-block-image aligncenter size-large is-resized\"><img src=\"https:\/\/vimagazine.com.br\/wp-content\/uploads\/2026\/03\/Isis-Camargo-01-589x1024.jpeg\" alt=\"\" class=\"wp-image-22028\" width=\"465\" height=\"808\" srcset=\"https:\/\/vimagazine.com.br\/wp-content\/uploads\/2026\/03\/Isis-Camargo-01-589x1024.jpeg 589w, https:\/\/vimagazine.com.br\/wp-content\/uploads\/2026\/03\/Isis-Camargo-01-173x300.jpeg 173w, https:\/\/vimagazine.com.br\/wp-content\/uploads\/2026\/03\/Isis-Camargo-01.jpeg 736w\" sizes=\"(max-width: 465px) 100vw, 465px\" \/><\/figure>\n\n\n\n<p>O Carnaval passou, mas o nome de&nbsp;<strong><a rel=\"noreferrer noopener\" target=\"_blank\" href=\"https:\/\/www.instagram.com\/isiscamargo.oficial\">Isis Camargo<\/a><\/strong>&nbsp;continua ecoando com for\u00e7a nos bastidores do entretenimento. Musa fitness conhecida por sua disciplina, carisma e presen\u00e7a marcante na avenida, Isis agora come\u00e7a a despertar o interesse da televis\u00e3o.<\/p>\n\n\n\n<p>Depois de uma temporada intensa de ensaios, prepara\u00e7\u00e3o f\u00edsica e um desfile que chamou aten\u00e7\u00e3o pela eleg\u00e2ncia e energia, a musa viu sua visibilidade crescer rapidamente. Nas redes sociais, o p\u00fablico acompanha de perto sua rotina dedicada ao universo fitness, \u00e0 sa\u00fade e \u00e0 autoestima, combina\u00e7\u00e3o que vem transformando Isis em um nome cada vez mais comentado.<\/p>\n\n\n\n<p>E foi justamente esse conjunto de fatores que colocou a musa no radar dos produtores de televis\u00e3o. Fontes do meio art\u00edstico revelam que Isis Camargo est\u00e1 sendo sondada para participar de um reality show, um formato que valoriza personalidade forte, autenticidade e capacidade de conex\u00e3o com o p\u00fablico.<\/p>\n\n\n\n<p>Quem convive com Isis sabe que por tr\u00e1s da est\u00e9tica impec\u00e1vel existe uma mulher determinada, disciplinada e cheia de energia, caracter\u00edsticas que costumam conquistar audi\u00eancia quando expostas diante das c\u00e2meras.<\/p>\n\n\n\n<p>Sem confirma\u00e7\u00e3o oficial sobre qual programa estaria interessado, o que j\u00e1 circula nos bastidores \u00e9 que as conversas existem e o interesse \u00e9 real. Caso se concretize, a participa\u00e7\u00e3o pode marcar um novo momento na trajet\u00f3ria da musa, ampliando ainda mais sua presen\u00e7a no universo do entretenimento.<\/p>\n\n\n\n<p>Enquanto o convite n\u00e3o \u00e9 anunciado, Isis segue focada em seus projetos e mantendo a mesma postura que a levou a se destacar: dedica\u00e7\u00e3o, autenticidade e paix\u00e3o por tudo aquilo que faz. E se depender do entusiasmo de seus admiradores, o p\u00fablico ainda ver\u00e1 Isis Camargo brilhar muito al\u00e9m da avenida.<\/p>\n\n\n\n<p><strong>Cr\u00e9dito da Foto: Acervo Pessoal &#8211; Renato Cipriano \/ Zuleika Ferreira \u2013 Divulga\u00e7\u00e3o<\/strong><\/p>\n","protected":false},"excerpt":{"rendered":"<p>O Carnaval passou, mas o nome de&nbsp;Isis Camargo&nbsp;continua ecoando com for\u00e7a nos bastidores do entretenimento&#8230;.<\/p>\n","protected":false},"author":19,"featured_media":22029,"comment_status":"closed","ping_status":"open","sticky":false,"template":"","format":"standard","meta":{"om_disable_all_campaigns":false,"_monsterinsights_skip_tracking":false,"_monsterinsights_sitenote_active":false,"_monsterinsights_sitenote_note":"","_monsterinsights_sitenote_category":0,"spay_email":""},"categories":[1],"tags":[],"jetpack_featured_media_url":"https:\/\/vimagazine.com.br\/wp-content\/uploads\/2026\/03\/Isis-Camargo-02-co\u0301pia.jpeg","_links":{"self":[{"href":"https:\/\/vimagazine.com.br\/index.php?rest_route=\/wp\/v2\/posts\/22027"}],"collection":[{"href":"https:\/\/vimagazine.com.br\/index.php?rest_route=\/wp\/v2\/posts"}],"about":[{"href":"https:\/\/vimagazine.com.br\/index.php?rest_route=\/wp\/v2\/types\/post"}],"author":[{"embeddable":true,"href":"https:\/\/vimagazine.com.br\/index.php?rest_route=\/wp\/v2\/users\/19"}],"replies":[{"embeddable":true,"href":"https:\/\/vimagazine.com.br\/index.php?rest_route=%2Fwp%2Fv2%2Fcomments&post=22027"}],"version-history":[{"count":1,"href":"https:\/\/vimagazine.com.br\/index.php?rest_route=\/wp\/v2\/posts\/22027\/revisions"}],"predecessor-version":[{"id":22030,"href":"https:\/\/vimagazine.com.br\/index.php?rest_route=\/wp\/v2\/posts\/22027\/revisions\/22030"}],"wp:featuredmedia":[{"embeddable":true,"href":"https:\/\/vimagazine.com.br\/index.php?rest_route=\/wp\/v2\/media\/22029"}],"wp:attachment":[{"href":"https:\/\/vimagazine.com.br\/index.php?rest_route=%2Fwp%2Fv2%2Fmedia&parent=22027"}],"wp:term":[{"taxonomy":"category","embeddable":true,"href":"https:\/\/vimagazine.com.br\/index.php?rest_route=%2Fwp%2Fv2%2Fcategories&post=22027"},{"taxonomy":"post_tag","embeddable":true,"href":"https:\/\/vimagazine.com.br\/index.php?rest_route=%2Fwp%2Fv2%2Ftags&post=22027"}],"curies":[{"name":"wp","href":"https:\/\/api.w.org\/{rel}","templated":true}]}}