{"id":22032,"date":"2026-03-10T16:17:07","date_gmt":"2026-03-10T19:17:07","guid":{"rendered":"https:\/\/vimagazine.com.br\/?p=22032"},"modified":"2026-03-10T16:17:09","modified_gmt":"2026-03-10T19:17:09","slug":"atriz-giovanna-chaves-se-destaca-em-o-velho-fusca-e-desperta-curiosidade-do-publico-dentro-e-fora-das-telas","status":"publish","type":"post","link":"https:\/\/vimagazine.com.br\/?p=22032","title":{"rendered":"Atriz Giovanna Chaves se destaca em \u201cO Velho Fusca\u201d e desperta curiosidade do p\u00fablico dentro e fora das telas"},"content":{"rendered":"\n<figure class=\"wp-block-image size-large\"><img width=\"1024\" height=\"683\" src=\"https:\/\/vimagazine.com.br\/wp-content\/uploads\/2026\/03\/O-Velho-Fusca-09-1024x683.jpeg\" alt=\"\" class=\"wp-image-22033\" srcset=\"https:\/\/vimagazine.com.br\/wp-content\/uploads\/2026\/03\/O-Velho-Fusca-09-1024x683.jpeg 1024w, https:\/\/vimagazine.com.br\/wp-content\/uploads\/2026\/03\/O-Velho-Fusca-09-300x200.jpeg 300w, https:\/\/vimagazine.com.br\/wp-content\/uploads\/2026\/03\/O-Velho-Fusca-09-768x512.jpeg 768w, https:\/\/vimagazine.com.br\/wp-content\/uploads\/2026\/03\/O-Velho-Fusca-09.jpeg 1280w\" sizes=\"(max-width: 1024px) 100vw, 1024px\" \/><\/figure>\n\n\n\n<figure class=\"wp-block-image aligncenter size-large is-resized\"><img src=\"https:\/\/vimagazine.com.br\/wp-content\/uploads\/2026\/03\/Giovanna-Chaves-e-Caio-Manhente-O-Velho-Fusca-07-683x1024.jpeg\" alt=\"\" class=\"wp-image-22034\" width=\"443\" height=\"664\" srcset=\"https:\/\/vimagazine.com.br\/wp-content\/uploads\/2026\/03\/Giovanna-Chaves-e-Caio-Manhente-O-Velho-Fusca-07-683x1024.jpeg 683w, https:\/\/vimagazine.com.br\/wp-content\/uploads\/2026\/03\/Giovanna-Chaves-e-Caio-Manhente-O-Velho-Fusca-07-200x300.jpeg 200w, https:\/\/vimagazine.com.br\/wp-content\/uploads\/2026\/03\/Giovanna-Chaves-e-Caio-Manhente-O-Velho-Fusca-07-768x1151.jpeg 768w, https:\/\/vimagazine.com.br\/wp-content\/uploads\/2026\/03\/Giovanna-Chaves-e-Caio-Manhente-O-Velho-Fusca-07.jpeg 854w\" sizes=\"(max-width: 443px) 100vw, 443px\" \/><\/figure>\n\n\n\n<figure class=\"wp-block-image aligncenter size-large\"><img width=\"639\" height=\"1024\" src=\"https:\/\/vimagazine.com.br\/wp-content\/uploads\/2026\/03\/Giovanna-Chaves-O-Velho-Fusca-01-2-639x1024.jpeg\" alt=\"\" class=\"wp-image-22035\" srcset=\"https:\/\/vimagazine.com.br\/wp-content\/uploads\/2026\/03\/Giovanna-Chaves-O-Velho-Fusca-01-2-639x1024.jpeg 639w, https:\/\/vimagazine.com.br\/wp-content\/uploads\/2026\/03\/Giovanna-Chaves-O-Velho-Fusca-01-2-187x300.jpeg 187w, https:\/\/vimagazine.com.br\/wp-content\/uploads\/2026\/03\/Giovanna-Chaves-O-Velho-Fusca-01-2.jpeg 720w\" sizes=\"(max-width: 639px) 100vw, 639px\" \/><\/figure>\n\n\n\n<p>A atriz&nbsp;<strong>Giovanna Chaves<\/strong>&nbsp;\u00e9 um dos destaques do novo longa-metragem nacional &#8220;O Velho Fusca&#8221;, que estreia nos cinemas brasileiros no dia 19 de mar\u00e7o de 2026. Na produ\u00e7\u00e3o dirigida por Emiliano Ruschel, a artista interpreta Laila, personagem que promete conquistar o p\u00fablico em uma hist\u00f3ria marcada por emo\u00e7\u00e3o, humor e reconcilia\u00e7\u00e3o familiar.<\/p>\n\n\n\n<p>O filme acompanha a trajet\u00f3ria de Junior, vivido por Caio Manhente, que encontra um antigo Fusca abandonado na garagem do av\u00f4. A partir dessa descoberta, o personagem inicia uma jornada que envolve mem\u00f3rias, conflitos e a reconstru\u00e7\u00e3o de la\u00e7os familiares para conseguir ficar com o carro.<br>Durante o processo de restaura\u00e7\u00e3o do ve\u00edculo, surgem revela\u00e7\u00f5es e novas conex\u00f5es que transformam a vida de todos ao redor.<\/p>\n\n\n\n<p>Al\u00e9m de&nbsp;<strong>Giovanna Chaves&nbsp;<\/strong>e<strong>&nbsp;Caio Manhente<\/strong>, o elenco re\u00fane nomes consagrados da dramaturgia brasileira como&nbsp;<strong>Tonico Pereira, Cleo e Danton Mello<\/strong>, refor\u00e7ando a for\u00e7a da produ\u00e7\u00e3o nacional.<\/p>\n\n\n\n<p>A vida pessoal tamb\u00e9m movimenta as redes. Fora das telas, Giovanna tamb\u00e9m tem sido assunto nas redes sociais.<\/p>\n\n\n\n<p>Nos \u00faltimos dias, f\u00e3s e p\u00e1ginas de entretenimento passaram a comentar um poss\u00edvel affair entre a atriz e o skatista profissional Keegan Palmer.<\/p>\n\n\n\n<p>O atleta de 23 anos ganhou proje\u00e7\u00e3o internacional ap\u00f3s conquistar a medalha de ouro na modalidade park nos Jogos Ol\u00edmpicos de T\u00f3quio 2020, representando a Austr\u00e1lia. Atualmente, Keegan divide sua rotina entre a Austr\u00e1lia e os Estados Unidos, onde treina e participa de competi\u00e7\u00f5es.<br>Recentemente, o skatista foi visto acompanhando Giovanna na pr\u00e9-estreia de O Velho Fusca, demonstrando apoio \u00e0 atriz em seu novo projeto no cinema.<\/p>\n\n\n\n<p>J\u00e1 no \u00faltimo s\u00e1bado, foi a vez de Giovanna prestigiar Keegan durante um campeonato, refor\u00e7ando ainda mais os rumores de romance.<\/p>\n\n\n\n<p>Apesar das apari\u00e7\u00f5es p\u00fablicas juntos, nenhum dos dois confirmou oficialmente o relacionamento, o que tem aumentado ainda mais a curiosidade dos f\u00e3s e movimentado as redes sociais neste momento de destaque da atriz.<\/p>\n\n\n\n<p><strong>Cr\u00e9dito das Fotos: Divulga\u00e7\u00e3o<\/strong><\/p>\n","protected":false},"excerpt":{"rendered":"<p>A atriz&nbsp;Giovanna Chaves&nbsp;\u00e9 um dos destaques do novo longa-metragem nacional &#8220;O Velho Fusca&#8221;, que estreia&#8230;<\/p>\n","protected":false},"author":19,"featured_media":22036,"comment_status":"closed","ping_status":"open","sticky":false,"template":"","format":"standard","meta":{"om_disable_all_campaigns":false,"_monsterinsights_skip_tracking":false,"_monsterinsights_sitenote_active":false,"_monsterinsights_sitenote_note":"","_monsterinsights_sitenote_category":0,"spay_email":""},"categories":[1],"tags":[],"jetpack_featured_media_url":"https:\/\/vimagazine.com.br\/wp-content\/uploads\/2026\/03\/Giovanna-Chaves-e-Caio-Manhente-O-Velho-Fusca-02.jpeg","_links":{"self":[{"href":"https:\/\/vimagazine.com.br\/index.php?rest_route=\/wp\/v2\/posts\/22032"}],"collection":[{"href":"https:\/\/vimagazine.com.br\/index.php?rest_route=\/wp\/v2\/posts"}],"about":[{"href":"https:\/\/vimagazine.com.br\/index.php?rest_route=\/wp\/v2\/types\/post"}],"author":[{"embeddable":true,"href":"https:\/\/vimagazine.com.br\/index.php?rest_route=\/wp\/v2\/users\/19"}],"replies":[{"embeddable":true,"href":"https:\/\/vimagazine.com.br\/index.php?rest_route=%2Fwp%2Fv2%2Fcomments&post=22032"}],"version-history":[{"count":1,"href":"https:\/\/vimagazine.com.br\/index.php?rest_route=\/wp\/v2\/posts\/22032\/revisions"}],"predecessor-version":[{"id":22037,"href":"https:\/\/vimagazine.com.br\/index.php?rest_route=\/wp\/v2\/posts\/22032\/revisions\/22037"}],"wp:featuredmedia":[{"embeddable":true,"href":"https:\/\/vimagazine.com.br\/index.php?rest_route=\/wp\/v2\/media\/22036"}],"wp:attachment":[{"href":"https:\/\/vimagazine.com.br\/index.php?rest_route=%2Fwp%2Fv2%2Fmedia&parent=22032"}],"wp:term":[{"taxonomy":"category","embeddable":true,"href":"https:\/\/vimagazine.com.br\/index.php?rest_route=%2Fwp%2Fv2%2Fcategories&post=22032"},{"taxonomy":"post_tag","embeddable":true,"href":"https:\/\/vimagazine.com.br\/index.php?rest_route=%2Fwp%2Fv2%2Ftags&post=22032"}],"curies":[{"name":"wp","href":"https:\/\/api.w.org\/{rel}","templated":true}]}}