{"id":22038,"date":"2026-03-10T16:39:53","date_gmt":"2026-03-10T19:39:53","guid":{"rendered":"https:\/\/vimagazine.com.br\/?p=22038"},"modified":"2026-03-10T16:39:53","modified_gmt":"2026-03-10T19:39:53","slug":"entre-confetes-e-novos-sonhos-milene-gonzalez-lanca-single-e-inicia-preparacao-para-o-carnaval-2027","status":"publish","type":"post","link":"https:\/\/vimagazine.com.br\/?p=22038","title":{"rendered":"Entre confetes e novos sonhos: Milene Gonzalez lan\u00e7a single e inicia prepara\u00e7\u00e3o para o Carnaval 2027"},"content":{"rendered":"\n<figure class=\"wp-block-image aligncenter size-large is-resized\"><img src=\"https:\/\/vimagazine.com.br\/wp-content\/uploads\/2026\/03\/Milene-Gonzalez-02-620x1024.jpeg\" alt=\"\" class=\"wp-image-22039\" width=\"463\" height=\"765\" srcset=\"https:\/\/vimagazine.com.br\/wp-content\/uploads\/2026\/03\/Milene-Gonzalez-02-620x1024.jpeg 620w, https:\/\/vimagazine.com.br\/wp-content\/uploads\/2026\/03\/Milene-Gonzalez-02-182x300.jpeg 182w, https:\/\/vimagazine.com.br\/wp-content\/uploads\/2026\/03\/Milene-Gonzalez-02-768x1269.jpeg 768w, https:\/\/vimagazine.com.br\/wp-content\/uploads\/2026\/03\/Milene-Gonzalez-02-929x1536.jpeg 929w, https:\/\/vimagazine.com.br\/wp-content\/uploads\/2026\/03\/Milene-Gonzalez-02.jpeg 968w\" sizes=\"(max-width: 463px) 100vw, 463px\" \/><\/figure>\n\n\n\n<figure class=\"wp-block-image aligncenter size-large is-resized\"><img src=\"https:\/\/vimagazine.com.br\/wp-content\/uploads\/2026\/03\/Milene-Gonzalez-01-768x1024.jpeg\" alt=\"\" class=\"wp-image-22040\" width=\"494\" height=\"659\" srcset=\"https:\/\/vimagazine.com.br\/wp-content\/uploads\/2026\/03\/Milene-Gonzalez-01-768x1024.jpeg 768w, https:\/\/vimagazine.com.br\/wp-content\/uploads\/2026\/03\/Milene-Gonzalez-01-225x300.jpeg 225w, https:\/\/vimagazine.com.br\/wp-content\/uploads\/2026\/03\/Milene-Gonzalez-01.jpeg 960w\" sizes=\"(max-width: 494px) 100vw, 494px\" \/><\/figure>\n\n\n\n<p>O Carnaval 2026 mal terminou, mas para quem vive o samba de verdade a folia nunca acaba. Entre confetes, serpentinas e muitas mem\u00f3rias da avenida,&nbsp;<strong>Milene Gonzalez<\/strong>&nbsp;j\u00e1 vira a p\u00e1gina e come\u00e7a a escrever um novo cap\u00edtulo de sua hist\u00f3ria no samba.<\/p>\n\n\n\n<p>Conhecida nas redes como @carnavaldamilene, a empres\u00e1ria e apaixonada pelo universo carnavalesco agora mergulha em um novo desafio: o projeto para o Carnaval 2027 pela tradicional escola santista Unidos dos Morros. A agremia\u00e7\u00e3o, que conquistou o 2\u00ba lugar no Carnaval de Santos 2026, j\u00e1 promete voltar ainda mais forte na pr\u00f3xima disputa.<\/p>\n\n\n\n<p>Com energia renovada e esp\u00edrito criativo, Milene entra nesse novo ciclo determinada a surpreender. Para ela, o Carnaval \u00e9 mais do que desfile: \u00e9 identidade, arte e comunidade.<\/p>\n\n\n\n<p>E como presente para os amantes do samba e para seus seguidores fi\u00e9is, o \u201cCarnaval da Milene\u201d acaba de lan\u00e7ar um novo single, pensado especialmente para aquecer os tamborins e manter o clima de avenida vivo durante todo o ano.<\/p>\n\n\n\n<p>A novidade chega como trilha sonora desse novo momento e j\u00e1 come\u00e7a a embalar quem n\u00e3o v\u00ea a hora de sentir novamente a vibra\u00e7\u00e3o das baterias e o brilho da passarela do samba.<\/p>\n\n\n\n<p>Mas os planos de Milene v\u00e3o al\u00e9m da m\u00fasica. Empreendedora e apaixonada tamb\u00e9m pelo universo da moda, ela j\u00e1 estuda alta costura para se dedicar \u00e0 cria\u00e7\u00e3o de figurinos autorais, unindo luxo, identidade e personalidade em cada detalhe de seus pr\u00f3ximos trajes carnavalescos.<\/p>\n\n\n\n<p>Se depender da dedica\u00e7\u00e3o e da criatividade da empres\u00e1ria, uma coisa \u00e9 certa: O Carnaval 2027 promete chegar ainda mais sofisticado, vibrante e cheio de surpresas.<\/p>\n\n\n\n<p>Porque para Milene Gonzalez, o samba n\u00e3o termina quando a avenida se esvazia. Ele apenas come\u00e7a a se preparar para o pr\u00f3ximo espet\u00e1culo.<\/p>\n\n\n\n<p><strong>Cr\u00e9dito das Fotos: Kelvyn Felipe &#8211; Renato Cipriano \/ Zuleika Ferreira &#8211; Divulga\u00e7\u00e3o<\/strong><\/p>\n","protected":false},"excerpt":{"rendered":"<p>O Carnaval 2026 mal terminou, mas para quem vive o samba de verdade a folia&#8230;<\/p>\n","protected":false},"author":19,"featured_media":22042,"comment_status":"closed","ping_status":"open","sticky":false,"template":"","format":"standard","meta":{"om_disable_all_campaigns":false,"_monsterinsights_skip_tracking":false,"_monsterinsights_sitenote_active":false,"_monsterinsights_sitenote_note":"","_monsterinsights_sitenote_category":0,"spay_email":""},"categories":[1],"tags":[],"jetpack_featured_media_url":"https:\/\/vimagazine.com.br\/wp-content\/uploads\/2026\/03\/Milene-Gonzalez-03.jpeg","_links":{"self":[{"href":"https:\/\/vimagazine.com.br\/index.php?rest_route=\/wp\/v2\/posts\/22038"}],"collection":[{"href":"https:\/\/vimagazine.com.br\/index.php?rest_route=\/wp\/v2\/posts"}],"about":[{"href":"https:\/\/vimagazine.com.br\/index.php?rest_route=\/wp\/v2\/types\/post"}],"author":[{"embeddable":true,"href":"https:\/\/vimagazine.com.br\/index.php?rest_route=\/wp\/v2\/users\/19"}],"replies":[{"embeddable":true,"href":"https:\/\/vimagazine.com.br\/index.php?rest_route=%2Fwp%2Fv2%2Fcomments&post=22038"}],"version-history":[{"count":1,"href":"https:\/\/vimagazine.com.br\/index.php?rest_route=\/wp\/v2\/posts\/22038\/revisions"}],"predecessor-version":[{"id":22043,"href":"https:\/\/vimagazine.com.br\/index.php?rest_route=\/wp\/v2\/posts\/22038\/revisions\/22043"}],"wp:featuredmedia":[{"embeddable":true,"href":"https:\/\/vimagazine.com.br\/index.php?rest_route=\/wp\/v2\/media\/22042"}],"wp:attachment":[{"href":"https:\/\/vimagazine.com.br\/index.php?rest_route=%2Fwp%2Fv2%2Fmedia&parent=22038"}],"wp:term":[{"taxonomy":"category","embeddable":true,"href":"https:\/\/vimagazine.com.br\/index.php?rest_route=%2Fwp%2Fv2%2Fcategories&post=22038"},{"taxonomy":"post_tag","embeddable":true,"href":"https:\/\/vimagazine.com.br\/index.php?rest_route=%2Fwp%2Fv2%2Ftags&post=22038"}],"curies":[{"name":"wp","href":"https:\/\/api.w.org\/{rel}","templated":true}]}}