{"id":22044,"date":"2026-03-11T12:48:09","date_gmt":"2026-03-11T15:48:09","guid":{"rendered":"https:\/\/vimagazine.com.br\/?p=22044"},"modified":"2026-03-11T12:48:12","modified_gmt":"2026-03-11T15:48:12","slug":"roca-ceramica-apresenta-colecao-2026-inspirada-no-bem-estar-na-estetica-natural-e-na-sofisticacao-dos-pequenos-e-superformatos","status":"publish","type":"post","link":"https:\/\/vimagazine.com.br\/?p=22044","title":{"rendered":"Roca Cer\u00e1mica apresenta cole\u00e7\u00e3o 2026 inspirada no bem-estar, na est\u00e9tica natural e na sofistica\u00e7\u00e3o dos pequenos e Superformatos"},"content":{"rendered":"\n<p><\/p>\n\n\n\n<p class=\"has-medium-font-size\"><em><strong>Apresentada oficialmente na Expo Revestir, entre as novidades a marca refor\u00e7a a aposta em pedras elegantes, o protagonismo da textura e inova\u00e7\u00e3o tecnol\u00f3gica. S\u00e9ries de sucesso tamb\u00e9m ganham o refor\u00e7o de novos tamanhos e cores\u00a0<\/strong><\/em><\/p>\n\n\n\n<p><\/p>\n\n\n\n<p>A&nbsp;<strong>Roca Cer\u00e1mica<\/strong>&nbsp;apresenta sua&nbsp;<strong>cole\u00e7\u00e3o 2026<\/strong>&nbsp;refor\u00e7ando o compromisso com a inova\u00e7\u00e3o, o design contempor\u00e2neo e a conex\u00e3o com o natural. Com lan\u00e7amentos e incrementos em s\u00e9ries consagradas, a marca pertencente ao&nbsp;<strong>Grupo LAMOSA no Brasil<\/strong>&nbsp;leva \u00e0&nbsp;<strong>Expo Revestir 2026<\/strong>&nbsp;superf\u00edcies que promovem bem-estar, exploram a sensorialidade e ampliam as possibilidades criativas na arquitetura contempor\u00e2nea.<\/p>\n\n\n\n<p>Inspirada pelos estudos da neuroarquitetura e pela busca constante por espa\u00e7os restauradores, a cole\u00e7\u00e3o valoriza tons acolhedores, texturas essenciais e acabamentos que proporcionam leveza visual e conforto t\u00e1til. A similaridade com a natureza, seja nas nuances crom\u00e1ticas ou na organicidade das superf\u00edcies, segue como eixo central do portf\u00f3lio.<\/p>\n\n\n\n<p><em>\u201cPercebemos a continuidade do desejo de ter a casa como um espa\u00e7o restaurador para descansar a mente dos est\u00edmulos intensos do cotidiano. A reconex\u00e3o com o natural permanece como uma prioridade nos projetos\u201d<\/em>, afirma&nbsp;<strong>Christie Silva Schulka<\/strong>, marketing manager do&nbsp;<strong>Grupo LAMOSA no Brasil<\/strong>.<\/p>\n\n\n\n<p><\/p>\n\n\n\n<p><\/p>\n\n\n\n<p><strong>Tecnologia Soft Tec: seguran\u00e7a e praticidade<\/strong><\/p>\n\n\n\n<p><\/p>\n\n\n\n<figure class=\"wp-container-2 wp-block-gallery-1 wp-block-gallery has-nested-images columns-default is-cropped\">\n<figure class=\"wp-block-image size-large\"><img width=\"1920\" height=\"955\" data-id=\"22045\"  src=\"https:\/\/vimagazine.com.br\/wp-content\/uploads\/2026\/03\/ad87745b-4193-41ac-be00-f008a4571071.jpg\" alt=\"\" class=\"wp-image-22045\" srcset=\"https:\/\/vimagazine.com.br\/wp-content\/uploads\/2026\/03\/ad87745b-4193-41ac-be00-f008a4571071.jpg 1920w, https:\/\/vimagazine.com.br\/wp-content\/uploads\/2026\/03\/ad87745b-4193-41ac-be00-f008a4571071-300x149.jpg 300w, https:\/\/vimagazine.com.br\/wp-content\/uploads\/2026\/03\/ad87745b-4193-41ac-be00-f008a4571071-1024x509.jpg 1024w, https:\/\/vimagazine.com.br\/wp-content\/uploads\/2026\/03\/ad87745b-4193-41ac-be00-f008a4571071-768x382.jpg 768w, https:\/\/vimagazine.com.br\/wp-content\/uploads\/2026\/03\/ad87745b-4193-41ac-be00-f008a4571071-1536x764.jpg 1536w\" sizes=\"(max-width: 1920px) 100vw, 1920px\" \/><figcaption>Sucesso durante a Expo Revestir do ano anterior, a\u00a0<strong>S\u00e9rie Taj Mahal<\/strong>, campe\u00e3 do pr\u00eamio Best in Show 2025 tamb\u00e9m incorpora as tecnologias Soft Tec. Neste ano, Taj Mahal recebe os acabamentos Mate e ABS no Superformato 120 x 120 cm | Foto: Divulga\u00e7\u00e3o Roca Cer\u00e1mica<\/figcaption><\/figure>\n<\/figure>\n\n\n\n<p>Para a Roca Cer\u00e1mica, a tecnologia de ponta tamb\u00e9m est\u00e1 dentro daquilo que n\u00e3o se v\u00ea, mas que se sente na pr\u00e1tica. Para que o especificador tenha a praticidade de definir o mesmo porcelanato para ser aplicado no piso de \u00e1reas internas secas, \u00famidas e molhadas internas, como o caso do banheiro e o espa\u00e7o interno do box, os acabamentos Mate e Micro Relevo contam com o refor\u00e7o do da&nbsp;<strong>tecnologia Soft Tec<\/strong>.<\/p>\n\n\n\n<p>Na pr\u00e1tica, as linhas de Superformatos \u2013 120 x 120 cm; 100 x 120 cm; 120 x 250 cm; 160 x 160 cm e 160 x 320 cm \u2013, t\u00eam um novo coeficiente de atrito \u00famido (\u2265 0,4), garantindo ader\u00eancia extra.&nbsp;<em>\u201cAl\u00e9m da continuidade na aplica\u00e7\u00e3o de um mesmo produto, os projetos passam a oferecer mais seguran\u00e7a ao usu\u00e1rio\u201d<\/em>, reitera Christie elencando a facilidade para faxina como outro atributo bastante considerado para a escolha do material.<\/p>\n\n\n\n<p>\u201c<em>Combinamos a tranquilidade na vida dos moradores e tornamos muito mais pr\u00e1tico o processo de limpeza, pois o Soft Tec n\u00e3o acumula res\u00edduos dos produtos de higiene em contato com a umidade<\/em>\u201d, explica.<\/p>\n\n\n\n<p><\/p>\n\n\n\n<p class=\"has-medium-font-size\"><strong>Novas s\u00e9ries<\/strong><\/p>\n\n\n\n<p>Mais do que ampliar formatos e cores, o direcionamento da Roca Cer\u00e1mica para 2026 refor\u00e7a um movimento claro: a aposta em pedras elegantes, com menos protagonismo da cor e mais \u00eanfase na textura e na experi\u00eancia sensorial.<\/p>\n\n\n\n<p>A marca convida especificadores e consumidores a sentirem as superf\u00edcies, perceberem relevos sutis, granula\u00e7\u00f5es e nuances que despertam o tato e ampliam a percep\u00e7\u00e3o de valor do material.\u00a0<em>\u201cEstamos direcionando a interpreta\u00e7\u00e3o do belo n\u00e3o apenas no olhar, mas por meio de linhas que convidam ao toque. A textura passa a ter um papel ainda mais importante do que a pr\u00f3pria cor, pois ela corrobora no v\u00ednculo que transmite autenticidade e aproxima o projeto da ess\u00eancia da natureza\u201d<\/em>, afirma Christie Silva Schulka.<\/p>\n\n\n\n<p><\/p>\n\n\n\n<p class=\"has-medium-font-size\"><strong>Lan\u00e7amento Roca Cer\u00e1mica: S\u00e9rie Granato<\/strong><\/p>\n\n\n\n<figure class=\"wp-container-4 wp-block-gallery-3 wp-block-gallery has-nested-images columns-default is-cropped\">\n<figure class=\"wp-block-image size-large\"><img width=\"1920\" height=\"869\" data-id=\"22046\"  src=\"https:\/\/vimagazine.com.br\/wp-content\/uploads\/2026\/03\/57703074-e790-48a8-8a94-a04d9e1d1270.jpg\" alt=\"\" class=\"wp-image-22046\" srcset=\"https:\/\/vimagazine.com.br\/wp-content\/uploads\/2026\/03\/57703074-e790-48a8-8a94-a04d9e1d1270.jpg 1920w, https:\/\/vimagazine.com.br\/wp-content\/uploads\/2026\/03\/57703074-e790-48a8-8a94-a04d9e1d1270-300x136.jpg 300w, https:\/\/vimagazine.com.br\/wp-content\/uploads\/2026\/03\/57703074-e790-48a8-8a94-a04d9e1d1270-1024x463.jpg 1024w, https:\/\/vimagazine.com.br\/wp-content\/uploads\/2026\/03\/57703074-e790-48a8-8a94-a04d9e1d1270-768x348.jpg 768w, https:\/\/vimagazine.com.br\/wp-content\/uploads\/2026\/03\/57703074-e790-48a8-8a94-a04d9e1d1270-1536x695.jpg 1536w\" sizes=\"(max-width: 1920px) 100vw, 1920px\" \/><figcaption>O efeito pedra, que segue em alta nos tons mais claros, \u00e9 ressaltado\u00a0<strong>S\u00e9rie<\/strong>\u00a0<strong>Granato<\/strong>, que apresenta as pe\u00e7as em tr\u00eas vers\u00f5es de granulometria: mini, midi e maxi, tanto nos Superformatos, tamanhos padr\u00f5es e os 20 x 20 cm e 7,7 x 30,5 cm para paredes | Foto: Divulga\u00e7\u00e3o Roca Cer\u00e1mica<\/figcaption><\/figure>\n<\/figure>\n\n\n\n<p><\/p>\n\n\n\n<p>Entre os destaques est\u00e1 a&nbsp;<strong>S\u00e9rie Granato<\/strong>, inspirada no cl\u00e1ssico terrazzo italiano e na est\u00e9tica do concreto mineralizado. A cole\u00e7\u00e3o valoriza a beleza das imperfei\u00e7\u00f5es e a apar\u00eancia de superf\u00edcie levemente desgastada pelo tempo, dialogando com o olhar contempor\u00e2neo.<\/p>\n\n\n\n<p>O diferencial est\u00e1 no efeito&nbsp;<em>carving<\/em>, tecnologia que combina acabamento acetinado com detalhes brilhantes em baixo-relevo, evidenciando a granulosidade dos seixos de cores diferentes nas&nbsp;<strong>vers\u00f5es Mini, Midi e Maxi<\/strong>. As tr\u00eas vers\u00f5es permitem pagina\u00e7\u00f5es de um mesmo padr\u00e3o ou sobreposi\u00e7\u00e3o dos tamanhos dentro das op\u00e7\u00f5es de face dispon\u00edveis de acordo com as dimens\u00f5es encontradas na s\u00e9rie.<\/p>\n\n\n\n<p>\u201c<em>Essa liberdade entrega desde a escolha de uma pagina\u00e7\u00e3o \u00fanica ou a personaliza\u00e7\u00e3o de um efeito mesclado, tal qual encontramos na natureza, dentro de uma interpreta\u00e7\u00e3o maximalista ou minimalista. Das impress\u00f5es que recebemos de especificadores e lojistas, temos certeza de que surpreender\u00e1 o mercado\u201d,<\/em>&nbsp;analisa a marketing manager da Roca Cer\u00e1mica.<\/p>\n\n\n\n<p>Granato chega no acabamento mate e nas vers\u00f5es Superformatos 120 x 250 cm e 120 x 120 cm, al\u00e9m das medidas tradicionais 90 x 90 cm, 60 x 120 cm e 20 x 120 cm e os pequenos formatos para paredes 20 x 20 cm e 7,7 x 30,5 cm.<\/p>\n\n\n\n<p><\/p>\n\n\n\n<p class=\"has-medium-font-size\"><strong>Lan\u00e7amento: S\u00e9rie Lumina<\/strong><\/p>\n\n\n\n<figure class=\"wp-container-6 wp-block-gallery-5 wp-block-gallery has-nested-images columns-default is-cropped\">\n<figure class=\"wp-block-image size-large\"><img width=\"1920\" height=\"995\" data-id=\"22047\"  src=\"https:\/\/vimagazine.com.br\/wp-content\/uploads\/2026\/03\/5f82d98b-ec03-45f1-a36b-61512a2c28ba.jpg\" alt=\"\" class=\"wp-image-22047\" srcset=\"https:\/\/vimagazine.com.br\/wp-content\/uploads\/2026\/03\/5f82d98b-ec03-45f1-a36b-61512a2c28ba.jpg 1920w, https:\/\/vimagazine.com.br\/wp-content\/uploads\/2026\/03\/5f82d98b-ec03-45f1-a36b-61512a2c28ba-300x155.jpg 300w, https:\/\/vimagazine.com.br\/wp-content\/uploads\/2026\/03\/5f82d98b-ec03-45f1-a36b-61512a2c28ba-1024x531.jpg 1024w, https:\/\/vimagazine.com.br\/wp-content\/uploads\/2026\/03\/5f82d98b-ec03-45f1-a36b-61512a2c28ba-768x398.jpg 768w, https:\/\/vimagazine.com.br\/wp-content\/uploads\/2026\/03\/5f82d98b-ec03-45f1-a36b-61512a2c28ba-1536x796.jpg 1536w\" sizes=\"(max-width: 1920px) 100vw, 1920px\" \/><figcaption>A magnitude da\u00a0<strong>s\u00e9rie Lumina<\/strong>, da\u00a0<strong>Roca Cer\u00e1mica<\/strong>, \u00e9 apresentado no Superformato 160&#215;320 cm, impress\u00e3o em alta defini\u00e7\u00e3o e acabamento premium Micro Crystal. S\u00e3o tr\u00eas faces com design End Match |Foto: divulga\u00e7\u00e3o Roca Cer\u00e1mica<\/figcaption><\/figure>\n<\/figure>\n\n\n\n<p><\/p>\n\n\n\n<p>Com a pot\u00eancia \u00f3tica da beleza transl\u00facida que causa um impacto absoluto,&nbsp;<strong>Lumina<\/strong>&nbsp;\u00e9 inspirada na est\u00e9tica ex\u00f3tica das rochas retroiluminadas. Seus veios org\u00e2nicos em tons \u00e2mbar, dourado e cobre, percorrem a superf\u00edcie das pe\u00e7as com um efeito transl\u00facido e vibrante \u2014 como se a luz emanasse de dentro para fora.<\/p>\n\n\n\n<p>\u201c<em>Lumina n\u00e3o \u00e9 um porcelanato transl\u00facido e seu efeito visual \u00e9 resultado da impress\u00e3o em alta defini\u00e7\u00e3o que, gra\u00e7as a nossa tecnologia Micro Crystal, que entrega esse efeito retroiluminado que intensifica o brilho e valoriza os contraste<\/em>s\u201d, explica Christie.<\/p>\n\n\n\n<p>Dispon\u00edvel no Superformato 160 x 320 cm, com tr\u00eas faces distintas, acabamento Micro Crystal e o Endmatch insuper\u00e1vel, o lan\u00e7amento da Roca Cer\u00e1mica \u00e9 perfeito para compor pain\u00e9is de destaque, paredes com ilumina\u00e7\u00e3o c\u00eanica, recep\u00e7\u00f5es e projetos autorais que protagonizam e exigem sofistica\u00e7\u00e3o sensorial.<\/p>\n\n\n\n<p><\/p>\n\n\n\n<p class=\"has-medium-font-size\"><strong>Lan\u00e7amento: S\u00e9rie Nogal<\/strong><\/p>\n\n\n\n<p><\/p>\n\n\n\n<figure class=\"wp-container-8 wp-block-gallery-7 wp-block-gallery has-nested-images columns-default is-cropped\">\n<figure class=\"wp-block-image size-large\"><img width=\"1920\" height=\"1446\" data-id=\"22048\"  src=\"https:\/\/vimagazine.com.br\/wp-content\/uploads\/2026\/03\/8b57ec94-8336-4ddd-897a-93b44a58f885.jpg\" alt=\"\" class=\"wp-image-22048\" srcset=\"https:\/\/vimagazine.com.br\/wp-content\/uploads\/2026\/03\/8b57ec94-8336-4ddd-897a-93b44a58f885.jpg 1920w, https:\/\/vimagazine.com.br\/wp-content\/uploads\/2026\/03\/8b57ec94-8336-4ddd-897a-93b44a58f885-300x226.jpg 300w, https:\/\/vimagazine.com.br\/wp-content\/uploads\/2026\/03\/8b57ec94-8336-4ddd-897a-93b44a58f885-1024x771.jpg 1024w, https:\/\/vimagazine.com.br\/wp-content\/uploads\/2026\/03\/8b57ec94-8336-4ddd-897a-93b44a58f885-768x578.jpg 768w, https:\/\/vimagazine.com.br\/wp-content\/uploads\/2026\/03\/8b57ec94-8336-4ddd-897a-93b44a58f885-1536x1157.jpg 1536w\" sizes=\"(max-width: 1920px) 100vw, 1920px\" \/><figcaption>Com veios lineares e est\u00e9tica sofisticada, a\u00a0<strong>S\u00e9rie Nogal<\/strong>\u00a0\u00e9 indicada para \u00e1reas internas de tr\u00e1fego intenso (G5), unindo aconchego visual, resist\u00eancia t\u00e9cnica e atemporalidade em projetos que valorizam o calor da madeira com a durabilidade do porcelanato | Foto: Divulga\u00e7\u00e3o Roca Cer\u00e1mica<\/figcaption><\/figure>\n<\/figure>\n\n\n\n<p><\/p>\n\n\n\n<p><\/p>\n\n\n\n<p>Outra novidade da cole\u00e7\u00e3o 2026 \u00e9 a\u00a0<strong>S\u00e9rie Nogal<\/strong>, que traduz a eleg\u00e2ncia da madeira nobre em porcelanato de alta performance. No formato 20 x 120 cm e acabamento Mate, as t\u00e1buas amadeiradas est\u00e3o dispon\u00edveis nos tons quentes Champagne e Mel, com 18 faces diferentes que ampliam a naturalidade da pagina\u00e7\u00e3o.<\/p>\n\n\n\n<p><\/p>\n\n\n\n<p class=\"has-medium-font-size\"><strong>Lan\u00e7amento: S\u00e9rie Zeno<\/strong><\/p>\n\n\n\n<figure class=\"wp-container-10 wp-block-gallery-9 wp-block-gallery has-nested-images columns-default is-cropped\">\n<figure class=\"wp-block-image size-large\"><img width=\"1920\" height=\"1094\" data-id=\"22049\"  src=\"https:\/\/vimagazine.com.br\/wp-content\/uploads\/2026\/03\/fe30768f-697f-4105-aab0-474feb1778da.jpg\" alt=\"\" class=\"wp-image-22049\" srcset=\"https:\/\/vimagazine.com.br\/wp-content\/uploads\/2026\/03\/fe30768f-697f-4105-aab0-474feb1778da.jpg 1920w, https:\/\/vimagazine.com.br\/wp-content\/uploads\/2026\/03\/fe30768f-697f-4105-aab0-474feb1778da-300x171.jpg 300w, https:\/\/vimagazine.com.br\/wp-content\/uploads\/2026\/03\/fe30768f-697f-4105-aab0-474feb1778da-1024x583.jpg 1024w, https:\/\/vimagazine.com.br\/wp-content\/uploads\/2026\/03\/fe30768f-697f-4105-aab0-474feb1778da-768x438.jpg 768w, https:\/\/vimagazine.com.br\/wp-content\/uploads\/2026\/03\/fe30768f-697f-4105-aab0-474feb1778da-1536x875.jpg 1536w\" sizes=\"(max-width: 1920px) 100vw, 1920px\" \/><figcaption>A\u00a0<strong>S\u00e9rie Zeno<\/strong>\u00a0se apresenta em quatro tonalidades:\u00a0<strong>Beige, Grey, Off-White e White<\/strong>, na nova dimens\u00e3o 80 x 80 cm | Foto: Divulga\u00e7\u00e3o Roca Cer\u00e1mica<\/figcaption><\/figure>\n<\/figure>\n\n\n\n<p><\/p>\n\n\n\n<p>Com forte refer\u00eancia industrial e conex\u00e3o com a est\u00e9tica urbana, a&nbsp;<strong>S\u00e9rie Zeno<\/strong>&nbsp;reinterpreta as superf\u00edcies ciment\u00edcias em cores neutras e levemente destonalizadas, traduzindo a atmosfera das grandes metr\u00f3poles em uma proposta elegante e atemporal. A cole\u00e7\u00e3o incorpora a&nbsp;<strong>nova dimens\u00e3o 80 x 80 cm<\/strong>, ideal para apartamentos compactos, e est\u00e1 dispon\u00edvel nos acabamentos Mate, para \u00e1reas internas, e ABS, para externas, sendo indicada para projetos residenciais e comerciais de tr\u00e1fego intenso que exigem versatilidade e desempenho t\u00e9cnico.<\/p>\n\n\n\n<p>Vers\u00e1til e funcional, o 80 x 80 cm atende especialmente ao mercado da constru\u00e7\u00e3o civil, oferecendo uma escala adequada para ambientes compactos sem abrir m\u00e3o da percep\u00e7\u00e3o de amplitude e da qualidade t\u00e9cnica.&nbsp;<em>\u201cA nova dimens\u00e3o refor\u00e7a o compromisso da marca em desenvolver produtos alinhados \u00e0s transforma\u00e7\u00f5es do morar contempor\u00e2neo e \u00e0s demandas do setor construtivo\u201d<\/em>, explica a marketing manager do Grupo LAMOSA no Brasil.<\/p>\n\n\n\n<p><\/p>\n\n\n\n<p class=\"has-medium-font-size\"><strong>Incrementos em s\u00e9ries sucesso de vendas<\/strong><\/p>\n\n\n\n<p>A cole\u00e7\u00e3o 2026 tamb\u00e9m amplia formatos e cores de s\u00e9ries j\u00e1 consolidadas:<\/p>\n\n\n\n<p><\/p>\n\n\n\n<p class=\"has-medium-font-size\"><strong>S\u00e9rie Boulevard<\/strong><\/p>\n\n\n\n<figure class=\"wp-container-12 wp-block-gallery-11 wp-block-gallery has-nested-images columns-default is-cropped\">\n<figure class=\"wp-block-image size-large\"><img width=\"423\" height=\"253\" data-id=\"22050\"  src=\"https:\/\/vimagazine.com.br\/wp-content\/uploads\/2026\/03\/da0565b2-f5b5-4ead-bc0d-e193bab6d4a9.jpg\" alt=\"\" class=\"wp-image-22050\" srcset=\"https:\/\/vimagazine.com.br\/wp-content\/uploads\/2026\/03\/da0565b2-f5b5-4ead-bc0d-e193bab6d4a9.jpg 423w, https:\/\/vimagazine.com.br\/wp-content\/uploads\/2026\/03\/da0565b2-f5b5-4ead-bc0d-e193bab6d4a9-300x179.jpg 300w\" sizes=\"(max-width: 423px) 100vw, 423px\" \/><figcaption>Os tons Beige e Gris da\u00a0<strong>S\u00e9rie Boulevard<\/strong>\u00a0ganham o revestimento de parede no formato 7,7 x 30,5 cm, bem como op\u00e7\u00f5es nos formatos 20 x 20 cm e 90 x 90 cm | Foto: Divulga\u00e7\u00e3o Roca Cer\u00e1mica<\/figcaption><\/figure>\n<\/figure>\n\n\n\n<p><\/p>\n\n\n\n<p>Inspirada nas rochas de Castell\u00f3n, na Espanha, a\u00a0<strong>S\u00e9rie Boulevard<\/strong>\u00a0apresenta base neutra com nuances bege e cinza e seus veios brancos delicados. Com textura sutil e design elegante, a linha recebeu complementos que ampliam o rol de formatos, permitindo uso como brick para a composi\u00e7\u00e3o de paredes. Al\u00e9m disso, a consagrada s\u00e9rie passa a contar com a tecnologia Soft Tec nos SuperFormatos com acabamento Mate.<\/p>\n\n\n\n<p><\/p>\n\n\n\n<p class=\"has-medium-font-size\"><strong>S\u00e9rie Ceppo di Gre<\/strong><\/p>\n\n\n\n<p><\/p>\n\n\n\n<figure class=\"wp-container-14 wp-block-gallery-13 wp-block-gallery has-nested-images columns-default is-cropped\">\n<figure class=\"wp-block-image size-large\"><img width=\"1920\" height=\"1270\" data-id=\"22051\"  src=\"https:\/\/vimagazine.com.br\/wp-content\/uploads\/2026\/03\/9791657c-11d4-41d3-8740-64216e8e86b6.jpg\" alt=\"\" class=\"wp-image-22051\" srcset=\"https:\/\/vimagazine.com.br\/wp-content\/uploads\/2026\/03\/9791657c-11d4-41d3-8740-64216e8e86b6.jpg 1920w, https:\/\/vimagazine.com.br\/wp-content\/uploads\/2026\/03\/9791657c-11d4-41d3-8740-64216e8e86b6-300x198.jpg 300w, https:\/\/vimagazine.com.br\/wp-content\/uploads\/2026\/03\/9791657c-11d4-41d3-8740-64216e8e86b6-1024x677.jpg 1024w, https:\/\/vimagazine.com.br\/wp-content\/uploads\/2026\/03\/9791657c-11d4-41d3-8740-64216e8e86b6-768x508.jpg 768w, https:\/\/vimagazine.com.br\/wp-content\/uploads\/2026\/03\/9791657c-11d4-41d3-8740-64216e8e86b6-1536x1016.jpg 1536w\" sizes=\"(max-width: 1920px) 100vw, 1920px\" \/><figcaption>Entre as novidades da consagrada\u00a0<strong>S\u00e9rie Ceppo di Gre<\/strong>, a nova cor Bege chega nos tamanhos 90 x 90 cm, no acabamento mate, e o SuperFormato 120 x 120 cm nas vers\u00f5es Mate e antideslizante ABS. Al\u00e9m disso, o Off White tamb\u00e9m incorpora a dimens\u00e3o 90 x 90 cm, tamb\u00e9m no mate | Fotos: Divulga\u00e7\u00e3o Roca Cer\u00e1mica<\/figcaption><\/figure>\n<\/figure>\n\n\n\n<p><\/p>\n\n\n\n<p>A cl\u00e1ssica rocha italiana\u00a0<strong>Ceppo di Gre<\/strong>, muito apreciada por sua capacidade de inspirar os ambientes, ganha uma nova interpreta\u00e7\u00e3o em nuances de Bege, conhecida por sua suavidade e atmosfera acolhedora para aplica\u00e7\u00e3o em pisos e paredes de ambientes internos e externos. Al\u00e9m dessas novidades, todos os Superformatos com acabamento Mate da s\u00e9rie passam a receber tratamento com a tecnologia Soft Tec.<\/p>\n\n\n\n<p><\/p>\n\n\n\n<p class=\"has-medium-font-size\"><strong>S\u00e9rie Ombr\u00e9<\/strong><\/p>\n\n\n\n<figure class=\"wp-block-image size-large\"><img width=\"1024\" height=\"879\" src=\"https:\/\/vimagazine.com.br\/wp-content\/uploads\/2026\/03\/46a76a3f-f194-4f52-a3c5-dc804b1a87d3-1024x879.jpg\" alt=\"\" class=\"wp-image-22052\" srcset=\"https:\/\/vimagazine.com.br\/wp-content\/uploads\/2026\/03\/46a76a3f-f194-4f52-a3c5-dc804b1a87d3-1024x879.jpg 1024w, https:\/\/vimagazine.com.br\/wp-content\/uploads\/2026\/03\/46a76a3f-f194-4f52-a3c5-dc804b1a87d3-300x258.jpg 300w, https:\/\/vimagazine.com.br\/wp-content\/uploads\/2026\/03\/46a76a3f-f194-4f52-a3c5-dc804b1a87d3-768x660.jpg 768w, https:\/\/vimagazine.com.br\/wp-content\/uploads\/2026\/03\/46a76a3f-f194-4f52-a3c5-dc804b1a87d3-1536x1319.jpg 1536w, https:\/\/vimagazine.com.br\/wp-content\/uploads\/2026\/03\/46a76a3f-f194-4f52-a3c5-dc804b1a87d3.jpg 1920w\" sizes=\"(max-width: 1024px) 100vw, 1024px\" \/><figcaption>Nas cores\u00a0<strong>Clay, Tile, Carmine e Brown<\/strong>, a\u00a0<strong>S\u00e9rie Ombr\u00e9<\/strong>\u00a0\u00e9 aclamada por sua textura suave, ritmo visual e efeito destonalizado para o revestimento de paredes | Foto: Divulga\u00e7\u00e3o Roca Cer\u00e1mica<\/figcaption><\/figure>\n\n\n\n<p><\/p>\n\n\n\n<p>No formato 7,5 x 30,5 cm, a\u00a0<strong>S\u00e9rie Ombr\u00e9<\/strong>\u00a0aposta em novas tonalidades, inspiradas nos tons terrosos e acolhedores, que ampliam ainda mais as possibilidades de composi\u00e7\u00e3o com sua est\u00e9tica retr\u00f4 e afetiva em ambientes residenciais e comerciais, funcionando como ponto focal ou detalhe de destaque em projetos com personalidade.<\/p>\n\n\n\n<p><\/p>\n\n\n\n<p class=\"has-medium-font-size\"><strong>S\u00e9rie Concrete<\/strong><\/p>\n\n\n\n<p><\/p>\n\n\n\n<figure class=\"wp-container-16 wp-block-gallery-15 wp-block-gallery has-nested-images columns-default is-cropped\">\n<figure class=\"wp-block-image size-large\"><img width=\"1205\" height=\"783\" data-id=\"22053\"  src=\"https:\/\/vimagazine.com.br\/wp-content\/uploads\/2026\/03\/690aeb3f-14ec-496d-99e3-ee631b3f7a2c.jpg\" alt=\"\" class=\"wp-image-22053\" srcset=\"https:\/\/vimagazine.com.br\/wp-content\/uploads\/2026\/03\/690aeb3f-14ec-496d-99e3-ee631b3f7a2c.jpg 1205w, https:\/\/vimagazine.com.br\/wp-content\/uploads\/2026\/03\/690aeb3f-14ec-496d-99e3-ee631b3f7a2c-300x195.jpg 300w, https:\/\/vimagazine.com.br\/wp-content\/uploads\/2026\/03\/690aeb3f-14ec-496d-99e3-ee631b3f7a2c-1024x665.jpg 1024w, https:\/\/vimagazine.com.br\/wp-content\/uploads\/2026\/03\/690aeb3f-14ec-496d-99e3-ee631b3f7a2c-768x499.jpg 768w\" sizes=\"(max-width: 1205px) 100vw, 1205px\" \/><figcaption>Ampliando o leque de tamanhos, os tons Gray, Greige e Off White da\u00a0<strong>S\u00e9rie Concrete<\/strong>\u00a0ganham o formato 90 x 90 cm nos acabamentos Mate e antideslizante ABS | Fotos: Divulga\u00e7\u00e3o Roca Cer\u00e1mica<\/figcaption><\/figure>\n<\/figure>\n\n\n\n<p>A est\u00e9tica urbana do concreto aparente \u00e9 ressignificada em uma paleta neutra de cinzas: Greige, Gray e Off-White. Neste ano, a\u00a0<strong>S\u00e9rie Concrete<\/strong>\u00a0ganha novos formatos e acabamentos, mantendo o seu visual atemporal em \u00e1reas internas e externas de projetos residenciais e comerciais.<\/p>\n\n\n\n<p><\/p>\n\n\n\n<p><strong>S\u00e9rie Navona<\/strong><\/p>\n\n\n\n<figure class=\"wp-container-18 wp-block-gallery-17 wp-block-gallery has-nested-images columns-default is-cropped\">\n<figure class=\"wp-block-image size-large\"><img width=\"1317\" height=\"674\" data-id=\"22054\"  src=\"https:\/\/vimagazine.com.br\/wp-content\/uploads\/2026\/03\/5b1c09cc-ec74-41e8-92a8-92587d3ef169.jpg\" alt=\"\" class=\"wp-image-22054\" srcset=\"https:\/\/vimagazine.com.br\/wp-content\/uploads\/2026\/03\/5b1c09cc-ec74-41e8-92a8-92587d3ef169.jpg 1317w, https:\/\/vimagazine.com.br\/wp-content\/uploads\/2026\/03\/5b1c09cc-ec74-41e8-92a8-92587d3ef169-300x154.jpg 300w, https:\/\/vimagazine.com.br\/wp-content\/uploads\/2026\/03\/5b1c09cc-ec74-41e8-92a8-92587d3ef169-1024x524.jpg 1024w, https:\/\/vimagazine.com.br\/wp-content\/uploads\/2026\/03\/5b1c09cc-ec74-41e8-92a8-92587d3ef169-768x393.jpg 768w\" sizes=\"(max-width: 1317px) 100vw, 1317px\" \/><figcaption>O tom original da\u00a0<strong>S\u00e9rie Navona<\/strong>\u00a0ganha o formato 90 x 90 cm, no acabamento e a cor Natural ganha os formatos 60 x 120 cm e o Superformato 160 x 160 cm, ambos nos acabamentos Mate e Micro Relevo | Fotos: Divulga\u00e7\u00e3o Roca Cer\u00e1mica<\/figcaption><\/figure>\n<\/figure>\n\n\n\n<p><\/p>\n\n\n\n<p>A atemporalidade do m\u00e1rmore Travertino ganha escala e tecnologia Soft Tec na&nbsp;<strong>S\u00e9rie Navona<\/strong>, sucesso de vendas do portf\u00f3lio da Roca Cer\u00e1mica.<\/p>\n\n\n\n<p><\/p>\n\n\n\n<p class=\"has-medium-font-size\"><strong>S\u00e9rie Stucco<\/strong><\/p>\n\n\n\n<figure class=\"wp-container-20 wp-block-gallery-19 wp-block-gallery has-nested-images columns-default is-cropped\">\n<figure class=\"wp-block-image size-large\"><img width=\"1349\" height=\"640\" data-id=\"22055\"  src=\"https:\/\/vimagazine.com.br\/wp-content\/uploads\/2026\/03\/2effa62c-27bc-4d07-98bd-3b30194917b3.jpg\" alt=\"\" class=\"wp-image-22055\" srcset=\"https:\/\/vimagazine.com.br\/wp-content\/uploads\/2026\/03\/2effa62c-27bc-4d07-98bd-3b30194917b3.jpg 1349w, https:\/\/vimagazine.com.br\/wp-content\/uploads\/2026\/03\/2effa62c-27bc-4d07-98bd-3b30194917b3-300x142.jpg 300w, https:\/\/vimagazine.com.br\/wp-content\/uploads\/2026\/03\/2effa62c-27bc-4d07-98bd-3b30194917b3-1024x486.jpg 1024w, https:\/\/vimagazine.com.br\/wp-content\/uploads\/2026\/03\/2effa62c-27bc-4d07-98bd-3b30194917b3-768x364.jpg 768w\" sizes=\"(max-width: 1349px) 100vw, 1349px\" \/><figcaption>A\u00a0<strong>S\u00e9rie Stucco<\/strong>\u00a0passa a contar com revestimentos de parede nos formatos 7,7 x 30,5 cm, com aplica\u00e7\u00e3o em junta seca, e 20 x 20 cm, refor\u00e7ando sua voca\u00e7\u00e3o decorativa e vers\u00e1til | Foto: Divulga\u00e7\u00e3o Roca Cer\u00e1mica<\/figcaption><\/figure>\n<\/figure>\n\n\n\n<p><\/p>\n\n\n\n<p>A&nbsp;<strong>S\u00e9rie Stucco<\/strong>, inspirada na tradicional t\u00e9cnica veneziana, que busca reproduzir nas paredes a apar\u00eancia destonalizada e artesanal das rochas, amplia suas possibilidades de aplica\u00e7\u00e3o. A linha ganha formatos menores para insertos de paredes, permitindo aplica\u00e7\u00e3o em junta seca, refor\u00e7ando seu aspecto decorativo e vers\u00e1til.<\/p>\n\n\n\n<p>J\u00e1 os Superformatos com acabamento Mate incorporam a tecnologia Soft Tec, agregando maior seguran\u00e7a para \u00e1reas internas molhadas sem comprometer a continuidade est\u00e9tica do projeto.<\/p>\n\n\n\n<p><\/p>\n\n\n\n<p class=\"has-medium-font-size\"><strong>S\u00e9rie Kronos<\/strong><\/p>\n\n\n\n<p><\/p>\n\n\n\n<figure class=\"wp-container-22 wp-block-gallery-21 wp-block-gallery has-nested-images columns-default is-cropped\">\n<figure class=\"wp-block-image size-large\"><img width=\"1330\" height=\"798\" data-id=\"22056\"  src=\"https:\/\/vimagazine.com.br\/wp-content\/uploads\/2026\/03\/dd0095c9-49d8-489b-9a23-c1918dba217b.jpg\" alt=\"\" class=\"wp-image-22056\" srcset=\"https:\/\/vimagazine.com.br\/wp-content\/uploads\/2026\/03\/dd0095c9-49d8-489b-9a23-c1918dba217b.jpg 1330w, https:\/\/vimagazine.com.br\/wp-content\/uploads\/2026\/03\/dd0095c9-49d8-489b-9a23-c1918dba217b-300x180.jpg 300w, https:\/\/vimagazine.com.br\/wp-content\/uploads\/2026\/03\/dd0095c9-49d8-489b-9a23-c1918dba217b-1024x614.jpg 1024w, https:\/\/vimagazine.com.br\/wp-content\/uploads\/2026\/03\/dd0095c9-49d8-489b-9a23-c1918dba217b-768x461.jpg 768w\" sizes=\"(max-width: 1330px) 100vw, 1330px\" \/><figcaption>Dispon\u00edveis nos acabamentos Mate e antideslizante ABS, a consagrada\u00a0<strong>S\u00e9rie Kronos<\/strong>\u00a0ganha novas op\u00e7\u00f5es nos Superformatos e incorpora o Soft Tec aos seus produtos | Foto: Divulga\u00e7\u00e3o Roca Cer\u00e1mica<\/figcaption><\/figure>\n<\/figure>\n\n\n\n<p><\/p>\n\n\n\n<p>A&nbsp;<strong>S\u00e9rie Kronos<\/strong>&nbsp;amplia sua presen\u00e7a no portf\u00f3lio com a incorpora\u00e7\u00e3o do SuperFormato 120 x 120 cm nas tr\u00eas tonalidades Concrete, Greige e Off-White. Com est\u00e9tica contempor\u00e2nea inspirada no concreto, a linha refor\u00e7a sua versatilidade tanto para ambientes internos quanto externos.<\/p>\n\n\n\n<p>Al\u00e9m disso, a tecnologia Soft Tec passa a ser aplicada em todos os Superformatos com acabamento Mate da s\u00e9rie, garantindo maior seguran\u00e7a em \u00e1reas internas molhadas e ampliando as possibilidades de especifica\u00e7\u00e3o com unidade visual.<\/p>\n\n\n\n<p><\/p>\n\n\n\n<p><strong>Expo Revestir 2026<\/strong><\/p>\n\n\n\n<p>De 9 a 13 de mar\u00e7o de 2026<\/p>\n\n\n\n<p>Pavilh\u00e3o S\u00e3o Paulo Expo<\/p>\n\n\n\n<p>Rodovia dos Imigrantes, km 1,5 \u2013 Jabaquara, S\u00e3o Paulo\/SP<\/p>\n\n\n\n<p>Segunda a quinta-feira, das 9h \u00e0s 19h<\/p>\n\n\n\n<p>Sexta-feira, das 9h \u00e0s 17h<\/p>\n\n\n\n<p><\/p>\n\n\n\n<p><\/p>\n\n\n\n<p class=\"has-medium-font-size\"><strong>Sobre o Grupo LAMOSA no Brasil<\/strong><\/p>\n\n\n\n<p><\/p>\n\n\n\n<p>\u00c0 frente das marcas de revestimentos Roca Cer\u00e1mica e Incepa, o\u202fGrupo LAMOSA \u00e9 uma empresa mexicana com atua\u00e7\u00e3o mundial na fabrica\u00e7\u00e3o e comercializa\u00e7\u00e3o de\u202frevestimentos cer\u00e2micos e adesivos. Com a aquisi\u00e7\u00e3o, em 2021, passou a integrar uma\u202fhist\u00f3ria de mais de 130 anos na ind\u00fastria de materiais de constru\u00e7\u00e3o, com 33 centros de produ\u00e7\u00e3o distribu\u00eddos em 9 pa\u00edses nas Am\u00e9ricas e na Europa. Soma-se tamb\u00e9m a for\u00e7a do Grupo, que ocupa a posi\u00e7\u00e3o de l\u00edder nos mercados em que participa, sendo o segundo\u202fmaior fabricante mundial de revestimentos cer\u00e2micos com uma capacidade instalada anual\u202fde mais de 280 milh\u00f5es de m\u00b2.<\/p>\n\n\n\n<p>Inova\u00e7\u00e3o, tecnologia de ponta, alto padr\u00e3o de qualidade, que se traduz na satisfa\u00e7\u00e3o total dos\u202fnossos clientes, e vis\u00e3o de futuro, aliada com responsabilidade ambiental, norteiam o DNA do Grupo LAMOSA no Brasil e a consolida com a robustez de empresa global reconhecida como\u202frefer\u00eancia entre as maiores fabricantes de revestimentos cer\u00e2micos do mundo.<\/p>\n\n\n\n<p>O constante investimento em tecnologia a permite entregar um robusto portf\u00f3lio que segue\u202fas tend\u00eancias da arquitetura e constru\u00e7\u00e3o em total conformidade t\u00e9cnica. Marcada por seu\u202fpioneirismo e uma vis\u00e3o que projeta o futuro, em 2016 tornou-se a primeira empresa das\u202fAm\u00e9ricas a adquirir sua primeira supercompactadora Cont\u00ednua+.<\/p>\n\n\n\n<p>Somada ao conhecimento\u202fdo seu time de desenvolvimento, em 2018 abriu o mercado de Superformatos com\u202frevestimentos nas dimens\u00f5es de 120 x 120 cm e, a partir de 2020, com os tamanhos 100 x 200 cm e 120 x 250 cm, prosseguiu com sua verdadeira revolu\u00e7\u00e3o\u202fna ind\u00fastria cer\u00e2mica e nos mercados da arquitetura, constru\u00e7\u00e3o e movelaria.<\/p>\n\n\n\n<p>Em 2022, saiu \u00e0 frente mais um marco hist\u00f3rico: a compra de sua segunda\u202fsupercompactadora, alcan\u00e7ando\u202fo status de \u00fanica empresa das Am\u00e9ricas com o segundo equipamento. Esse olhar precursor\u202fpermitiu ampliar as linhas de Superformatos com as medidas de 160 x 160 cm e 160 x 320\u202fcm.<\/p>\n\n\n\n<p>Sustentabilidade: seu compromisso com o meio ambiente segue alinhado com os processos\u202fprodutivos. No \u00faltimo ano, al\u00e9m de redu\u00e7\u00e3o de 17% no consumo total de energia el\u00e9trica, adotou o Protocolo de GHG (Greenhouse Gas Protocol), padr\u00e3o globalmente reconhecido para medir suas emiss\u00f5es de gases de efeito estufa (GEE), com o objetivo de melhorar a precis\u00e3o e a credibilidade dos dados ambientais relacionados a emiss\u00f5es atmosf\u00e9ricas. E mais: 92,5% dos res\u00edduos gerados nas f\u00e1bricas foram destinados para fins nobres, como reuso ou reciclagem; os 7,5% restantes foram enviados para aterros sanit\u00e1rios ou incinera\u00e7\u00e3o. Tamb\u00e9m foram coletadas e destinadas 45 toneladas de res\u00edduos org\u00e2nicos que equivalem a uma economia de mais de 300 viagens entre S\u00e3o Paulo e Rio de Janeiro em emiss\u00f5es de CO\u2082. A biomassa, combust\u00edvel renov\u00e1vel, mais limpo e eficiente, e que ainda reaproveita res\u00edduos de ind\u00fastrias de madeira, responde por 17% da matriz energ\u00e9tica.<\/p>\n\n\n\n<p>De acordo com a Pol\u00edtica Nacional de Res\u00edduos S\u00f3lidos, a empresa possui um Plano de Log\u00edstica Reversa, que mensura a quantidade de embalagens faturadas por Estado no Brasil e, no \u00faltimo ano, realizou a compensa\u00e7\u00e3o de 32% desse volume por meio de cr\u00e9ditos de reciclagem.<\/p>\n\n\n\n<p><strong><a href=\"http:\/\/www.rocaceramica.com.br\/\" target=\"_blank\" rel=\"noreferrer noopener\">www.rocaceramica.com.br<\/a><\/strong><\/p>\n\n\n\n<p><strong><a href=\"http:\/\/www.incepa.com.br\/\" target=\"_blank\" rel=\"noreferrer noopener\">www.incepa.com.br<\/a><\/strong><\/p>\n\n\n\n<p><strong><a href=\"http:\/\/www.grupolamosa.com\/\" target=\"_blank\" rel=\"noreferrer noopener\">www.grupolamosa.com<\/a><\/strong><\/p>\n\n\n\n<p><strong>@rocaceramicabr | @incepabrasil<\/strong><\/p>\n\n\n\n<p><strong>Showroom Grupo LAMOSA no Brasil<\/strong><\/p>\n\n\n\n<p>Av. Padre Natal Pigato, 974<\/p>\n\n\n\n<p>Vila Delurdes, Campo Largo<\/p>\n\n\n\n<p>tel. (41) 3391-1430<\/p>\n","protected":false},"excerpt":{"rendered":"<p>Apresentada oficialmente na Expo Revestir, entre as novidades a marca refor\u00e7a a aposta em pedras&#8230;<\/p>\n","protected":false},"author":1,"featured_media":22057,"comment_status":"closed","ping_status":"open","sticky":false,"template":"","format":"standard","meta":{"om_disable_all_campaigns":false,"_monsterinsights_skip_tracking":false,"_monsterinsights_sitenote_active":false,"_monsterinsights_sitenote_note":"","_monsterinsights_sitenote_category":0,"spay_email":""},"categories":[1071,1],"tags":[],"jetpack_featured_media_url":"https:\/\/vimagazine.com.br\/wp-content\/uploads\/2026\/03\/40eab687-5def-4cc5-9ecc-9f1d88b7a060.jpg","_links":{"self":[{"href":"https:\/\/vimagazine.com.br\/index.php?rest_route=\/wp\/v2\/posts\/22044"}],"collection":[{"href":"https:\/\/vimagazine.com.br\/index.php?rest_route=\/wp\/v2\/posts"}],"about":[{"href":"https:\/\/vimagazine.com.br\/index.php?rest_route=\/wp\/v2\/types\/post"}],"author":[{"embeddable":true,"href":"https:\/\/vimagazine.com.br\/index.php?rest_route=\/wp\/v2\/users\/1"}],"replies":[{"embeddable":true,"href":"https:\/\/vimagazine.com.br\/index.php?rest_route=%2Fwp%2Fv2%2Fcomments&post=22044"}],"version-history":[{"count":1,"href":"https:\/\/vimagazine.com.br\/index.php?rest_route=\/wp\/v2\/posts\/22044\/revisions"}],"predecessor-version":[{"id":22058,"href":"https:\/\/vimagazine.com.br\/index.php?rest_route=\/wp\/v2\/posts\/22044\/revisions\/22058"}],"wp:featuredmedia":[{"embeddable":true,"href":"https:\/\/vimagazine.com.br\/index.php?rest_route=\/wp\/v2\/media\/22057"}],"wp:attachment":[{"href":"https:\/\/vimagazine.com.br\/index.php?rest_route=%2Fwp%2Fv2%2Fmedia&parent=22044"}],"wp:term":[{"taxonomy":"category","embeddable":true,"href":"https:\/\/vimagazine.com.br\/index.php?rest_route=%2Fwp%2Fv2%2Fcategories&post=22044"},{"taxonomy":"post_tag","embeddable":true,"href":"https:\/\/vimagazine.com.br\/index.php?rest_route=%2Fwp%2Fv2%2Ftags&post=22044"}],"curies":[{"name":"wp","href":"https:\/\/api.w.org\/{rel}","templated":true}]}}