{"id":22064,"date":"2026-03-12T16:13:56","date_gmt":"2026-03-12T19:13:56","guid":{"rendered":"https:\/\/vimagazine.com.br\/?p=22064"},"modified":"2026-03-12T16:13:58","modified_gmt":"2026-03-12T19:13:58","slug":"pesquisadora-priscila-montagna-propoe-modelo-relacional-que-pode-prevenir-estresse-e-sofrimento-emocional","status":"publish","type":"post","link":"https:\/\/vimagazine.com.br\/?p=22064","title":{"rendered":"Pesquisadora Priscila Montagna prop\u00f5e modelo relacional que pode prevenir estresse e sofrimento emocional"},"content":{"rendered":"\n<p>Estamos adoecendo pela forma como nos relacionamos?<\/p>\n\n\n\n<p>Pesquisadora brasileira afirma que v\u00ednculos desorganizados s\u00e3o fator invis\u00edvel de estresse cr\u00f4nico e sofrimento emocional<\/p>\n\n\n\n<p>Depress\u00e3o, ansiedade, obesidade, exaust\u00e3o. A medicina tradicional costuma tratar sintomas. Mas e se parte do adoecimento contempor\u00e2neo estiver diretamente ligada \u00e0 forma como nos relacionamos?<\/p>\n\n\n\n<p>Essa \u00e9 a provoca\u00e7\u00e3o feita por Priscila Paula da Silva Falkowski Montagna, pesquisadora independente e idealizadora da Rela\u00e7\u00e3o Horizontal\u00ae, modelo autoral que prop\u00f5e a maturidade relacional como estrat\u00e9gia preventiva em sa\u00fade emocional e sist\u00eamica.<\/p>\n\n\n\n<p>Autodidata h\u00e1 mais de 25 anos nas \u00e1reas da sa\u00fade, neuroci\u00eancia do desenvolvimento e trauma, Priscila integra fundamentos da Teoria do Apego, desenvolvida por John Bowlby, da Comunica\u00e7\u00e3o N\u00e3o Violenta de Marshall Rosenberg e estudos hist\u00f3ricos sobre estruturas de poder analisadas por Gerda Lerner. Sua hip\u00f3tese central \u00e9 direta: rela\u00e7\u00f5es verticalizadas, baseadas em controle, submiss\u00e3o, depend\u00eancia e medo, ativam estados prolongados de estresse que impactam o sistema nervoso e, consequentemente, o corpo.<\/p>\n\n\n\n<p>A tese nasce tamb\u00e9m de experi\u00eancia pessoal. Ap\u00f3s enfrentar um quadro profundo de depress\u00e3o p\u00f3s-parto, associado a diagn\u00f3stico equivocado que resultou em interna\u00e7\u00f5es, Priscila iniciou um processo de investiga\u00e7\u00e3o sobre os efeitos do estresse relacional na sa\u00fade mental. No mesmo per\u00edodo, enfrentou obesidade severa, eliminando cerca de 50 quilos por meio de metodologia pr\u00f3pria baseada em reorganiza\u00e7\u00e3o emocional, regula\u00e7\u00e3o do sistema nervoso e princ\u00edpios da medicina funcional integrativa.<\/p>\n\n\n\n<p>Pessoa com altas habilidades\/superdota\u00e7\u00e3o (AHSD), tamb\u00e9m relata os desafios enfrentados por indiv\u00edduos at\u00edpicos frequentemente mal diagnosticados, especialmente quando hipersensibilidade e intensidade emocional s\u00e3o confundidas com patologias. Segundo ela, a aus\u00eancia de ambientes relacionais seguros potencializa sofrimento ps\u00edquico e agrava quadros de desregula\u00e7\u00e3o.<\/p>\n\n\n\n<p>Para Priscila, o problema n\u00e3o \u00e9 apenas biol\u00f3gico \u00e9 relacional.<\/p>\n\n\n\n<p>\u201cVivemos sob estresse n\u00e3o apenas por excesso de trabalho, mas por rela\u00e7\u00f5es estruturadas na verticalidade. Onde h\u00e1 medo constante, o corpo nunca descansa. O sistema nervoso aprende a sobreviver, n\u00e3o a viver\u201d, afirma.<\/p>\n\n\n\n<p>A Rela\u00e7\u00e3o Horizontal\u00ae prop\u00f5e a transi\u00e7\u00e3o desse modelo vertical para uma estrutura baseada em responsabilidade m\u00fatua, limites claros e maturidade emocional. Segundo a pesquisadora, v\u00ednculos organizados podem funcionar como fator protetivo contra estresse t\u00f3xico, ansiedade cr\u00f4nica e padr\u00f5es de exaust\u00e3o.<\/p>\n\n\n\n<p>A provoca\u00e7\u00e3o que deixa \u00e9 simples, mas desconfort\u00e1vel:<\/p>\n\n\n\n<p>se nossas rela\u00e7\u00f5es permanecem desorganizadas, \u00e9 poss\u00edvel falar em sa\u00fade ?<\/p>\n\n\n\n<p>Em um cen\u00e1rio global de crescente adoecimento emocional, a discuss\u00e3o proposta por Priscila amplia o debate: talvez n\u00e3o seja apenas o estilo de vida que precise ser revisto, mas o modo como nos vinculamos.<\/p>\n\n\n\n<p>Priscila Montagna \u00e9 Fundadora do Movimento Rela\u00e7\u00e3o Horizontal<br>Todo Comportamento \u00e9 Comunica\u00e7\u00e3o<br>V\u00ednculo \u00e9 Transforma\u00e7\u00e3o<\/p>\n\n\n\n<p><a href=\"https:\/\/www.instagram.com\/priscilamontagna.oficial\/\">https:\/\/www.instagram.com\/priscilamontagna.oficial\/<\/a><\/p>\n","protected":false},"excerpt":{"rendered":"<p>Estamos adoecendo pela forma como nos relacionamos? Pesquisadora brasileira afirma que v\u00ednculos desorganizados s\u00e3o fator&#8230;<\/p>\n","protected":false},"author":19,"featured_media":22065,"comment_status":"closed","ping_status":"open","sticky":false,"template":"","format":"standard","meta":{"om_disable_all_campaigns":false,"_monsterinsights_skip_tracking":false,"_monsterinsights_sitenote_active":false,"_monsterinsights_sitenote_note":"","_monsterinsights_sitenote_category":0,"spay_email":""},"categories":[1],"tags":[],"jetpack_featured_media_url":"https:\/\/vimagazine.com.br\/wp-content\/uploads\/2026\/03\/IMG-20260301-WA0010.jpg","_links":{"self":[{"href":"https:\/\/vimagazine.com.br\/index.php?rest_route=\/wp\/v2\/posts\/22064"}],"collection":[{"href":"https:\/\/vimagazine.com.br\/index.php?rest_route=\/wp\/v2\/posts"}],"about":[{"href":"https:\/\/vimagazine.com.br\/index.php?rest_route=\/wp\/v2\/types\/post"}],"author":[{"embeddable":true,"href":"https:\/\/vimagazine.com.br\/index.php?rest_route=\/wp\/v2\/users\/19"}],"replies":[{"embeddable":true,"href":"https:\/\/vimagazine.com.br\/index.php?rest_route=%2Fwp%2Fv2%2Fcomments&post=22064"}],"version-history":[{"count":1,"href":"https:\/\/vimagazine.com.br\/index.php?rest_route=\/wp\/v2\/posts\/22064\/revisions"}],"predecessor-version":[{"id":22066,"href":"https:\/\/vimagazine.com.br\/index.php?rest_route=\/wp\/v2\/posts\/22064\/revisions\/22066"}],"wp:featuredmedia":[{"embeddable":true,"href":"https:\/\/vimagazine.com.br\/index.php?rest_route=\/wp\/v2\/media\/22065"}],"wp:attachment":[{"href":"https:\/\/vimagazine.com.br\/index.php?rest_route=%2Fwp%2Fv2%2Fmedia&parent=22064"}],"wp:term":[{"taxonomy":"category","embeddable":true,"href":"https:\/\/vimagazine.com.br\/index.php?rest_route=%2Fwp%2Fv2%2Fcategories&post=22064"},{"taxonomy":"post_tag","embeddable":true,"href":"https:\/\/vimagazine.com.br\/index.php?rest_route=%2Fwp%2Fv2%2Ftags&post=22064"}],"curies":[{"name":"wp","href":"https:\/\/api.w.org\/{rel}","templated":true}]}}