{"id":22067,"date":"2026-03-12T16:19:05","date_gmt":"2026-03-12T19:19:05","guid":{"rendered":"https:\/\/vimagazine.com.br\/?p=22067"},"modified":"2026-03-13T14:01:54","modified_gmt":"2026-03-13T17:01:54","slug":"claudia-metne-e-homenageada-pela-deputada-leticia-aguiar-no-evento-mulheres-de-honra-na-alesp","status":"publish","type":"post","link":"https:\/\/vimagazine.com.br\/?p=22067","title":{"rendered":"Claudia M\u00e9tne \u00e9 homenageada pela deputada Leticia Aguiar no evento Mulheres de Honra na ALESP"},"content":{"rendered":"\n<p>A apresentadora e influenciadora digital Claudia M\u00e9tne&nbsp;foi uma das personalidades homenageadas durante o evento&nbsp;<em>Mulheres de Honra<\/em>, realizado no Audit\u00f3rio Franco Montoro da Assembleia Legislativa do Estado de S\u00e3o Paulo&nbsp;(ALESP). A homenagem foi concedida pela deputada estadual Leticia Aguiar, que reconheceu a trajet\u00f3ria e a contribui\u00e7\u00e3o de mulheres que se destacam em diferentes \u00e1reas da sociedade.<\/p>\n\n\n\n<p>Com uma carreira consolidada na comunica\u00e7\u00e3o, Claudia construiu ao longo dos anos uma imagem marcada pela eleg\u00e2ncia, autenticidade e profissionalismo. Sua experi\u00eancia na televis\u00e3o e atua\u00e7\u00e3o como comunicadora fortaleceram sua rela\u00e7\u00e3o com o p\u00fablico, sempre pautada pela credibilidade e dedica\u00e7\u00e3o.<\/p>\n\n\n\n<p>Nos \u00faltimos anos, expandiu sua presen\u00e7a para o universo digital, onde se tornou refer\u00eancia como influenciadora de moda e estilo de vida. Em suas plataformas, compartilha tend\u00eancias, experi\u00eancias e inspira\u00e7\u00f5es, mantendo uma identidade pr\u00f3pria e coerente.<\/p>\n\n\n\n<p>Entre compromissos profissionais, viagens e eventos do circuito social e cultural, Claudia mant\u00e9m como base fundamental a dedica\u00e7\u00e3o \u00e0 fam\u00edlia, fonte constante de inspira\u00e7\u00e3o em sua trajet\u00f3ria.<\/p>\n\n\n\n<p>A homenagem destacou mulheres que representam valores como lideran\u00e7a, determina\u00e7\u00e3o e inspira\u00e7\u00e3o, reconhecendo suas contribui\u00e7\u00f5es para a sociedade e seu papel como refer\u00eancia para outras gera\u00e7\u00f5es.<\/p>\n","protected":false},"excerpt":{"rendered":"<p>A apresentadora e influenciadora digital Claudia M\u00e9tne&nbsp;foi uma das personalidades homenageadas durante o evento&nbsp;Mulheres de&#8230;<\/p>\n","protected":false},"author":19,"featured_media":22083,"comment_status":"closed","ping_status":"open","sticky":false,"template":"","format":"standard","meta":{"om_disable_all_campaigns":false,"_monsterinsights_skip_tracking":false,"_monsterinsights_sitenote_active":false,"_monsterinsights_sitenote_note":"","_monsterinsights_sitenote_category":0,"spay_email":""},"categories":[1],"tags":[],"jetpack_featured_media_url":"https:\/\/vimagazine.com.br\/wp-content\/uploads\/2026\/03\/Claudia-Metne.jpg","_links":{"self":[{"href":"https:\/\/vimagazine.com.br\/index.php?rest_route=\/wp\/v2\/posts\/22067"}],"collection":[{"href":"https:\/\/vimagazine.com.br\/index.php?rest_route=\/wp\/v2\/posts"}],"about":[{"href":"https:\/\/vimagazine.com.br\/index.php?rest_route=\/wp\/v2\/types\/post"}],"author":[{"embeddable":true,"href":"https:\/\/vimagazine.com.br\/index.php?rest_route=\/wp\/v2\/users\/19"}],"replies":[{"embeddable":true,"href":"https:\/\/vimagazine.com.br\/index.php?rest_route=%2Fwp%2Fv2%2Fcomments&post=22067"}],"version-history":[{"count":1,"href":"https:\/\/vimagazine.com.br\/index.php?rest_route=\/wp\/v2\/posts\/22067\/revisions"}],"predecessor-version":[{"id":22069,"href":"https:\/\/vimagazine.com.br\/index.php?rest_route=\/wp\/v2\/posts\/22067\/revisions\/22069"}],"wp:featuredmedia":[{"embeddable":true,"href":"https:\/\/vimagazine.com.br\/index.php?rest_route=\/wp\/v2\/media\/22083"}],"wp:attachment":[{"href":"https:\/\/vimagazine.com.br\/index.php?rest_route=%2Fwp%2Fv2%2Fmedia&parent=22067"}],"wp:term":[{"taxonomy":"category","embeddable":true,"href":"https:\/\/vimagazine.com.br\/index.php?rest_route=%2Fwp%2Fv2%2Fcategories&post=22067"},{"taxonomy":"post_tag","embeddable":true,"href":"https:\/\/vimagazine.com.br\/index.php?rest_route=%2Fwp%2Fv2%2Ftags&post=22067"}],"curies":[{"name":"wp","href":"https:\/\/api.w.org\/{rel}","templated":true}]}}