{"id":22070,"date":"2026-03-13T13:12:30","date_gmt":"2026-03-13T16:12:30","guid":{"rendered":"https:\/\/vimagazine.com.br\/?p=22070"},"modified":"2026-03-13T13:16:54","modified_gmt":"2026-03-13T16:16:54","slug":"mundo-da-moda-se-despede-de-felipe-da-costa-produtor-e-fotografo-ligado-a-joy-management","status":"publish","type":"post","link":"https:\/\/vimagazine.com.br\/?p=22070","title":{"rendered":"Mundo da moda se despede de Felipe da Costa, produtor e fot\u00f3grafo que atuava na JOY Management"},"content":{"rendered":"\n<p><\/p>\n\n\n\n<p>O produtor e fot\u00f3grafo <strong>Felipe da Costa<\/strong> faleceu nesta quinta-feira (12), gerando grande como\u00e7\u00e3o entre profissionais do mercado de moda e publicidade em Joinville, no Norte de Santa Catarina.<\/p>\n\n\n\n<p>Felipe atuava na produ\u00e7\u00e3o de campanhas publicit\u00e1rias, ensaios fotogr\u00e1ficos e na organiza\u00e7\u00e3o de elencos de modelos para projetos realizados na cidade. Com presen\u00e7a ativa no setor criativo local, ele tamb\u00e9m integrou a equipe da <strong>JOY Management<\/strong>, ag\u00eancia de modelos com sede em S\u00e3o Paulo, ampliando sua conex\u00e3o com o mercado nacional da moda.<\/p>\n\n\n\n<p>Reconhecido pelo olhar atento \u00e0 produ\u00e7\u00e3o e pela facilidade em reunir talentos para campanhas e projetos audiovisuais, Felipe colaborou com diversas iniciativas publicit\u00e1rias e trabalhos institucionais. Ao longo de sua trajet\u00f3ria, construiu uma rede s\u00f3lida de contatos e foi lembrado por colegas como algu\u00e9m que valorizava novos profissionais e incentivava oportunidades dentro do setor.<\/p>\n\n\n\n<p>A not\u00edcia de sua morte mobilizou amigos, modelos e parceiros de trabalho, que compartilharam nas redes sociais mensagens de despedida e lembran\u00e7as de momentos vividos ao seu lado. Entre colegas da moda e da publicidade, Felipe era considerado uma pessoa extremamente querida, admirado n\u00e3o apenas pelo profissionalismo, mas tamb\u00e9m pela generosidade, simpatia e pelo apoio constante a quem iniciava carreira no meio.<\/p>\n\n\n\n<p>Amiga pessoal de Felipe, a jornalista e publicit\u00e1ria <strong>Viviane de Oliveira<\/strong>, CEO da <strong>Vi Magazine<\/strong>, tamb\u00e9m manifestou pesar pela perda. Segundo ela, a rela\u00e7\u00e3o entre os dois ia al\u00e9m do trabalho.<\/p>\n\n\n\n<p>\u201cFelipe era um amigo querido, sempre sorridente, um confidente, talentoso e um profissional extremamente. Tivemos a oportunidade de atuar juntos em produ\u00e7\u00f5es fotogr\u00e1ficas e em projetos importantes no universo da moda, incluindo minha participa\u00e7\u00e3o no concurso <em>The Look Of The Year<\/em>. Sempre foi uma pessoa generosa, apaixonada pelo que fazia e muito presente na vida dos amigos. Sua partida deixa uma dor profunda e uma enorme saudade\u201d, declarou Viviane.<\/p>\n\n\n\n<p>A morte de Felipe deixa uma lacuna no cen\u00e1rio criativo local e na mem\u00f3ria afetiva de todos que tiveram a oportunidade de trabalhar e conviver com ele.<\/p>\n\n\n\n<p><\/p>\n\n\n\n<figure class=\"wp-container-2 wp-block-gallery-1 wp-block-gallery has-nested-images columns-2 is-cropped\">\n<figure class=\"wp-block-image size-large\"><img width=\"512\" height=\"481\" data-id=\"22072\"  src=\"https:\/\/vimagazine.com.br\/wp-content\/uploads\/2026\/03\/Felipe-03.jpg\" alt=\"\" class=\"wp-image-22072\" srcset=\"https:\/\/vimagazine.com.br\/wp-content\/uploads\/2026\/03\/Felipe-03.jpg 512w, https:\/\/vimagazine.com.br\/wp-content\/uploads\/2026\/03\/Felipe-03-300x282.jpg 300w\" sizes=\"(max-width: 512px) 100vw, 512px\" \/><figcaption>Felipe durate atividades na <strong>JOY Management<\/strong><\/figcaption><\/figure>\n\n\n\n<figure class=\"wp-block-image size-large\"><img width=\"529\" height=\"410\" data-id=\"22078\"  src=\"https:\/\/vimagazine.com.br\/wp-content\/uploads\/2026\/03\/Felipe-da-Costa-02-1.jpg\" alt=\"\" class=\"wp-image-22078\" srcset=\"https:\/\/vimagazine.com.br\/wp-content\/uploads\/2026\/03\/Felipe-da-Costa-02-1.jpg 529w, https:\/\/vimagazine.com.br\/wp-content\/uploads\/2026\/03\/Felipe-da-Costa-02-1-300x233.jpg 300w\" sizes=\"(max-width: 529px) 100vw, 529px\" \/><figcaption>Felipe durate atividades na <strong>JOY Management<\/strong><\/figcaption><\/figure>\n\n\n\n<figure class=\"wp-block-image size-large\"><img width=\"407\" height=\"459\" data-id=\"22075\"  src=\"https:\/\/vimagazine.com.br\/wp-content\/uploads\/2026\/03\/Felipe-da-costa-1.jpg\" alt=\"\" class=\"wp-image-22075\" srcset=\"https:\/\/vimagazine.com.br\/wp-content\/uploads\/2026\/03\/Felipe-da-costa-1.jpg 407w, https:\/\/vimagazine.com.br\/wp-content\/uploads\/2026\/03\/Felipe-da-costa-1-266x300.jpg 266w\" sizes=\"(max-width: 407px) 100vw, 407px\" \/><figcaption>Felipe da Costa e Viviane de Oliveira em atividades profissionais de produ\u00e7\u00e3o fotografica<\/figcaption><\/figure>\n<\/figure>\n\n\n\n<p><br><br><\/p>\n\n\n\n<p class=\"has-small-font-size\">Fotos: Divulga\u00e7\u00e3o <\/p>\n\n\n\n<p><\/p>\n\n\n\n<p><\/p>\n","protected":false},"excerpt":{"rendered":"<p>O produtor e fot\u00f3grafo Felipe da Costa faleceu nesta quinta-feira (12), gerando grande como\u00e7\u00e3o entre&#8230;<\/p>\n","protected":false},"author":1,"featured_media":22071,"comment_status":"closed","ping_status":"open","sticky":false,"template":"","format":"standard","meta":{"om_disable_all_campaigns":false,"_monsterinsights_skip_tracking":false,"_monsterinsights_sitenote_active":false,"_monsterinsights_sitenote_note":"","_monsterinsights_sitenote_category":0,"spay_email":""},"categories":[1],"tags":[],"jetpack_featured_media_url":"https:\/\/vimagazine.com.br\/wp-content\/uploads\/2026\/03\/Felipe-.jpg","_links":{"self":[{"href":"https:\/\/vimagazine.com.br\/index.php?rest_route=\/wp\/v2\/posts\/22070"}],"collection":[{"href":"https:\/\/vimagazine.com.br\/index.php?rest_route=\/wp\/v2\/posts"}],"about":[{"href":"https:\/\/vimagazine.com.br\/index.php?rest_route=\/wp\/v2\/types\/post"}],"author":[{"embeddable":true,"href":"https:\/\/vimagazine.com.br\/index.php?rest_route=\/wp\/v2\/users\/1"}],"replies":[{"embeddable":true,"href":"https:\/\/vimagazine.com.br\/index.php?rest_route=%2Fwp%2Fv2%2Fcomments&post=22070"}],"version-history":[{"count":4,"href":"https:\/\/vimagazine.com.br\/index.php?rest_route=\/wp\/v2\/posts\/22070\/revisions"}],"predecessor-version":[{"id":22081,"href":"https:\/\/vimagazine.com.br\/index.php?rest_route=\/wp\/v2\/posts\/22070\/revisions\/22081"}],"wp:featuredmedia":[{"embeddable":true,"href":"https:\/\/vimagazine.com.br\/index.php?rest_route=\/wp\/v2\/media\/22071"}],"wp:attachment":[{"href":"https:\/\/vimagazine.com.br\/index.php?rest_route=%2Fwp%2Fv2%2Fmedia&parent=22070"}],"wp:term":[{"taxonomy":"category","embeddable":true,"href":"https:\/\/vimagazine.com.br\/index.php?rest_route=%2Fwp%2Fv2%2Fcategories&post=22070"},{"taxonomy":"post_tag","embeddable":true,"href":"https:\/\/vimagazine.com.br\/index.php?rest_route=%2Fwp%2Fv2%2Ftags&post=22070"}],"curies":[{"name":"wp","href":"https:\/\/api.w.org\/{rel}","templated":true}]}}