{"id":22084,"date":"2026-03-13T19:39:17","date_gmt":"2026-03-13T22:39:17","guid":{"rendered":"https:\/\/vimagazine.com.br\/?p=22084"},"modified":"2026-03-13T19:39:20","modified_gmt":"2026-03-13T22:39:20","slug":"kelly-fonteli-a-forca-do-forro-que-nasce-na-bahia-e-conquista-novos-palcos","status":"publish","type":"post","link":"https:\/\/vimagazine.com.br\/?p=22084","title":{"rendered":"Kelly Fonteli: a for\u00e7a do forr\u00f3 que nasce na Bahia e conquista novos palcos"},"content":{"rendered":"\n<p><br><br><\/p>\n\n\n\n<p>Natural de Ilh\u00e9us, no sul da Bahia, a cantora Kelly Fonteli vem se destacando no cen\u00e1rio musical nordestino com um estilo vibrante, marcado por presen\u00e7a de palco, carisma e uma energia contagiante. Filha de Dona Helena e Seu Ant\u00f4nio, a artista carrega em sua trajet\u00f3ria a influ\u00eancia da rica cultura nordestina, transformando suas ra\u00edzes em m\u00fasica e espet\u00e1culo.<\/p>\n\n\n\n<p>Radicada em Salvador, Kelly construiu uma identidade musical que dialoga entre tradi\u00e7\u00e3o e contemporaneidade. Seu repert\u00f3rio mescla o tradicional forr\u00f3 das antigas com o piseiro, criando uma sonoridade moderna sem perder a ess\u00eancia do g\u00eanero. Com voz potente e personalidade marcante, a cantora apresenta um show vers\u00e1til que percorre cl\u00e1ssicos do forr\u00f3, m\u00fasicas populares e composi\u00e7\u00f5es autorais.<\/p>\n\n\n\n<p><\/p>\n\n\n\n<figure class=\"wp-container-2 wp-block-gallery-1 wp-block-gallery has-nested-images columns-default is-cropped\">\n<figure class=\"wp-block-image size-large\"><img width=\"1080\" height=\"1440\" data-id=\"22087\"  src=\"https:\/\/vimagazine.com.br\/wp-content\/uploads\/2026\/03\/WhatsApp-Image-2026-03-12-at-22.41.24-2.jpeg\" alt=\"\" class=\"wp-image-22087\" srcset=\"https:\/\/vimagazine.com.br\/wp-content\/uploads\/2026\/03\/WhatsApp-Image-2026-03-12-at-22.41.24-2.jpeg 1080w, https:\/\/vimagazine.com.br\/wp-content\/uploads\/2026\/03\/WhatsApp-Image-2026-03-12-at-22.41.24-2-225x300.jpeg 225w, https:\/\/vimagazine.com.br\/wp-content\/uploads\/2026\/03\/WhatsApp-Image-2026-03-12-at-22.41.24-2-768x1024.jpeg 768w, https:\/\/vimagazine.com.br\/wp-content\/uploads\/2026\/03\/WhatsApp-Image-2026-03-12-at-22.41.24-2-1024x1365.jpeg 1024w\" sizes=\"(max-width: 1080px) 100vw, 1080px\" \/><\/figure>\n\n\n\n<figure class=\"wp-block-image size-large\"><img width=\"854\" height=\"1280\" data-id=\"22089\"  src=\"https:\/\/vimagazine.com.br\/wp-content\/uploads\/2026\/03\/WhatsApp-Image-2026-03-12-at-22.41.22.jpeg\" alt=\"\" class=\"wp-image-22089\" srcset=\"https:\/\/vimagazine.com.br\/wp-content\/uploads\/2026\/03\/WhatsApp-Image-2026-03-12-at-22.41.22.jpeg 854w, https:\/\/vimagazine.com.br\/wp-content\/uploads\/2026\/03\/WhatsApp-Image-2026-03-12-at-22.41.22-200x300.jpeg 200w, https:\/\/vimagazine.com.br\/wp-content\/uploads\/2026\/03\/WhatsApp-Image-2026-03-12-at-22.41.22-683x1024.jpeg 683w, https:\/\/vimagazine.com.br\/wp-content\/uploads\/2026\/03\/WhatsApp-Image-2026-03-12-at-22.41.22-768x1151.jpeg 768w\" sizes=\"(max-width: 854px) 100vw, 854px\" \/><\/figure>\n\n\n\n<figure class=\"wp-block-image size-large\"><img width=\"1080\" height=\"1440\" data-id=\"22088\"  src=\"https:\/\/vimagazine.com.br\/wp-content\/uploads\/2026\/03\/WhatsApp-Image-2026-03-12-at-22.41.24-1.jpeg\" alt=\"\" class=\"wp-image-22088\" srcset=\"https:\/\/vimagazine.com.br\/wp-content\/uploads\/2026\/03\/WhatsApp-Image-2026-03-12-at-22.41.24-1.jpeg 1080w, https:\/\/vimagazine.com.br\/wp-content\/uploads\/2026\/03\/WhatsApp-Image-2026-03-12-at-22.41.24-1-225x300.jpeg 225w, https:\/\/vimagazine.com.br\/wp-content\/uploads\/2026\/03\/WhatsApp-Image-2026-03-12-at-22.41.24-1-768x1024.jpeg 768w, https:\/\/vimagazine.com.br\/wp-content\/uploads\/2026\/03\/WhatsApp-Image-2026-03-12-at-22.41.24-1-1024x1365.jpeg 1024w\" sizes=\"(max-width: 1080px) 100vw, 1080px\" \/><\/figure>\n<\/figure>\n\n\n\n<p><\/p>\n\n\n\n<p><\/p>\n\n\n\n<p>Em suas letras e apresenta\u00e7\u00f5es, a artista tamb\u00e9m refor\u00e7a uma mensagem importante: o empoderamento feminino e a uni\u00e3o entre as mulheres. A tem\u00e1tica aparece tanto em suas composi\u00e7\u00f5es quanto na forma intensa e confiante com que conduz suas performances no palco.<\/p>\n\n\n\n<p>Entre as influ\u00eancias que moldaram sua musicalidade est\u00e3o grandes nomes da m\u00fasica brasileira, como Solange Almeida, Ivete Sangalo e Walkyria Santos, artistas que marcaram gera\u00e7\u00f5es e ajudaram a inspirar sua trajet\u00f3ria art\u00edstica.<\/p>\n\n\n\n<p>Antes de iniciar a carreira solo, Kelly acumulou experi\u00eancia ao integrar importantes bandas do circuito nordestino, como Banda Lord\u00e3o, Flor de Maracuj\u00e1 e Mela\u00e7o de Cana. A passagem por esses grupos consolidou sua forma\u00e7\u00e3o art\u00edstica e lhe garantiu estrada pelos palcos da Bahia e de outras regi\u00f5es do pa\u00eds.<\/p>\n\n\n\n<p>Ao longo da carreira, a cantora tamb\u00e9m compartilhou momentos com nomes consagrados da m\u00fasica, como Paulinha Abelha, Silvana Aquino, Daniel Diau, Simone Mendes e Simaria Mendes, ampliando sua presen\u00e7a no meio art\u00edstico.<\/p>\n\n\n\n<p><\/p>\n\n\n\n<p><\/p>\n\n\n\n<figure class=\"wp-container-4 wp-block-gallery-3 wp-block-gallery has-nested-images columns-default is-cropped\">\n<figure class=\"wp-block-image size-large\"><img width=\"854\" height=\"1280\" data-id=\"22085\"  src=\"https:\/\/vimagazine.com.br\/wp-content\/uploads\/2026\/03\/WhatsApp-Image-2026-03-12-at-22.41.25.jpeg\" alt=\"\" class=\"wp-image-22085\" srcset=\"https:\/\/vimagazine.com.br\/wp-content\/uploads\/2026\/03\/WhatsApp-Image-2026-03-12-at-22.41.25.jpeg 854w, https:\/\/vimagazine.com.br\/wp-content\/uploads\/2026\/03\/WhatsApp-Image-2026-03-12-at-22.41.25-200x300.jpeg 200w, https:\/\/vimagazine.com.br\/wp-content\/uploads\/2026\/03\/WhatsApp-Image-2026-03-12-at-22.41.25-683x1024.jpeg 683w, https:\/\/vimagazine.com.br\/wp-content\/uploads\/2026\/03\/WhatsApp-Image-2026-03-12-at-22.41.25-768x1151.jpeg 768w\" sizes=\"(max-width: 854px) 100vw, 854px\" \/><\/figure>\n\n\n\n<figure class=\"wp-block-image size-large\"><img width=\"854\" height=\"1280\" data-id=\"22086\"  src=\"https:\/\/vimagazine.com.br\/wp-content\/uploads\/2026\/03\/WhatsApp-Image-2026-03-12-at-22.41.24-3.jpeg\" alt=\"\" class=\"wp-image-22086\" srcset=\"https:\/\/vimagazine.com.br\/wp-content\/uploads\/2026\/03\/WhatsApp-Image-2026-03-12-at-22.41.24-3.jpeg 854w, https:\/\/vimagazine.com.br\/wp-content\/uploads\/2026\/03\/WhatsApp-Image-2026-03-12-at-22.41.24-3-200x300.jpeg 200w, https:\/\/vimagazine.com.br\/wp-content\/uploads\/2026\/03\/WhatsApp-Image-2026-03-12-at-22.41.24-3-683x1024.jpeg 683w, https:\/\/vimagazine.com.br\/wp-content\/uploads\/2026\/03\/WhatsApp-Image-2026-03-12-at-22.41.24-3-768x1151.jpeg 768w\" sizes=\"(max-width: 854px) 100vw, 854px\" \/><\/figure>\n<\/figure>\n\n\n\n<p><\/p>\n\n\n\n<p>Recentemente, Kelly realizou uma turn\u00ea de S\u00e3o Jo\u00e3o pelo interior da Bahia, levando seu repert\u00f3rio e sua energia para diversas cidades. Durante o Carnaval, tamb\u00e9m chamou aten\u00e7\u00e3o ao desfilar com uma apresenta\u00e7\u00e3o cheia de personalidade, prestando homenagem \u00e0 ic\u00f4nica Carmen Miranda em um espet\u00e1culo colorido e vibrante, inspirado nas cores da Copa do Mundo.<\/p>\n\n\n\n<p>A artista ainda marcou presen\u00e7a na Mikarina, em Teresina, no Piau\u00ed, uma das festas mais populares da regi\u00e3o, participando tamb\u00e9m de apresenta\u00e7\u00f5es em r\u00e1dios e programas de televis\u00e3o locais.<\/p>\n\n\n\n<p><\/p>\n\n\n\n<figure class=\"wp-block-image aligncenter size-large is-resized\"><img src=\"https:\/\/vimagazine.com.br\/wp-content\/uploads\/2026\/03\/WhatsApp-Image-2026-03-12-at-22.41.23-1-683x1024.jpeg\" alt=\"\" class=\"wp-image-22093\" width=\"342\" height=\"512\" srcset=\"https:\/\/vimagazine.com.br\/wp-content\/uploads\/2026\/03\/WhatsApp-Image-2026-03-12-at-22.41.23-1-683x1024.jpeg 683w, https:\/\/vimagazine.com.br\/wp-content\/uploads\/2026\/03\/WhatsApp-Image-2026-03-12-at-22.41.23-1-200x300.jpeg 200w, https:\/\/vimagazine.com.br\/wp-content\/uploads\/2026\/03\/WhatsApp-Image-2026-03-12-at-22.41.23-1-768x1151.jpeg 768w, https:\/\/vimagazine.com.br\/wp-content\/uploads\/2026\/03\/WhatsApp-Image-2026-03-12-at-22.41.23-1.jpeg 854w\" sizes=\"(max-width: 342px) 100vw, 342px\" \/><\/figure>\n\n\n\n<p><\/p>\n\n\n\n<p><\/p>\n\n\n\n<p>Hoje, em carreira solo, Kelly Fonteli segue ampliando seu p\u00fablico e consolidando seu nome no cen\u00e1rio da m\u00fasica nordestina. Com autenticidade, talento e forte conex\u00e3o com o p\u00fablico, a cantora transforma cada apresenta\u00e7\u00e3o em um espet\u00e1culo de alegria, emo\u00e7\u00e3o e celebra\u00e7\u00e3o da cultura brasileira.<\/p>\n\n\n\n<p><\/p>\n\n\n\n<figure class=\"wp-container-6 wp-block-gallery-5 wp-block-gallery has-nested-images columns-default is-cropped\">\n<figure class=\"wp-block-image size-large\"><img width=\"900\" height=\"1600\" data-id=\"22090\"  src=\"https:\/\/vimagazine.com.br\/wp-content\/uploads\/2026\/03\/WhatsApp-Image-2026-03-12-at-22.41.23-3.jpeg\" alt=\"\" class=\"wp-image-22090\" srcset=\"https:\/\/vimagazine.com.br\/wp-content\/uploads\/2026\/03\/WhatsApp-Image-2026-03-12-at-22.41.23-3.jpeg 900w, https:\/\/vimagazine.com.br\/wp-content\/uploads\/2026\/03\/WhatsApp-Image-2026-03-12-at-22.41.23-3-169x300.jpeg 169w, https:\/\/vimagazine.com.br\/wp-content\/uploads\/2026\/03\/WhatsApp-Image-2026-03-12-at-22.41.23-3-576x1024.jpeg 576w, https:\/\/vimagazine.com.br\/wp-content\/uploads\/2026\/03\/WhatsApp-Image-2026-03-12-at-22.41.23-3-768x1365.jpeg 768w, https:\/\/vimagazine.com.br\/wp-content\/uploads\/2026\/03\/WhatsApp-Image-2026-03-12-at-22.41.23-3-864x1536.jpeg 864w\" sizes=\"(max-width: 900px) 100vw, 900px\" \/><\/figure>\n\n\n\n<figure class=\"wp-block-image size-large\"><img width=\"854\" height=\"1280\" data-id=\"22091\"  src=\"https:\/\/vimagazine.com.br\/wp-content\/uploads\/2026\/03\/WhatsApp-Image-2026-03-12-at-22.41.23-2.jpeg\" alt=\"\" class=\"wp-image-22091\" srcset=\"https:\/\/vimagazine.com.br\/wp-content\/uploads\/2026\/03\/WhatsApp-Image-2026-03-12-at-22.41.23-2.jpeg 854w, https:\/\/vimagazine.com.br\/wp-content\/uploads\/2026\/03\/WhatsApp-Image-2026-03-12-at-22.41.23-2-200x300.jpeg 200w, https:\/\/vimagazine.com.br\/wp-content\/uploads\/2026\/03\/WhatsApp-Image-2026-03-12-at-22.41.23-2-683x1024.jpeg 683w, https:\/\/vimagazine.com.br\/wp-content\/uploads\/2026\/03\/WhatsApp-Image-2026-03-12-at-22.41.23-2-768x1151.jpeg 768w\" sizes=\"(max-width: 854px) 100vw, 854px\" \/><\/figure>\n\n\n\n<figure class=\"wp-block-image size-large\"><img width=\"900\" height=\"1600\" data-id=\"22092\"  src=\"https:\/\/vimagazine.com.br\/wp-content\/uploads\/2026\/03\/WhatsApp-Image-2026-03-12-at-22.41.23.jpeg\" alt=\"\" class=\"wp-image-22092\" srcset=\"https:\/\/vimagazine.com.br\/wp-content\/uploads\/2026\/03\/WhatsApp-Image-2026-03-12-at-22.41.23.jpeg 900w, https:\/\/vimagazine.com.br\/wp-content\/uploads\/2026\/03\/WhatsApp-Image-2026-03-12-at-22.41.23-169x300.jpeg 169w, https:\/\/vimagazine.com.br\/wp-content\/uploads\/2026\/03\/WhatsApp-Image-2026-03-12-at-22.41.23-576x1024.jpeg 576w, https:\/\/vimagazine.com.br\/wp-content\/uploads\/2026\/03\/WhatsApp-Image-2026-03-12-at-22.41.23-768x1365.jpeg 768w, https:\/\/vimagazine.com.br\/wp-content\/uploads\/2026\/03\/WhatsApp-Image-2026-03-12-at-22.41.23-864x1536.jpeg 864w\" sizes=\"(max-width: 900px) 100vw, 900px\" \/><\/figure>\n<\/figure>\n","protected":false},"excerpt":{"rendered":"<p>Natural de Ilh\u00e9us, no sul da Bahia, a cantora Kelly Fonteli vem se destacando no&#8230;<\/p>\n","protected":false},"author":1,"featured_media":22094,"comment_status":"closed","ping_status":"open","sticky":false,"template":"","format":"standard","meta":{"om_disable_all_campaigns":false,"_monsterinsights_skip_tracking":false,"_monsterinsights_sitenote_active":false,"_monsterinsights_sitenote_note":"","_monsterinsights_sitenote_category":0,"spay_email":""},"categories":[27],"tags":[],"jetpack_featured_media_url":"https:\/\/vimagazine.com.br\/wp-content\/uploads\/2026\/03\/WhatsApp-Image-2026-03-12-at-22.41.24.jpeg","_links":{"self":[{"href":"https:\/\/vimagazine.com.br\/index.php?rest_route=\/wp\/v2\/posts\/22084"}],"collection":[{"href":"https:\/\/vimagazine.com.br\/index.php?rest_route=\/wp\/v2\/posts"}],"about":[{"href":"https:\/\/vimagazine.com.br\/index.php?rest_route=\/wp\/v2\/types\/post"}],"author":[{"embeddable":true,"href":"https:\/\/vimagazine.com.br\/index.php?rest_route=\/wp\/v2\/users\/1"}],"replies":[{"embeddable":true,"href":"https:\/\/vimagazine.com.br\/index.php?rest_route=%2Fwp%2Fv2%2Fcomments&post=22084"}],"version-history":[{"count":1,"href":"https:\/\/vimagazine.com.br\/index.php?rest_route=\/wp\/v2\/posts\/22084\/revisions"}],"predecessor-version":[{"id":22095,"href":"https:\/\/vimagazine.com.br\/index.php?rest_route=\/wp\/v2\/posts\/22084\/revisions\/22095"}],"wp:featuredmedia":[{"embeddable":true,"href":"https:\/\/vimagazine.com.br\/index.php?rest_route=\/wp\/v2\/media\/22094"}],"wp:attachment":[{"href":"https:\/\/vimagazine.com.br\/index.php?rest_route=%2Fwp%2Fv2%2Fmedia&parent=22084"}],"wp:term":[{"taxonomy":"category","embeddable":true,"href":"https:\/\/vimagazine.com.br\/index.php?rest_route=%2Fwp%2Fv2%2Fcategories&post=22084"},{"taxonomy":"post_tag","embeddable":true,"href":"https:\/\/vimagazine.com.br\/index.php?rest_route=%2Fwp%2Fv2%2Ftags&post=22084"}],"curies":[{"name":"wp","href":"https:\/\/api.w.org\/{rel}","templated":true}]}}