{"id":22106,"date":"2026-03-17T08:35:35","date_gmt":"2026-03-17T11:35:35","guid":{"rendered":"https:\/\/vimagazine.com.br\/?p=22106"},"modified":"2026-03-17T08:35:37","modified_gmt":"2026-03-17T11:35:37","slug":"joinville-recebe-evento-inspirado-no-st-patricks-day-com-programacao-gratuita","status":"publish","type":"post","link":"https:\/\/vimagazine.com.br\/?p=22106","title":{"rendered":"Joinville recebe evento inspirado no St. Patrick\u2019s Day com programa\u00e7\u00e3o gratuita"},"content":{"rendered":"\n<p>Festival inspirado na tradicional celebra\u00e7\u00e3o irlandesa ser\u00e1 realizado em 21 de mar\u00e7o, com entrada gratuita, atra\u00e7\u00f5es ao vivo, feira criativa e espa\u00e7o para toda a fam\u00edlia<\/p>\n\n\n\n<p>Joinville entra no clima verde do St. Patrick\u2019s Day com a chegada do St. Patrick\u2019s na Rua, festival inspirado na tradicional celebra\u00e7\u00e3o irlandesa que ser\u00e1 realizado no dia 21 de mar\u00e7o, na Avenida Hermann August Lepper. Com entrada gratuita, o evento promete reunir m\u00fasica ao vivo, cervejas artesanais, gastronomia variada, atra\u00e7\u00f5es tem\u00e1ticas e atividades para diferentes p\u00fablicos em um ambiente ao ar livre.<\/p>\n\n\n\n<p>Integrando o circuito oficial do St. Patrick\u2019s na Rua 2026, a edi\u00e7\u00e3o de Joinville aposta em uma experi\u00eancia cultural acess\u00edvel, aliando entretenimento, conviv\u00eancia urbana e valoriza\u00e7\u00e3o de produtores locais. A proposta \u00e9 transformar um dos espa\u00e7os p\u00fablicos da cidade em ponto de encontro para celebrar a cultura, a m\u00fasica e a gastronomia em uma programa\u00e7\u00e3o pensada tamb\u00e9m para fam\u00edlias.<\/p>\n\n\n\n<p>M\u00fasica, chope verde e experi\u00eancias ao ar livre<\/p>\n\n\n\n<p>A programa\u00e7\u00e3o contar\u00e1 com palcos dedicados a bandas ao vivo e atra\u00e7\u00f5es tem\u00e1ticas, criando a atmosfera caracter\u00edstica do St. Patrick\u2019s. O p\u00fablico tamb\u00e9m poder\u00e1 aproveitar a participa\u00e7\u00e3o de cervejarias artesanais, com diferentes estilos de chope, incluindo o tradicional chope verde, s\u00edmbolo da festa, al\u00e9m de bares com drinks e coquetelaria variada.<\/p>\n\n\n\n<p>Na \u00e1rea gastron\u00f4mica, o evento ter\u00e1 food trucks com op\u00e7\u00f5es para diferentes gostos, ampliando a experi\u00eancia para al\u00e9m da m\u00fasica e da cultura cervejeira. Outro destaque \u00e9 a Feira Criativa, voltada \u00e0 valoriza\u00e7\u00e3o de artistas, empreendedores e produtores locais, fortalecendo a economia criativa da cidade.<\/p>\n\n\n\n<p>Com proposta de ser um evento cultural, gastron\u00f4mico e familiar, o St. Patrick\u2019s na Rua Joinville tamb\u00e9m ter\u00e1 \u00c1rea Kids equipada e monitorada, oferecendo mais conforto e seguran\u00e7a para quem pretende curtir a programa\u00e7\u00e3o com crian\u00e7as.<\/p>\n\n\n\n<p>Celebra\u00e7\u00e3o global ganha vers\u00e3o joinvilense<\/p>\n\n\n\n<p>Celebrado oficialmente em mar\u00e7o, o St. Patrick\u2019s Day \u00e9 uma das datas culturais mais conhecidas do mundo. Marcada pela cor verde, pelo trevo, pela m\u00fasica e pelo esp\u00edrito de confraterniza\u00e7\u00e3o, a celebra\u00e7\u00e3o ultrapassou as fronteiras da Irlanda e se consolidou como um evento global. Em Joinville, a proposta \u00e9 trazer esse clima festivo para perto do p\u00fablico, em uma edi\u00e7\u00e3o com identidade local e foco em experi\u00eancias ao ar livre.<\/p>\n\n\n\n<p>Servi\u00e7o<br>St. Patrick\u2019s na Rua \u2013 Joinville<br>Data: 21 de mar\u00e7o de 2026<br>Hor\u00e1rio: das 11h \u00e0s 22h<br>Local: Avenida Hermann August Lepper \u2013 Joinville\/SC<br>Entrada: gratuita e limitada, mediante inscri\u00e7\u00e3o no link https:\/\/www.sympla.com.br\/evento\/joinville-st-patrick-s-na-rua-21-03-2026\/3302654<\/p>\n","protected":false},"excerpt":{"rendered":"<p>Festival inspirado na tradicional celebra\u00e7\u00e3o irlandesa ser\u00e1 realizado em 21 de mar\u00e7o, com entrada gratuita,&#8230;<\/p>\n","protected":false},"author":20,"featured_media":22107,"comment_status":"closed","ping_status":"open","sticky":false,"template":"","format":"standard","meta":{"om_disable_all_campaigns":false,"_monsterinsights_skip_tracking":false,"_monsterinsights_sitenote_active":false,"_monsterinsights_sitenote_note":"","_monsterinsights_sitenote_category":0,"spay_email":""},"categories":[1],"tags":[],"jetpack_featured_media_url":"https:\/\/vimagazine.com.br\/wp-content\/uploads\/2026\/03\/WhatsApp-Image-2026-03-12-at-14.57.05.jpeg","_links":{"self":[{"href":"https:\/\/vimagazine.com.br\/index.php?rest_route=\/wp\/v2\/posts\/22106"}],"collection":[{"href":"https:\/\/vimagazine.com.br\/index.php?rest_route=\/wp\/v2\/posts"}],"about":[{"href":"https:\/\/vimagazine.com.br\/index.php?rest_route=\/wp\/v2\/types\/post"}],"author":[{"embeddable":true,"href":"https:\/\/vimagazine.com.br\/index.php?rest_route=\/wp\/v2\/users\/20"}],"replies":[{"embeddable":true,"href":"https:\/\/vimagazine.com.br\/index.php?rest_route=%2Fwp%2Fv2%2Fcomments&post=22106"}],"version-history":[{"count":1,"href":"https:\/\/vimagazine.com.br\/index.php?rest_route=\/wp\/v2\/posts\/22106\/revisions"}],"predecessor-version":[{"id":22109,"href":"https:\/\/vimagazine.com.br\/index.php?rest_route=\/wp\/v2\/posts\/22106\/revisions\/22109"}],"wp:featuredmedia":[{"embeddable":true,"href":"https:\/\/vimagazine.com.br\/index.php?rest_route=\/wp\/v2\/media\/22107"}],"wp:attachment":[{"href":"https:\/\/vimagazine.com.br\/index.php?rest_route=%2Fwp%2Fv2%2Fmedia&parent=22106"}],"wp:term":[{"taxonomy":"category","embeddable":true,"href":"https:\/\/vimagazine.com.br\/index.php?rest_route=%2Fwp%2Fv2%2Fcategories&post=22106"},{"taxonomy":"post_tag","embeddable":true,"href":"https:\/\/vimagazine.com.br\/index.php?rest_route=%2Fwp%2Fv2%2Ftags&post=22106"}],"curies":[{"name":"wp","href":"https:\/\/api.w.org\/{rel}","templated":true}]}}