{"id":22114,"date":"2026-03-17T08:48:09","date_gmt":"2026-03-17T11:48:09","guid":{"rendered":"https:\/\/vimagazine.com.br\/?p=22114"},"modified":"2026-03-17T08:48:11","modified_gmt":"2026-03-17T11:48:11","slug":"agora-tech-park-sera-a-casa-do-lide-em-joinville","status":"publish","type":"post","link":"https:\/\/vimagazine.com.br\/?p=22114","title":{"rendered":"\u00c1gora Tech Park ser\u00e1 a Casa do LIDE em Joinville"},"content":{"rendered":"\n<p class=\"has-medium-font-size\"><br><br><strong>Movimento refor\u00e7a protagonismo econ\u00f4mico do norte catarinense e aproxima grandes empresas do ecossistema de inova\u00e7\u00e3o<\/strong><\/p>\n\n\n\n<p><\/p>\n\n\n\n<p>O \u00c1gora Tech Park, um dos principais hubs de inova\u00e7\u00e3o do Brasil, localizado em Joinville, ser\u00e1 a nova Casa do LIDE Santa Catarina a partir de 2026. A iniciativa consolida a presen\u00e7a do maior grupo empresarial multissetorial da Am\u00e9rica Latina no maior p\u00f3lo industrial do estado, criando uma ponte estrat\u00e9gica entre inova\u00e7\u00e3o, tecnologia e alta lideran\u00e7a empresarial.<\/p>\n\n\n\n<p>Com a instala\u00e7\u00e3o da Casa LIDE dentro do \u00c1gora Tech Park, o LIDE Santa Catarina avan\u00e7a em sua miss\u00e3o de fortalecer o ambiente de neg\u00f3cios, promover competitividade e estimular conex\u00f5es entre empresas brasileiras com faturamento acima de R$ 200 milh\u00f5es e o ecossistema inovador da regi\u00e3o.<\/p>\n\n\n\n<p>A parceria institucional tamb\u00e9m reposiciona Joinville no mapa das cidades que recebem agendas permanentes do grupo, ao lado de p\u00f3los econ\u00f4micos como Itaja\u00ed, Florian\u00f3polis, Porto Alegre, Crici\u00fama, Balne\u00e1rio Cambori\u00fa, Chapec\u00f3, Caxias do Sul e Gramado.<\/p>\n\n\n\n<p>Felippe Prates, CEO da Novalogic, assume a presid\u00eancia do Conselho da nova embaixada do LIDE no \u00c1gora Tech Park. Para ele, a aproxima\u00e7\u00e3o entre l\u00edderes empresariais e o universo da inova\u00e7\u00e3o tem potencial de elevar a competitividade das organiza\u00e7\u00f5es catarinenses.<\/p>\n\n\n\n<p>\u201cA converg\u00eancia entre o \u00c1gora e o ecossistema LIDE Global cria um ambiente prop\u00edcio para acelerar neg\u00f3cios, gerar oportunidades e preparar as empresas para os novos desafios da economia baseada em tecnologia e intelig\u00eancia artificial\u201d, destaca Prates.<\/p>\n\n\n\n<p>A nova Casa LIDE ter\u00e1 um calend\u00e1rio anual robusto, com encontros de comit\u00eas tem\u00e1ticos, f\u00f3runs econ\u00f4micos, reuni\u00f5es estrat\u00e9gicas, visitas t\u00e9cnicas, miss\u00f5es empresariais e eventos focados em inova\u00e7\u00e3o e transforma\u00e7\u00e3o digital. Tamb\u00e9m haver\u00e1 integra\u00e7\u00e3o permanente com a agenda do Sistema LIDE em diferentes regi\u00f5es do pa\u00eds, ampliando o acesso das empresas catarinenses a debates de impacto nacional e internacional.<\/p>\n\n\n\n<p>Delton Batista, Presidente do Sistema LIDE Santa Catarina e LIDE Rio Grande do Sul, refor\u00e7a a relev\u00e2ncia da iniciativa para o ambiente econ\u00f4mico regional.<\/p>\n\n\n\n<p>\u201cO grande objetivo dessa parceria \u00e9 ampliar a competitividade empresarial e contribuir para o desenvolvimento sustent\u00e1vel do Brasil. Queremos gerar impacto positivo na sociedade, estimular a inova\u00e7\u00e3o e fortalecer a lideran\u00e7a empresarial catarinense\u201d, afirma.<\/p>\n\n\n\n<p><\/p>\n\n\n\n<p><\/p>\n\n\n\n<figure class=\"wp-block-image size-large\"><img width=\"1024\" height=\"575\" src=\"https:\/\/vimagazine.com.br\/wp-content\/uploads\/2026\/03\/WhatsApp-Image-2026-03-17-at-08.14.58-Copia-1024x575.jpeg\" alt=\"\" class=\"wp-image-22116\" srcset=\"https:\/\/vimagazine.com.br\/wp-content\/uploads\/2026\/03\/WhatsApp-Image-2026-03-17-at-08.14.58-Copia-1024x575.jpeg 1024w, https:\/\/vimagazine.com.br\/wp-content\/uploads\/2026\/03\/WhatsApp-Image-2026-03-17-at-08.14.58-Copia-300x168.jpeg 300w, https:\/\/vimagazine.com.br\/wp-content\/uploads\/2026\/03\/WhatsApp-Image-2026-03-17-at-08.14.58-Copia-768x431.jpeg 768w, https:\/\/vimagazine.com.br\/wp-content\/uploads\/2026\/03\/WhatsApp-Image-2026-03-17-at-08.14.58-Copia-1536x862.jpeg 1536w, https:\/\/vimagazine.com.br\/wp-content\/uploads\/2026\/03\/WhatsApp-Image-2026-03-17-at-08.14.58-Copia.jpeg 1600w\" sizes=\"(max-width: 1024px) 100vw, 1024px\" \/><\/figure>\n\n\n\n<p><\/p>\n\n\n\n<p><\/p>\n\n\n\n<p class=\"has-medium-font-size\"><strong>Joinville ser\u00e1 pioneira para o abastecimento de ve\u00edculos movidos a hidrog\u00eanio.<\/strong><\/p>\n\n\n\n<p>Na mesma ocasi\u00e3o, a GWM vai anunciar oficialmente o credenciamento de Joinville como polo homologado para abastecimento de ve\u00edculos movidos a hidrog\u00eanio. Com a iniciativa, a cidade catarinense passa a ocupar posi\u00e7\u00e3o estrat\u00e9gica no avan\u00e7o da mobilidade sustent\u00e1vel no pa\u00eds, tornando-se a \u00fanica cidade brasileira habilitada com essa tecnologia no momento. O an\u00fancio marca um passo importante na introdu\u00e7\u00e3o do hidrog\u00eanio como alternativa energ\u00e9tica limpa para o setor automotivo no Brasil.<\/p>\n\n\n\n<p>Durante o evento, o p\u00fablico tamb\u00e9m poder\u00e1 conhecer de perto a inova\u00e7\u00e3o: tr\u00eas ve\u00edculos movidos a hidrog\u00eanio ser\u00e3o expostos, demonstrando na pr\u00e1tica o funcionamento da tecnologia e seu potencial para reduzir emiss\u00f5es de carbono no transporte. A apresenta\u00e7\u00e3o refor\u00e7a o protagonismo de Joinville no debate sobre novas matrizes energ\u00e9ticas e posiciona a cidade como refer\u00eancia nacional em solu\u00e7\u00f5es de mobilidade de baixa emiss\u00e3o.<\/p>\n\n\n\n<p>A inaugura\u00e7\u00e3o oficial da Casa LIDE em Joinville ser\u00e1 no dia 31 de mar\u00e7o, \u00e0s 08h30, e deve marcar uma nova etapa de integra\u00e7\u00e3o entre o setor produtivo, o ambiente de inova\u00e7\u00e3o e as lideran\u00e7as empresariais do Sul do pa\u00eds.<\/p>\n","protected":false},"excerpt":{"rendered":"<p>Movimento refor\u00e7a protagonismo econ\u00f4mico do norte catarinense e aproxima grandes empresas do ecossistema de inova\u00e7\u00e3o&#8230;<\/p>\n","protected":false},"author":1,"featured_media":22115,"comment_status":"closed","ping_status":"open","sticky":false,"template":"","format":"standard","meta":{"om_disable_all_campaigns":false,"_monsterinsights_skip_tracking":false,"_monsterinsights_sitenote_active":false,"_monsterinsights_sitenote_note":"","_monsterinsights_sitenote_category":0,"spay_email":""},"categories":[27],"tags":[],"jetpack_featured_media_url":"https:\/\/vimagazine.com.br\/wp-content\/uploads\/2026\/03\/WhatsApp-Image-2026-03-17-at-08.14.59-Copia.jpeg","_links":{"self":[{"href":"https:\/\/vimagazine.com.br\/index.php?rest_route=\/wp\/v2\/posts\/22114"}],"collection":[{"href":"https:\/\/vimagazine.com.br\/index.php?rest_route=\/wp\/v2\/posts"}],"about":[{"href":"https:\/\/vimagazine.com.br\/index.php?rest_route=\/wp\/v2\/types\/post"}],"author":[{"embeddable":true,"href":"https:\/\/vimagazine.com.br\/index.php?rest_route=\/wp\/v2\/users\/1"}],"replies":[{"embeddable":true,"href":"https:\/\/vimagazine.com.br\/index.php?rest_route=%2Fwp%2Fv2%2Fcomments&post=22114"}],"version-history":[{"count":1,"href":"https:\/\/vimagazine.com.br\/index.php?rest_route=\/wp\/v2\/posts\/22114\/revisions"}],"predecessor-version":[{"id":22117,"href":"https:\/\/vimagazine.com.br\/index.php?rest_route=\/wp\/v2\/posts\/22114\/revisions\/22117"}],"wp:featuredmedia":[{"embeddable":true,"href":"https:\/\/vimagazine.com.br\/index.php?rest_route=\/wp\/v2\/media\/22115"}],"wp:attachment":[{"href":"https:\/\/vimagazine.com.br\/index.php?rest_route=%2Fwp%2Fv2%2Fmedia&parent=22114"}],"wp:term":[{"taxonomy":"category","embeddable":true,"href":"https:\/\/vimagazine.com.br\/index.php?rest_route=%2Fwp%2Fv2%2Fcategories&post=22114"},{"taxonomy":"post_tag","embeddable":true,"href":"https:\/\/vimagazine.com.br\/index.php?rest_route=%2Fwp%2Fv2%2Ftags&post=22114"}],"curies":[{"name":"wp","href":"https:\/\/api.w.org\/{rel}","templated":true}]}}