{"id":22654,"date":"2026-04-25T22:34:15","date_gmt":"2026-04-26T01:34:15","guid":{"rendered":"https:\/\/vimagazine.com.br\/?p=22654"},"modified":"2026-04-25T22:34:17","modified_gmt":"2026-04-26T01:34:17","slug":"psicologo-e-escritor-alexander-explica-o-burnout-por-que-o-esgotamento-vai-alem-do-cansaco-e-como-recuperar-o-equilibrio-emocional","status":"publish","type":"post","link":"https:\/\/vimagazine.com.br\/?p=22654","title":{"rendered":"<strong>Psic\u00f3logo e escritor Alexander explica o burnout: por que o esgotamento vai al\u00e9m do cansa\u00e7o e como recuperar o equil\u00edbrio emocional<\/strong>"},"content":{"rendered":"\n<p class=\"has-text-align-center\"><em>Especialista detalha sintomas, causas e caminhos para enfrentar uma das principais s\u00edndromes ligadas ao ambiente de trabalho na atualidade<\/em><\/p>\n\n\n\n<p>A s\u00edndrome de burnout tem se consolidado como um dos principais problemas de sa\u00fade mental da atualidade, especialmente em um cen\u00e1rio de alta press\u00e3o, metas constantes e cobran\u00e7as no ambiente profissional. Segundo o psic\u00f3logo e escritor Alexander, o burnout n\u00e3o \u00e9 apenas um cansa\u00e7o passageiro, mas um esgotamento profundo diretamente ligado \u00e0 rela\u00e7\u00e3o do indiv\u00edduo com o trabalho.<\/p>\n\n\n\n<p>\u201cTrata-se de uma condi\u00e7\u00e3o essencialmente ocupacional. O burnout est\u00e1 relacionado \u00e0 forma como a pessoa se sente em rela\u00e7\u00e3o ao que faz se h\u00e1 satisfa\u00e7\u00e3o, identifica\u00e7\u00e3o e seguran\u00e7a para exercer aquela fun\u00e7\u00e3o\u201d, explica.<\/p>\n\n\n\n<p>Diferente do que muitos imaginam, o problema n\u00e3o est\u00e1 necessariamente na carga hor\u00e1ria ou no sal\u00e1rio, mas no n\u00edvel de realiza\u00e7\u00e3o pessoal e profissional. A insatisfa\u00e7\u00e3o com as atividades, a falta de reconhecimento e at\u00e9 a sensa\u00e7\u00e3o de incapacidade diante de novas responsabilidades est\u00e3o entre os principais gatilhos.<\/p>\n\n\n\n<p>\u201c\u00c9 comum que pessoas promovidas passem a apresentar sinais de burnout justamente por n\u00e3o se sentirem preparadas para a nova fun\u00e7\u00e3o. O crescimento na carreira nem sempre vem acompanhado de bem-estar\u201d, destaca.<\/p>\n\n\n\n<p><strong>Sintomas que come\u00e7am no trabalho<\/strong><\/p>\n\n\n\n<p>Entre os principais sinais est\u00e3o o cansa\u00e7o extremo, irritabilidade, ansiedade e, em casos mais avan\u00e7ados, quadros de depress\u00e3o. Um ponto importante, segundo o especialista, \u00e9 que os sintomas costumam estar diretamente ligados ao ambiente profissional.<\/p>\n\n\n\n<p>\u201cMuitas vezes, a pessoa percebe que o mal-estar surge ao iniciar a jornada de trabalho e diminui quando se afasta dele. Isso \u00e9 um indicativo importante de<a href=\"https:\/\/mindsight.com.br\/sindrome-de-burnout\/?utm_term=&amp;utm_campaign=GA_Search_Pmax_R%26S_Geral&amp;utm_source=adwords&amp;utm_medium=ppc&amp;hsa_acc=6339398899&amp;hsa_cam=23775282430&amp;hsa_grp=&amp;hsa_ad=&amp;hsa_src=x&amp;hsa_tgt=&amp;hsa_kw=&amp;hsa_mt=&amp;hsa_net=adwords&amp;hsa_ver=3&amp;gad_source=1&amp;gad_campaignid=23775298936&amp;gbraid=0AAAAACjNrJ8oy-93Q_RVYxPKAQPXnZIu0&amp;gclid=CjwKCAjwzLHPBhBTEiwABaLsSnzZPzNho2rMJWqATxEogmFdVjKbTHFxpydrLWFlidBLpeXvxgijXxoCjAMQAvD_BwE\" title=\" burnout\"> burnout<\/a>\u201d, afirma.<\/p>\n\n\n\n<p>Esse padr\u00e3o ajuda a diferenciar a s\u00edndrome de outros transtornos emocionais, j\u00e1 que o esgotamento tende a estar concentrado no contexto ocupacional.<\/p>\n\n\n\n<p><strong><em>N\u00e3o \u00e9 sobre dinheiro<\/em><\/strong><em><\/em><\/p>\n\n\n\n<p>Outro mito comum \u00e9 associar o burnout \u00e0 remunera\u00e7\u00e3o. Para Alexander, essa rela\u00e7\u00e3o n\u00e3o \u00e9 determinante.<\/p>\n\n\n\n<p>\u201cQuando a insatisfa\u00e7\u00e3o \u00e9 apenas financeira, a tend\u00eancia \u00e9 que a pessoa busque alternativas. No burnout, o problema \u00e9 mais profundo envolve prop\u00f3sito, reconhecimento e pertencimento\u201d, explica.<\/p>\n\n\n\n<p><strong><em>Causas e diagn\u00f3stico<\/em><\/strong><em><\/em><\/p>\n\n\n\n<p>O burnout pode ter diferentes origens, mas geralmente envolve fatores como:<\/p>\n\n\n\n<ul><li>Falta de satisfa\u00e7\u00e3o com o trabalho<\/li><li>Sensa\u00e7\u00e3o de n\u00e3o estar preparado para a fun\u00e7\u00e3o<\/li><li>Aus\u00eancia de reconhecimento profissional<\/li><li>Ambiente organizacional desgastante<\/li><\/ul>\n\n\n\n<p>O diagn\u00f3stico \u00e9 feito a partir da escuta cl\u00ednica e da an\u00e1lise da rela\u00e7\u00e3o entre os sintomas e o contexto de trabalho. A Organiza\u00e7\u00e3o Mundial da Sa\u00fade (OMS) reconhece o burnout como um fen\u00f4meno ligado exclusivamente ao ambiente ocupacional, o que refor\u00e7a a import\u00e2ncia de olhar para o trabalho como fator central.<\/p>\n\n\n\n<p><strong>Como se cuidar e evitar o agravamento<\/strong><\/p>\n\n\n\n<p>Para o especialista, o primeiro passo \u00e9 a conscientiza\u00e7\u00e3o. Identificar que o sofrimento est\u00e1 relacionado ao trabalho permite buscar solu\u00e7\u00f5es mais assertivas.<\/p>\n\n\n\n<p>\u201cEm muitos casos, mudan\u00e7as no pr\u00f3prio ambiente profissional j\u00e1 fazem diferen\u00e7a seja trocar de fun\u00e7\u00e3o, de setor ou at\u00e9 de empresa. O mais importante \u00e9 n\u00e3o ignorar os sinais\u201d, orienta.<\/p>\n\n\n\n<p>Ele refor\u00e7a que nem sempre \u00e9 necess\u00e1rio tomar decis\u00f5es radicais. Ajustes estrat\u00e9gicos podem ser suficientes para recuperar o equil\u00edbrio e a qualidade de vida.<\/p>\n\n\n\n<p>\u201cO fundamental \u00e9 entender que sa\u00fade mental n\u00e3o deve ser negligenciada. O trabalho precisa fazer sentido caso contr\u00e1rio, o corpo e a mente v\u00e3o cobrar essa conta\u201d, conclui. Saiba mais sobre o especialista no <strong>Instagram: <\/strong><a href=\"https:\/\/www.instagram.com\/alexanderbezoficial\/\">@alexanderbezoficial<\/a><\/p>\n\n\n\n<p><strong>Alexander Bez<\/strong> atua como pesquisador, especialista em dist\u00farbios emocionais e \u00e9 autor de quase <strong>dez livros<\/strong>, publicados no Brasil e no exterior, entre romances, obras de autoajuda e estudos sobre comportamento humano. Para ele, a literatura funciona como uma extens\u00e3o do cuidado psicol\u00f3gico, alcan\u00e7ando leitores de forma acess\u00edvel e reflexiva.<\/p>\n\n\n\n<p><strong><em>Entre os t\u00edtulos est\u00e3o:<\/em><\/strong><\/p>\n\n\n\n<ul><li><strong>Inveja: o Inimigo Oculto<\/strong><\/li><li><strong>O que Era Doce Virou Amargo<\/strong> \u2014 considerado \u201ca B\u00edblia dos Relacionamentos\u201d<\/li><li><strong>Trilogia Encantos da Mulher:<\/strong> A Magia da Beleza Feminina e A Paix\u00e3o e Seus Encantos (Editora Juru\u00e1)<\/li><li><strong>What You Don\u2019t Know About COVID-19<\/strong> \u2013 The Mortal Virus (Liferich Publishing, EUA)<\/li><li><strong>Scientific Denialism \u2013 COVID-19<\/strong> Vol. 2<\/li><li><strong>A Seita Sexual de Puff Daddy (Diddy):<\/strong> Fama, Poder &amp; Dinheiro (em produ\u00e7\u00e3o nos Estados Unidos)<\/li><li><strong>A Magia da Sensualidade Feminina<\/strong>, continua\u00e7\u00e3o da trilogia sobre autoestima feminina.<\/li><\/ul>\n\n\n\n<p><strong><em>Sobre<\/em><\/strong><\/p>\n\n\n\n<p><strong>Alexander Bez<\/strong> \u00e9 formado em psicologia com especializa\u00e7\u00e3o em Ansiedade e S\u00edndrome do P\u00e2nico pela <strong>Universidade da Calif\u00f3rnia<\/strong>, al\u00e9m de especializa\u00e7\u00e3o em Relacionamentos pela <strong>Universidade de Miami<\/strong>. O especialista tamb\u00e9m atua como escritor e palestrante, com foco em relacionamentos, transtornos emocionais e din\u00e2micas afetivas.<\/p>\n\n\n\n<p><\/p>\n","protected":false},"excerpt":{"rendered":"<p>Especialista detalha sintomas, causas e caminhos para enfrentar uma das principais s\u00edndromes ligadas ao ambiente&#8230;<\/p>\n","protected":false},"author":2,"featured_media":22655,"comment_status":"closed","ping_status":"open","sticky":false,"template":"","format":"standard","meta":{"om_disable_all_campaigns":false,"_monsterinsights_skip_tracking":false,"_monsterinsights_sitenote_active":false,"_monsterinsights_sitenote_note":"","_monsterinsights_sitenote_category":0,"spay_email":""},"categories":[26,1070],"tags":[1195,551,504,1193,550,1145,1194,1191,697,1146,1192],"jetpack_featured_media_url":"https:\/\/vimagazine.com.br\/wp-content\/uploads\/2026\/04\/cf0d1600-292d-49fa-99ac-f6ce81790b02-1_800x539.jpeg","_links":{"self":[{"href":"https:\/\/vimagazine.com.br\/index.php?rest_route=\/wp\/v2\/posts\/22654"}],"collection":[{"href":"https:\/\/vimagazine.com.br\/index.php?rest_route=\/wp\/v2\/posts"}],"about":[{"href":"https:\/\/vimagazine.com.br\/index.php?rest_route=\/wp\/v2\/types\/post"}],"author":[{"embeddable":true,"href":"https:\/\/vimagazine.com.br\/index.php?rest_route=\/wp\/v2\/users\/2"}],"replies":[{"embeddable":true,"href":"https:\/\/vimagazine.com.br\/index.php?rest_route=%2Fwp%2Fv2%2Fcomments&post=22654"}],"version-history":[{"count":1,"href":"https:\/\/vimagazine.com.br\/index.php?rest_route=\/wp\/v2\/posts\/22654\/revisions"}],"predecessor-version":[{"id":22656,"href":"https:\/\/vimagazine.com.br\/index.php?rest_route=\/wp\/v2\/posts\/22654\/revisions\/22656"}],"wp:featuredmedia":[{"embeddable":true,"href":"https:\/\/vimagazine.com.br\/index.php?rest_route=\/wp\/v2\/media\/22655"}],"wp:attachment":[{"href":"https:\/\/vimagazine.com.br\/index.php?rest_route=%2Fwp%2Fv2%2Fmedia&parent=22654"}],"wp:term":[{"taxonomy":"category","embeddable":true,"href":"https:\/\/vimagazine.com.br\/index.php?rest_route=%2Fwp%2Fv2%2Fcategories&post=22654"},{"taxonomy":"post_tag","embeddable":true,"href":"https:\/\/vimagazine.com.br\/index.php?rest_route=%2Fwp%2Fv2%2Ftags&post=22654"}],"curies":[{"name":"wp","href":"https:\/\/api.w.org\/{rel}","templated":true}]}}