{"id":22662,"date":"2026-04-27T13:41:32","date_gmt":"2026-04-27T16:41:32","guid":{"rendered":"https:\/\/vimagazine.com.br\/?p=22662"},"modified":"2026-04-27T13:43:10","modified_gmt":"2026-04-27T16:43:10","slug":"projeto-de-arquitetura-cria-casinha-de-boneca-em-tamanho-real","status":"publish","type":"post","link":"https:\/\/vimagazine.com.br\/?p=22662","title":{"rendered":"Projeto de arquitetura cria casinha de boneca em tamanho real"},"content":{"rendered":"\n<p><\/p>\n\n\n\n<p class=\"has-medium-font-size\"><em><strong>Assinada pelo arquiteto boliviano Eduardo Baldelomar, a casinha integra o anexo de lazer da fam\u00edlia, mas foi pensada especialmente para a pequena moradora<\/strong><\/em><\/p>\n\n\n\n<p><\/p>\n\n\n\n<p>Que crian\u00e7a nunca sonhou com uma casa da Barbie? Agora imagine poder entrar nela, abrir portas, sentar no sof\u00e1 e inventar hist\u00f3rias dentro de cada c\u00f4modo&#8230;foi assim para a pequena moradora Ana Sofia, de tr\u00eas anos. Durante a reforma da resid\u00eancia da fam\u00edlia, surgiu a oportunidade de criar um universo pr\u00f3prio para ela, mas n\u00e3o como um brinquedo a mais e sim uma casa inteira, planejada para acolher suas brincadeiras, estimular a imagina\u00e7\u00e3o e permitir que o faz-de-conta ganhasse forma e cen\u00e1rio.<\/p>\n\n\n\n<p>Assim, nasceu o espa\u00e7o assinado pelo&nbsp;<strong>arquiteto boliviano Eduardo Baldelomar<\/strong>, que aproveitou uma&nbsp;\u00e1rea livre no jardim da resid\u00eancia. Com cerca de&nbsp;<strong>20 m\u00b2 e p\u00e9-direito de 2,5 metros<\/strong>, o anexo foi projetado como uma miniatura funcional de uma casa real composta por ambientes definidos, materiais dur\u00e1veis e mobili\u00e1rio seguro, tudo adaptado \u00e0 escala infantil, mas resistente o suficiente para tamb\u00e9m receber os pais.<\/p>\n\n\n\n<p class=\"has-text-align-center has-medium-font-size\">\u201c<em>Quando percebemos que havia um espa\u00e7o ideal no jardim, foi ali que surgiu a ideia de construir uma grande casinha de boneca. Para mim, o brincar \u00e9 uma das formas mais importantes de aprendizado na inf\u00e2ncia e ter um espa\u00e7o pr\u00f3prio estimula a ludicidade, a autonomia e a imagina\u00e7\u00e3o da crian\u00e7a<\/em>\u201d, conta o profissional.<br><br><br><strong>O in\u00edcio da brincadeira<\/strong><\/p>\n\n\n\n<p><\/p>\n\n\n\n<figure class=\"wp-block-image aligncenter size-full is-resized\"><img src=\"https:\/\/vimagazine.com.br\/wp-content\/uploads\/2026\/04\/232c5707-c317-4254-bb9b-568ff123b83a.jpg\" alt=\"\" class=\"wp-image-22663\" width=\"473\" height=\"315\" srcset=\"https:\/\/vimagazine.com.br\/wp-content\/uploads\/2026\/04\/232c5707-c317-4254-bb9b-568ff123b83a.jpg 945w, https:\/\/vimagazine.com.br\/wp-content\/uploads\/2026\/04\/232c5707-c317-4254-bb9b-568ff123b83a-300x200.jpg 300w, https:\/\/vimagazine.com.br\/wp-content\/uploads\/2026\/04\/232c5707-c317-4254-bb9b-568ff123b83a-768x511.jpg 768w\" sizes=\"(max-width: 473px) 100vw, 473px\" \/><figcaption>A presen\u00e7a de um pequeno jardim de ingresso ajuda a marcar a transi\u00e7\u00e3o entre o exterior e o interior l\u00fadico |&nbsp;<strong>Projeto de Eduardo Baldelomar<\/strong>&nbsp;| Foto: Jorge Montoya<\/figcaption><\/figure>\n\n\n\n<p><\/p>\n\n\n\n<p>Antes mesmo de cruzar a porta, a experi\u00eancia idealizada por Baldelomar come\u00e7a do lado de fora com um pequeno jardim natural com apar\u00eancia acolhedora. A casinha foi implantada sobre uma base de concreto e constru\u00edda integralmente em madeira teca, para uma melhor resist\u00eancia \u00e0s intemp\u00e9ries clim\u00e1ticas.<\/p>\n\n\n\n<p>No teto, a cobertura met\u00e1lica protege a estrutura e garante durabilidade, enquanto a localiza\u00e7\u00e3o, ao lado da piscina, exigiu cuidados extras com seguran\u00e7a.<\/p>\n\n\n\n<p class=\"has-text-align-center has-medium-font-size\">\u201c<em>Al\u00e9m da prote\u00e7\u00e3o da piscina com lona, o projeto conta com monitoramento por c\u00e2meras e climatiza\u00e7\u00e3o interna. Tudo concebido para o conforto e a tranquilidade dos pais, al\u00e9m da pequena ter acompanhamento constante de uma bab\u00e1<\/em>\u201d, refor\u00e7a o arquiteto.<br><br><br><strong>Sala de estar e sala de jantar:<\/strong><\/p>\n\n\n\n<p><\/p>\n\n\n\n<figure class=\"wp-block-image aligncenter size-full is-resized\"><img src=\"https:\/\/vimagazine.com.br\/wp-content\/uploads\/2026\/04\/58b87373-1929-47b3-8e53-e51ba777d116.jpg\" alt=\"\" class=\"wp-image-22664\" width=\"473\" height=\"314\" srcset=\"https:\/\/vimagazine.com.br\/wp-content\/uploads\/2026\/04\/58b87373-1929-47b3-8e53-e51ba777d116.jpg 945w, https:\/\/vimagazine.com.br\/wp-content\/uploads\/2026\/04\/58b87373-1929-47b3-8e53-e51ba777d116-300x199.jpg 300w, https:\/\/vimagazine.com.br\/wp-content\/uploads\/2026\/04\/58b87373-1929-47b3-8e53-e51ba777d116-768x510.jpg 768w\" sizes=\"(max-width: 473px) 100vw, 473px\" \/><figcaption>A paleta escolhida aposta em tons suaves, com predomin\u00e2ncia do branco e do rosa p\u00e1lido, tecidos em veludo e tapetes macios \u2013 escolhas que resultaram em uma atmosfera charmosa |&nbsp;<strong>Projeto de Eduardo Baldelomar<\/strong>&nbsp;| Foto: Jorge Montoya<\/figcaption><\/figure>\n\n\n\n<p><\/p>\n\n\n\n<p><\/p>\n\n\n\n<p>Integradas, as sala de estar e jantar formam o cora\u00e7\u00e3o social da casinha, reproduzindo em escala reduzida a din\u00e2mica de uma resid\u00eancia tradicional. \u00c9 nesse espa\u00e7o que surgem os convites imagin\u00e1rios para o ch\u00e1 da tarde, os encontros com bonecas e as primeiras experi\u00eancias de conviv\u00eancia simb\u00f3lica.<\/p>\n\n\n\n<p>Para os m\u00f3veis, o arquiteto os desenhou de forma a acompanhar o crescimento da moradora at\u00e9, aproximadamente, seus oito anos. Assim, ele enfatizou o uso de cantos arredondados e superf\u00edcies suaves para favorecer a circula\u00e7\u00e3o e atribuir seguran\u00e7a para a pequena. \u201c<em>O mobili\u00e1rio foi produzido em MDF e melamina, sempre com dimens\u00f5es pensadas para a ergonomia infantil<\/em>\u201d, completa.<\/p>\n\n\n\n<p>Mas outro detalhe importante \u00e9 que, embora pensada para uma crian\u00e7a, sof\u00e1, cadeiras e camas foram projetados para resistir ao peso de pais e acompanhantes, incentivando momentos compartilhados. \u201c<em>Tudo est\u00e1 na escala dela, mas pensamos tamb\u00e9m nos adultos que convivem com ela. A altura foi uma decis\u00e3o importante para que todos pudessem participar desse universo<\/em>\u201d, explica.<\/p>\n\n\n\n<p><\/p>\n\n\n\n<p><\/p>\n\n\n\n<p class=\"has-text-align-center has-medium-font-size\"><strong>Cozinha:<\/strong><\/p>\n\n\n\n<p><\/p>\n\n\n\n<figure class=\"wp-block-image aligncenter size-full is-resized\"><img src=\"https:\/\/vimagazine.com.br\/wp-content\/uploads\/2026\/04\/a3e8e65f-681d-4db9-8e92-cf06f03c17da.jpg\" alt=\"\" class=\"wp-image-22665\" width=\"472\" height=\"315\" srcset=\"https:\/\/vimagazine.com.br\/wp-content\/uploads\/2026\/04\/a3e8e65f-681d-4db9-8e92-cf06f03c17da.jpg 944w, https:\/\/vimagazine.com.br\/wp-content\/uploads\/2026\/04\/a3e8e65f-681d-4db9-8e92-cf06f03c17da-300x200.jpg 300w, https:\/\/vimagazine.com.br\/wp-content\/uploads\/2026\/04\/a3e8e65f-681d-4db9-8e92-cf06f03c17da-768x512.jpg 768w\" sizes=\"(max-width: 472px) 100vw, 472px\" \/><figcaption>O piso em porcelanato com apar\u00eancia de madeira contribui para a sensa\u00e7\u00e3o de aconchego, al\u00e9m de garantir praticidade na limpeza |&nbsp;<strong>Projeto de Eduardo Baldelomar<\/strong>&nbsp;| Foto: Jorge Montoya<\/figcaption><\/figure>\n\n\n\n<p><\/p>\n\n\n\n<p>A cozinha ganhou um toque de verdade: a pia possui \u00e1gua fria e quente, enquanto geladeira, fog\u00e3o e m\u00e1quina de lavar aparecem como vers\u00f5es de divertimento para a Ana Sofia explorar o faz-de-conta com mais realismo.<\/p>\n\n\n\n<p>\u201c<em>A ideia era que ela pudesse vivenciar pequenas rotinas como organizar objetos ou simular atividades do dia a dia. Isso torna o espa\u00e7o mais interessante<\/em>\u201d, refor\u00e7a Eduardo.<\/p>\n\n\n\n<p><\/p>\n\n\n\n<p><\/p>\n\n\n\n<p class=\"has-text-align-center has-medium-font-size\"><strong>Dormit\u00f3rio:<\/strong><\/p>\n\n\n\n<p><\/p>\n\n\n\n<figure class=\"wp-block-image aligncenter size-full is-resized\"><img src=\"https:\/\/vimagazine.com.br\/wp-content\/uploads\/2026\/04\/5089f9cd-d317-4359-9af0-761c1b43b7eb.jpg\" alt=\"\" class=\"wp-image-22666\" width=\"473\" height=\"315\" srcset=\"https:\/\/vimagazine.com.br\/wp-content\/uploads\/2026\/04\/5089f9cd-d317-4359-9af0-761c1b43b7eb.jpg 945w, https:\/\/vimagazine.com.br\/wp-content\/uploads\/2026\/04\/5089f9cd-d317-4359-9af0-761c1b43b7eb-300x200.jpg 300w, https:\/\/vimagazine.com.br\/wp-content\/uploads\/2026\/04\/5089f9cd-d317-4359-9af0-761c1b43b7eb-768x511.jpg 768w\" sizes=\"(max-width: 473px) 100vw, 473px\" \/><figcaption>Preparado para receber, a pequena pode convidar amiguinhas para noites do pijama |&nbsp;<strong>Projeto de Eduardo Baldelomar<\/strong>&nbsp;| Foto: Jorge Montoya<\/figcaption><\/figure>\n\n\n\n<p><\/p>\n\n\n\n<p>O espa\u00e7o que mais carrega uma emo\u00e7\u00e3o especial \u00e9 o dormit\u00f3rio que conta com duas pequenas camas \u2013 um desejo terno da menina \u201c<em>A segunda cama \u00e9 o meu detalhe favorito, pois seu sonho era ofertar uma acomoda\u00e7\u00e3o para sua futura irm\u00e3zinha. E de fato ela j\u00e1 estava a caminho nos pr\u00f3ximos meses\u201d,&nbsp;<\/em>revela o profissional.<\/p>\n\n\n\n<p><\/p>\n\n\n\n<p><\/p>\n\n\n\n<figure class=\"wp-block-image aligncenter size-full is-resized\"><img src=\"https:\/\/vimagazine.com.br\/wp-content\/uploads\/2026\/04\/dca6be30-913f-46a4-80aa-a7f6cba09429.jpg\" alt=\"\" class=\"wp-image-22667\" width=\"473\" height=\"314\" srcset=\"https:\/\/vimagazine.com.br\/wp-content\/uploads\/2026\/04\/dca6be30-913f-46a4-80aa-a7f6cba09429.jpg 945w, https:\/\/vimagazine.com.br\/wp-content\/uploads\/2026\/04\/dca6be30-913f-46a4-80aa-a7f6cba09429-300x199.jpg 300w, https:\/\/vimagazine.com.br\/wp-content\/uploads\/2026\/04\/dca6be30-913f-46a4-80aa-a7f6cba09429-768x510.jpg 768w\" sizes=\"(max-width: 473px) 100vw, 473px\" \/><figcaption>Um pequeno guarda-roupa e uma penteadeira com espelho completam o dormit\u00f3rio, incentivando a autonomia da crian\u00e7a em momentos de descoberta e imagina\u00e7\u00e3o |&nbsp;<strong>Projeto de Eduardo Baldelomar<\/strong>&nbsp;| Foto: Jorge Montoya<\/figcaption><\/figure>\n\n\n\n<p><\/p>\n\n\n\n<p>\u201c<em>Criar um espa\u00e7o l\u00fadico como esse \u00e9 proporcionar \u00e0 crian\u00e7a um local onde ela pode imaginar, experimentar e construir mem\u00f3rias. A arquitetura, nesse caso, se revela como algo al\u00e9m de abrigo. Sem sombra de d\u00favidas ela carregar\u00e1 essas mem\u00f3rias por toda sua vida\u201d,&nbsp;<\/em>conclui.<\/p>\n\n\n\n<p><strong>Sobre Eduardo Baldelomar<\/strong><\/p>\n\n\n\n<p>Sobre o arquiteto Eduardo Baldelomar Natural da Bol\u00edvia, o arquiteto e designer de interiores busca contar sua hist\u00f3ria atrav\u00e9s de seus projetos. Com 17 anos de experi\u00eancia em sua terra natal, hoje o profissional busca firmar sua presen\u00e7a no Brasil e valorizar o interc\u00e2mbio da cultura da Am\u00e9rica Latina.<\/p>\n\n\n\n<p>Veterano na CASACOR Bol\u00edvia, onde j\u00e1 participou em 12 edi\u00e7\u00f5es, atualmente vai para sua terceira participa\u00e7\u00e3o na CASACOR S\u00e3o Paulo (2023,2024 e 2026).<\/p>\n\n\n\n<p>Especializado em Desenho de Interiores e paisagismo no EDAE (Madrid, Espanha), tamb\u00e9m se especializou em m\u00f3veis modulares planejados em Buenos Aires (Jhonson &amp; Acero) e Ros\u00e1rio (Reno Amoblamientos), na Argentina. Foi professor de design ambiental e design cenogr\u00e1fico no Curso Integral de Design da Universidade Aut\u00f3noma Gabriel Ren\u00e9 Moreno (UAGRM), institui\u00e7\u00e3o onde tamb\u00e9m se graduou.<\/p>\n\n\n\n<p><\/p>\n\n\n\n<p>Hoje, se dedica ao seu pr\u00f3prio escrit\u00f3rio, com sede dupla em Santa Cruz de la Sierra, Bolivia, desde 2013, e na capital paulista desde 2023.<\/p>\n\n\n\n<p>Instagram: @eduardobaldelomar_designer<\/p>\n\n\n\n<p><\/p>\n\n\n\n<p><strong>Foto Destaque: <\/strong>Localizada no jardim da casa principal, a casinha da menina Ana Sofia foi contemplada com quarto, salas, cozinha e at\u00e9 um jardim de entrada pensados em escala infantil |&nbsp;<strong>Projeto de Eduardo Baldelomar<\/strong>&nbsp;| Foto: Jorge Montoya<\/p>\n\n\n\n<p><\/p>\n\n\n\n<p><\/p>\n\n\n\n<p><\/p>\n","protected":false},"excerpt":{"rendered":"<p>Assinada pelo arquiteto boliviano Eduardo Baldelomar, a casinha integra o anexo de lazer da fam\u00edlia,&#8230;<\/p>\n","protected":false},"author":1,"featured_media":22668,"comment_status":"closed","ping_status":"open","sticky":false,"template":"","format":"standard","meta":{"om_disable_all_campaigns":false,"_monsterinsights_skip_tracking":false,"_monsterinsights_sitenote_active":false,"_monsterinsights_sitenote_note":"","_monsterinsights_sitenote_category":0,"spay_email":""},"categories":[1071],"tags":[],"jetpack_featured_media_url":"https:\/\/vimagazine.com.br\/wp-content\/uploads\/2026\/04\/f8ec961f-dc7c-4158-8416-6315ba42602c.jpg","_links":{"self":[{"href":"https:\/\/vimagazine.com.br\/index.php?rest_route=\/wp\/v2\/posts\/22662"}],"collection":[{"href":"https:\/\/vimagazine.com.br\/index.php?rest_route=\/wp\/v2\/posts"}],"about":[{"href":"https:\/\/vimagazine.com.br\/index.php?rest_route=\/wp\/v2\/types\/post"}],"author":[{"embeddable":true,"href":"https:\/\/vimagazine.com.br\/index.php?rest_route=\/wp\/v2\/users\/1"}],"replies":[{"embeddable":true,"href":"https:\/\/vimagazine.com.br\/index.php?rest_route=%2Fwp%2Fv2%2Fcomments&post=22662"}],"version-history":[{"count":2,"href":"https:\/\/vimagazine.com.br\/index.php?rest_route=\/wp\/v2\/posts\/22662\/revisions"}],"predecessor-version":[{"id":22670,"href":"https:\/\/vimagazine.com.br\/index.php?rest_route=\/wp\/v2\/posts\/22662\/revisions\/22670"}],"wp:featuredmedia":[{"embeddable":true,"href":"https:\/\/vimagazine.com.br\/index.php?rest_route=\/wp\/v2\/media\/22668"}],"wp:attachment":[{"href":"https:\/\/vimagazine.com.br\/index.php?rest_route=%2Fwp%2Fv2%2Fmedia&parent=22662"}],"wp:term":[{"taxonomy":"category","embeddable":true,"href":"https:\/\/vimagazine.com.br\/index.php?rest_route=%2Fwp%2Fv2%2Fcategories&post=22662"},{"taxonomy":"post_tag","embeddable":true,"href":"https:\/\/vimagazine.com.br\/index.php?rest_route=%2Fwp%2Fv2%2Ftags&post=22662"}],"curies":[{"name":"wp","href":"https:\/\/api.w.org\/{rel}","templated":true}]}}