{"id":22671,"date":"2026-04-28T08:49:35","date_gmt":"2026-04-28T11:49:35","guid":{"rendered":"https:\/\/vimagazine.com.br\/?p=22671"},"modified":"2026-04-28T08:49:36","modified_gmt":"2026-04-28T11:49:36","slug":"falmec-na-eurocucina-2026","status":"publish","type":"post","link":"https:\/\/vimagazine.com.br\/?p=22671","title":{"rendered":"Falmec na EuroCucina 2026"},"content":{"rendered":"\n<p><\/p>\n\n\n\n<p><\/p>\n\n\n\n<p>Na semana que encerra o Salone, a Falmec trouxe \u00e0 tona o conceito&nbsp;<strong>Mimesis<\/strong>, apresentado durante a EuroCucina FTK 2026 como um guia claro para entender o futuro da cozinha segundo a marca.<\/p>\n\n\n\n<p>Mais do que um projeto expositivo, Mimesis traduz uma nova forma de pensar o design: solu\u00e7\u00f5es que n\u00e3o se destacam de maneira impositiva, mas que se integram naturalmente ao ambiente. A proposta parte da ideia do ar \u2014 simbolizado por mol\u00e9culas circulares \u2014 sendo captado por sistemas praticamente invis\u00edveis, que funcionam como um \u201cpulm\u00e3o\u201d oculto dentro do espa\u00e7o dom\u00e9stico.<\/p>\n\n\n\n<p>Na pr\u00e1tica, isso significa coifas e sistemas de ventila\u00e7\u00e3o que deixam de ser protagonistas visuais e passam a se fundir \u00e0s bancadas, ao teto e at\u00e9 mesmo \u00e0 ilumina\u00e7\u00e3o, criando uma experi\u00eancia mais fluida e silenciosa na cozinha.<br><br><\/p>\n\n\n\n<figure class=\"wp-block-image aligncenter size-large is-resized\"><img src=\"https:\/\/vimagazine.com.br\/wp-content\/uploads\/2026\/04\/Captura-de-Tela-2026-04-22-as-11.03.59-644x1024.jpg\" alt=\"\" class=\"wp-image-22672\" width=\"322\" height=\"512\" srcset=\"https:\/\/vimagazine.com.br\/wp-content\/uploads\/2026\/04\/Captura-de-Tela-2026-04-22-as-11.03.59-644x1024.jpg 644w, https:\/\/vimagazine.com.br\/wp-content\/uploads\/2026\/04\/Captura-de-Tela-2026-04-22-as-11.03.59-189x300.jpg 189w, https:\/\/vimagazine.com.br\/wp-content\/uploads\/2026\/04\/Captura-de-Tela-2026-04-22-as-11.03.59-768x1222.jpg 768w, https:\/\/vimagazine.com.br\/wp-content\/uploads\/2026\/04\/Captura-de-Tela-2026-04-22-as-11.03.59-966x1536.jpg 966w, https:\/\/vimagazine.com.br\/wp-content\/uploads\/2026\/04\/Captura-de-Tela-2026-04-22-as-11.03.59-1024x1629.jpg 1024w, https:\/\/vimagazine.com.br\/wp-content\/uploads\/2026\/04\/Captura-de-Tela-2026-04-22-as-11.03.59.jpg 1207w\" sizes=\"(max-width: 322px) 100vw, 322px\" \/><\/figure>\n\n\n\n<p><\/p>\n\n\n\n<p><\/p>\n\n\n\n<p>O conceito tamb\u00e9m carrega uma mensagem central de bem-estar. Representado pelo c\u00edrculo, Mimesis refor\u00e7a a busca por equil\u00edbrio entre est\u00e9tica, conforto e funcionalidade \u2014 tr\u00eas pilares que passam a coexistir de forma integrada no dia a dia.<\/p>\n\n\n\n<p><\/p>\n\n\n\n<p><\/p>\n\n\n\n<figure class=\"wp-block-image aligncenter size-large is-resized\"><img src=\"https:\/\/vimagazine.com.br\/wp-content\/uploads\/2026\/04\/Captura-de-Tela-2026-04-22-as-11.05.17-653x1024.jpg\" alt=\"\" class=\"wp-image-22673\" width=\"327\" height=\"512\" srcset=\"https:\/\/vimagazine.com.br\/wp-content\/uploads\/2026\/04\/Captura-de-Tela-2026-04-22-as-11.05.17-653x1024.jpg 653w, https:\/\/vimagazine.com.br\/wp-content\/uploads\/2026\/04\/Captura-de-Tela-2026-04-22-as-11.05.17-191x300.jpg 191w, https:\/\/vimagazine.com.br\/wp-content\/uploads\/2026\/04\/Captura-de-Tela-2026-04-22-as-11.05.17-768x1205.jpg 768w, https:\/\/vimagazine.com.br\/wp-content\/uploads\/2026\/04\/Captura-de-Tela-2026-04-22-as-11.05.17-979x1536.jpg 979w, https:\/\/vimagazine.com.br\/wp-content\/uploads\/2026\/04\/Captura-de-Tela-2026-04-22-as-11.05.17-1024x1606.jpg 1024w, https:\/\/vimagazine.com.br\/wp-content\/uploads\/2026\/04\/Captura-de-Tela-2026-04-22-as-11.05.17.jpg 1224w\" sizes=\"(max-width: 327px) 100vw, 327px\" \/><\/figure>\n\n\n\n<p><\/p>\n\n\n\n<p><\/p>\n\n\n\n<p>Al\u00e9m da tecnologia e do design, os materiais ganham destaque. As superf\u00edcies acompanham as principais tend\u00eancias do design de interiores, aliando sofistica\u00e7\u00e3o est\u00e9tica \u00e0 praticidade, um ponto essencial para o uso cotidiano.<\/p>\n\n\n\n<p>A apresenta\u00e7\u00e3o de Mimesis na EuroCucina FTK 2026 tamb\u00e9m marca um momento importante para a Falmec: seus 45 anos de hist\u00f3ria. Mais do que celebrar o tempo, a data refor\u00e7a a trajet\u00f3ria da marca constru\u00edda sobre inova\u00e7\u00e3o, excel\u00eancia industrial e produ\u00e7\u00e3o integralmente&nbsp;<em>Made in Italy<\/em>, consolidando sua posi\u00e7\u00e3o como especialista em ventila\u00e7\u00e3o para cozinhas.<\/p>\n\n\n\n<p class=\"has-medium-font-size\"><strong>Sobre o Grupo&nbsp;Elettromec:<\/strong>&nbsp;&nbsp;<\/p>\n\n\n\n<p>Desde 1997, o Grupo&nbsp;Elettromec&nbsp;\u00e9 refer\u00eancia em eletrodom\u00e9sticos de luxo no Brasil e reconhecido por unir tecnologia, design e funcionalidade superior.&nbsp;&nbsp;<\/p>\n\n\n\n<p>Detentor das marcas&nbsp;Elettromec&nbsp;e Invita, al\u00e9m de distribuidor exclusivo das italianas&nbsp;Falmec&nbsp;e Fulgor Milano e da norte-americana Viking, o Grupo reafirma seu compromisso com a excel\u00eancia e a inova\u00e7\u00e3o. Com uma ampla quantidade de produtos, as marcas levam alta performance e design \u00fanico para cozinhas e ambientes gourmets, estando presente em diversos setores, como o residencial, comercial, hoteleiro, n\u00e1utico, entre outros.&nbsp;&nbsp;<\/p>\n\n\n\n<p>Presente nas mais conceituadas boutiques de eletrodom\u00e9sticos por todo o pa\u00eds, o grupo conta com lojas pr\u00f3prias, que re\u00fanem em um \u00fanico espa\u00e7o as marcas&nbsp;Elettromec,&nbsp;Falmec, Fulgor Milano e Viking, localizadas nas cidades de Campinas (SP), Piracicaba (SP), Barueri (SP), Santo Andr\u00e9 (SP), Rio de Janeiro (RJ), Curitiba (PR), Porto Alegre (RS), Recife (PE), Salvador (BA), Fortaleza (CE), Campo Grande (MS) e Goi\u00e2nia (GO).&nbsp;<\/p>\n\n\n\n<p><\/p>\n\n\n\n<p><\/p>\n\n\n\n<figure class=\"wp-block-image aligncenter size-full is-resized\"><img src=\"https:\/\/vimagazine.com.br\/wp-content\/uploads\/2026\/04\/272a9c8274d5dc2da2deef54ce52e02f.png\" alt=\"\" class=\"wp-image-22674\" width=\"109\" height=\"20\"\/><\/figure>\n\n\n\n<p class=\"has-text-align-center\">Visite o site\u00a0<a href=\"https:\/\/elettromec.com.br\/\" target=\"_blank\" rel=\"noreferrer noopener\">https:\/\/elettromec.com.br\/<\/a>\u00a0e conhecer mais sobre as marcas do grupo.\u00a0<\/p>\n\n\n\n<p><\/p>\n\n\n\n<p><\/p>\n\n\n\n<p>Fotos:  DIvulga\u00e7\u00e3o\/Falmec<\/p>\n\n\n\n<p><\/p>\n\n\n\n<p><\/p>\n","protected":false},"excerpt":{"rendered":"<p>Na semana que encerra o Salone, a Falmec trouxe \u00e0 tona o conceito&nbsp;Mimesis, apresentado durante&#8230;<\/p>\n","protected":false},"author":1,"featured_media":22675,"comment_status":"closed","ping_status":"open","sticky":false,"template":"","format":"standard","meta":{"om_disable_all_campaigns":false,"_monsterinsights_skip_tracking":false,"_monsterinsights_sitenote_active":false,"_monsterinsights_sitenote_note":"","_monsterinsights_sitenote_category":0,"spay_email":""},"categories":[1071,1],"tags":[],"jetpack_featured_media_url":"https:\/\/vimagazine.com.br\/wp-content\/uploads\/2026\/04\/FJR5487-2.jpg","_links":{"self":[{"href":"https:\/\/vimagazine.com.br\/index.php?rest_route=\/wp\/v2\/posts\/22671"}],"collection":[{"href":"https:\/\/vimagazine.com.br\/index.php?rest_route=\/wp\/v2\/posts"}],"about":[{"href":"https:\/\/vimagazine.com.br\/index.php?rest_route=\/wp\/v2\/types\/post"}],"author":[{"embeddable":true,"href":"https:\/\/vimagazine.com.br\/index.php?rest_route=\/wp\/v2\/users\/1"}],"replies":[{"embeddable":true,"href":"https:\/\/vimagazine.com.br\/index.php?rest_route=%2Fwp%2Fv2%2Fcomments&post=22671"}],"version-history":[{"count":1,"href":"https:\/\/vimagazine.com.br\/index.php?rest_route=\/wp\/v2\/posts\/22671\/revisions"}],"predecessor-version":[{"id":22676,"href":"https:\/\/vimagazine.com.br\/index.php?rest_route=\/wp\/v2\/posts\/22671\/revisions\/22676"}],"wp:featuredmedia":[{"embeddable":true,"href":"https:\/\/vimagazine.com.br\/index.php?rest_route=\/wp\/v2\/media\/22675"}],"wp:attachment":[{"href":"https:\/\/vimagazine.com.br\/index.php?rest_route=%2Fwp%2Fv2%2Fmedia&parent=22671"}],"wp:term":[{"taxonomy":"category","embeddable":true,"href":"https:\/\/vimagazine.com.br\/index.php?rest_route=%2Fwp%2Fv2%2Fcategories&post=22671"},{"taxonomy":"post_tag","embeddable":true,"href":"https:\/\/vimagazine.com.br\/index.php?rest_route=%2Fwp%2Fv2%2Ftags&post=22671"}],"curies":[{"name":"wp","href":"https:\/\/api.w.org\/{rel}","templated":true}]}}