{"id":22677,"date":"2026-04-28T09:00:35","date_gmt":"2026-04-28T12:00:35","guid":{"rendered":"https:\/\/vimagazine.com.br\/?p=22677"},"modified":"2026-04-28T09:01:15","modified_gmt":"2026-04-28T12:01:15","slug":"cor-como-estrategia-como-a-suvinil-transforma-presenca-em-experiencia-na-bienal-de-arquitetura","status":"publish","type":"post","link":"https:\/\/vimagazine.com.br\/?p=22677","title":{"rendered":"Cor como estrat\u00e9gia: como a Suvinil transforma presen\u00e7a em experi\u00eancia na Bienal de Arquitetura"},"content":{"rendered":"\n<p><\/p>\n\n\n\n<p><\/p>\n\n\n\n<p class=\"has-medium-font-size\"><em><strong>Na BAB, marca transforma sua plataforma em experi\u00eancia e conecta cor, conviv\u00eancia e cultura em diferentes escalas<\/strong><\/em><\/p>\n\n\n\n<p><\/p>\n\n\n\n<p><\/p>\n\n\n\n<p>Em um cen\u00e1rio em que marcas buscam cada vez mais relev\u00e2ncia cultural, a presen\u00e7a em eventos deixa de ser apenas exposi\u00e7\u00e3o e passa a ser constru\u00e7\u00e3o de experi\u00eancia. Na Bienal de Arquitetura Brasileira (BAB), esse movimento aparece com clareza: mais do que ocupar um espa\u00e7o, empresas v\u00eam usando o ambiente como plataforma para traduzir posicionamento, ancorar narrativas e territ\u00f3rios, al\u00e9m de gerar conex\u00e3o com o p\u00fablico, propondo conversas que v\u00e3o al\u00e9m dos port\u00f5es do Ibirapuera.<\/p>\n\n\n\n<p>Nesse contexto, a Suvinil chega \u00e0 Bienal com um olhar que parte da cor como linguagem, e n\u00e3o apenas como recurso est\u00e9tico. Como patrocinadora e tinta oficial da mostra, a marca utiliza o espa\u00e7o para materializar a plataforma&nbsp;<strong>Cor Muda Tudo<\/strong>, que prop\u00f5e a cor como elemento ativo na forma como as pessoas percebem, habitam e se relacionam com os ambientes.<\/p>\n\n\n\n<p>Na pr\u00e1tica, isso se desdobra em uma presen\u00e7a que acompanha o pr\u00f3prio percurso do visitante. Ao longo dos pavilh\u00f5es, as escolhas crom\u00e1ticas ajudam a construir atmosferas distintas, refor\u00e7ando conceitos arquitet\u00f4nicos e criando uma experi\u00eancia que n\u00e3o se limita \u00e0 observa\u00e7\u00e3o, mas envolve sensa\u00e7\u00e3o, mem\u00f3ria e perman\u00eancia.<\/p>\n\n\n\n<p><strong>&nbsp;<\/strong><em>\u201cO que nos interessa \u00e9 entender como a cor participa da vida das pessoas. Quando trazemos esse olhar para um evento como a Bienal, estamos ampliando essa conversa e mostrando como a cor pode influenciar a forma como os espa\u00e7os s\u00e3o vividos, n\u00e3o s\u00f3 percebidos\u201d<\/em>, afirma&nbsp;<strong>Sylvia Gracia, gerente de Marketing, Cor e Conte\u00fado da Suvinil.<\/strong><\/p>\n\n\n\n<p>Esse pensamento ganha uma leitura mais direta no Boteco Suvinil, projeto assinado por Nicole Tomazi e Sergio Cabral (<a href=\"https:\/\/www.instagram.com\/tomazicabral\/\" target=\"_blank\" rel=\"noreferrer noopener\">@tomazicabral<\/a>), que parte de um dos s\u00edmbolos mais reconhec\u00edveis do cotidiano brasileiro para criar um espa\u00e7o de conviv\u00eancia dentro da Bienal. Mais do que uma instala\u00e7\u00e3o, o ambiente funciona como ponto de encontro ao longo do percurso, convidando o p\u00fablico a permanecer, interagir e experimentar o espa\u00e7o de forma mais espont\u00e2nea.<\/p>\n\n\n\n<p><\/p>\n\n\n\n<p><\/p>\n\n\n\n<figure class=\"wp-block-image aligncenter size-large is-resized\"><img src=\"https:\/\/vimagazine.com.br\/wp-content\/uploads\/2026\/04\/BotecoSuvinil-IramGuimaraes-01-1024x683.jpg\" alt=\"\" class=\"wp-image-22678\" width=\"512\" height=\"342\" srcset=\"https:\/\/vimagazine.com.br\/wp-content\/uploads\/2026\/04\/BotecoSuvinil-IramGuimaraes-01-1024x683.jpg 1024w, https:\/\/vimagazine.com.br\/wp-content\/uploads\/2026\/04\/BotecoSuvinil-IramGuimaraes-01-300x200.jpg 300w, https:\/\/vimagazine.com.br\/wp-content\/uploads\/2026\/04\/BotecoSuvinil-IramGuimaraes-01-768x512.jpg 768w, https:\/\/vimagazine.com.br\/wp-content\/uploads\/2026\/04\/BotecoSuvinil-IramGuimaraes-01-1536x1024.jpg 1536w, https:\/\/vimagazine.com.br\/wp-content\/uploads\/2026\/04\/BotecoSuvinil-IramGuimaraes-01.jpg 1920w\" sizes=\"(max-width: 512px) 100vw, 512px\" \/><figcaption><em>Inspirada na brasilidade do cotidiano, presen\u00e7a da marca na BAB transforma cor em linguagem de encontro, mem\u00f3ria e conviv\u00eancia | Cr\u00e9ditos: Iram Guimar\u00e3es<\/em><\/figcaption><\/figure>\n\n\n\n<p><\/p>\n\n\n\n<p>\u00c9 ali que o estudo Co(r)existir 2026 se materializa de forma mais evidente. Ao traduzir a conviv\u00eancia entre diferentes ritmos, pessoas e hist\u00f3rias em um ambiente informal, o boteco se posiciona como express\u00e3o f\u00edsica desse conceito \u2014 um lugar onde a cor acompanha rela\u00e7\u00f5es, ativa mem\u00f3rias e refor\u00e7a o papel do encontro como parte essencial da experi\u00eancia.<\/p>\n\n\n\n<p><em>\u201cO boteco \u00e9 mais do que um cen\u00e1rio, ele \u00e9 um dos lugares onde a vida brasileira acontece. Ao trazer esse espa\u00e7o para a Bienal, a gente refor\u00e7a esse olhar de que a cor nasce das ruas, das rela\u00e7\u00f5es e das hist\u00f3rias do cotidiano. \u00c9 um ambiente democr\u00e1tico e afetivo, onde o \u00edntimo encontra o coletivo e as conversas ganham forma. No fim, ele se torna uma grande declara\u00e7\u00e3o de brasilidade, em que a cor aparece como uma experi\u00eancia cultural viva&#8221;<\/em>, complementa Sylvia.<\/p>\n\n\n\n<p class=\"has-medium-font-size\"><strong>Cor Muda Tudo em diferentes territ\u00f3rios<\/strong><\/p>\n\n\n\n<p>A presen\u00e7a na BAB n\u00e3o \u00e9 um movimento isolado, mas parte de uma estrat\u00e9gia mais ampla da Suvinil de ativar a plataforma Cor Muda Tudo em diferentes contextos pelo pa\u00eds. Antes da Bienal, esse mesmo olhar j\u00e1 havia ganhado corpo em iniciativas como o Projeto Candeal, em Salvador, onde a marca participou da revitaliza\u00e7\u00e3o de mais de 150 casas com envolvimento direto da comunidade.<\/p>\n\n\n\n<p><em>\u201cCor Muda Tudo \u00e9 sobre conectar marca, cultura e territ\u00f3rio. A presen\u00e7a da Suvinil na Bienal \u00e9 um desdobramento natural dessa vis\u00e3o, constru\u00edda ao longo do tempo em iniciativas como a recente a\u00e7\u00e3o do Candeal \u2014 onde a cor passa a integrar a identidade, a mem\u00f3ria e hist\u00f3ria das pessoas\u201d<\/em>, diz&nbsp;<strong>Renato Firmiano, diretor s\u00eanior de Marketing do Consumer Brands Group da Sherwin-Williams no Brasil.<\/strong><\/p>\n\n\n\n<p><\/p>\n\n\n\n<figure class=\"wp-block-image aligncenter size-large is-resized\"><img src=\"https:\/\/vimagazine.com.br\/wp-content\/uploads\/2026\/04\/01022026-DSC04131-2--1024x683.jpg\" alt=\"\" class=\"wp-image-22679\" width=\"512\" height=\"342\" srcset=\"https:\/\/vimagazine.com.br\/wp-content\/uploads\/2026\/04\/01022026-DSC04131-2--1024x683.jpg 1024w, https:\/\/vimagazine.com.br\/wp-content\/uploads\/2026\/04\/01022026-DSC04131-2--300x200.jpg 300w, https:\/\/vimagazine.com.br\/wp-content\/uploads\/2026\/04\/01022026-DSC04131-2--768x512.jpg 768w, https:\/\/vimagazine.com.br\/wp-content\/uploads\/2026\/04\/01022026-DSC04131-2--1536x1024.jpg 1536w, https:\/\/vimagazine.com.br\/wp-content\/uploads\/2026\/04\/01022026-DSC04131-2-.jpg 1920w\" sizes=\"(max-width: 512px) 100vw, 512px\" \/><figcaption><em>Foi no Candeal, em Salvador, que Cor Muda Tudo saiu do conceito para ganhar forma no territ\u00f3rio, em um projeto constru\u00eddo junto \u00e0 comunidade e conectado \u00e0 cultura local | Cr\u00e9ditos: Divulga\u00e7\u00e3o Suvinil<\/em><\/figcaption><\/figure>\n\n\n\n<p><\/p>\n\n\n\n<p><\/p>\n\n\n\n<p>Ao conectar a\u00e7\u00f5es em diferentes escalas \u2014 de uma comunidade em Salvador a um dos principais eventos de arquitetura, no Sudeste do pa\u00eds \u2014 a Suvinil consolida uma estrat\u00e9gia que coloca a cor como eixo central de suas ativa\u00e7\u00f5es. Mais do que presen\u00e7a, a marca busca construir repert\u00f3rio, mostrando como esse olhar se adapta a contextos distintos, mas mant\u00e9m o ponto de partida: a cor como agente de transforma\u00e7\u00e3o.<\/p>\n\n\n\n<p><\/p>\n\n\n\n<p><strong>Bienal de Arquitetura Brasileira<\/strong>&nbsp;\u2013 de 27 de mar\u00e7o at\u00e9 30 de abril<\/p>\n\n\n\n<p><strong>Funcionamento:<\/strong>&nbsp;todos os dias, das 9h00 \u00e0s 22h00<\/p>\n\n\n\n<p><strong>Local:&nbsp;<\/strong>no Pavilh\u00e3o das Culturas Brasileiras (PACUBRA), Parque Ibirapuera<\/p>\n\n\n\n<p><\/p>\n\n\n\n<p><\/p>\n\n\n\n<p class=\"has-medium-font-size\"><strong>Sobre a Suvinil<\/strong><\/p>\n\n\n\n<p>Na editoria de arquitetura e decora\u00e7\u00e3o, \u00e9 imposs\u00edvel falar de cor, acabamento e transforma\u00e7\u00e3o de ambientes sem destacar a trajet\u00f3ria da Suvinil. Refer\u00eancia consolidada no mercado brasileiro de tintas decorativas, a marca construiu, ao longo de mais de seis d\u00e9cadas, uma hist\u00f3ria pautada por qualidade, inova\u00e7\u00e3o e proximidade com profissionais, consumidores e parceiros em todo o pa\u00eds.<\/p>\n\n\n\n<p>Mais do que oferecer um portf\u00f3lio completo para diferentes superf\u00edcies, a Suvinil se posiciona como uma agente de transforma\u00e7\u00e3o \u2014 n\u00e3o apenas de espa\u00e7os, mas de realidades. Essa vis\u00e3o se traduz em iniciativas que v\u00e3o al\u00e9m do produto, como o desenvolvimento de estudos de comportamento e tend\u00eancias, a exemplo do Suvinil Co(r)existir, que antecipa movimentos da sociedade por meio das cores.<\/p>\n\n\n\n<p>A marca tamb\u00e9m investe em tecnologia e experi\u00eancia do usu\u00e1rio, com ferramentas digitais que facilitam a jornada de escolha, como simuladores de ambientes e aplicativos interativos. A proposta \u00e9 clara: tornar o processo mais simples, intuitivo e acess\u00edvel tanto para consumidores quanto para profissionais da pintura.<\/p>\n\n\n\n<p>No dia a dia, essa praticidade se reflete em conte\u00fados educativos nas plataformas digitais, al\u00e9m de embalagens e solu\u00e7\u00f5es pensadas para otimizar cada etapa da pintura. Tudo isso sem abrir m\u00e3o de um compromisso s\u00f3lido com a qualidade \u2014 atributo que sustenta a confian\u00e7a do p\u00fablico brasileiro, gra\u00e7as \u00e0 durabilidade, cobertura e acabamento reconhecidos de seus produtos.<\/p>\n\n\n\n<p>Com uma identidade genuinamente brasileira, a Suvinil valoriza a diversidade cultural do pa\u00eds, traduzindo essa pluralidade em campanhas, paletas e a\u00e7\u00f5es que dialogam com diferentes estilos de viver e habitar. Ao mesmo tempo, refor\u00e7a seu papel social por meio de pr\u00e1ticas sustent\u00e1veis, programas de descarte consciente, como o Suvinil Circula, e iniciativas de capacita\u00e7\u00e3o profissional, como o Pintar o Bem, voltadas a pessoas em situa\u00e7\u00e3o de vulnerabilidade.<\/p>\n\n\n\n<p>Presente em m\u00faltiplos canais \u2014 do ambiente digital \u00e0s redes sociais \u2014, a marca amplia seu alcance e fortalece sua conex\u00e3o com o p\u00fablico, reafirmando seu prop\u00f3sito de estar ao lado das pessoas em cada projeto, escolha e transforma\u00e7\u00e3o.<\/p>\n\n\n\n<p><\/p>\n\n\n\n<figure class=\"wp-block-image aligncenter size-full is-resized\"><img src=\"https:\/\/vimagazine.com.br\/wp-content\/uploads\/2026\/04\/dd65e200d91fc43b38a4ac29cf9ba9c2.png\" alt=\"\" class=\"wp-image-22680\" width=\"106\" height=\"24\"\/><\/figure>\n\n\n\n<p class=\"has-text-align-center\"><a href=\"https:\/\/www.suvinil.com.br\/\">https:\/\/www.suvinil.com.br\/<\/a><\/p>\n\n\n\n<p>Imagem Destaque: <em>Com o Boteco Suvinil e o estudo Co(r)existir 2026, empresa traduz sua plataforma de marca em experi\u00eancias que extrapolam o espa\u00e7o expositivo | Cr\u00e9ditos: Iram Guimar\u00e3es<\/em><\/p>\n\n\n\n<p><\/p>\n","protected":false},"excerpt":{"rendered":"<p>Na BAB, marca transforma sua plataforma em experi\u00eancia e conecta cor, conviv\u00eancia e cultura em&#8230;<\/p>\n","protected":false},"author":1,"featured_media":22681,"comment_status":"closed","ping_status":"open","sticky":false,"template":"","format":"standard","meta":{"om_disable_all_campaigns":false,"_monsterinsights_skip_tracking":false,"_monsterinsights_sitenote_active":false,"_monsterinsights_sitenote_note":"","_monsterinsights_sitenote_category":0,"spay_email":""},"categories":[1071,1],"tags":[],"jetpack_featured_media_url":"https:\/\/vimagazine.com.br\/wp-content\/uploads\/2026\/04\/BotecoSuvinil-IramGuimaraes-03.jpg","_links":{"self":[{"href":"https:\/\/vimagazine.com.br\/index.php?rest_route=\/wp\/v2\/posts\/22677"}],"collection":[{"href":"https:\/\/vimagazine.com.br\/index.php?rest_route=\/wp\/v2\/posts"}],"about":[{"href":"https:\/\/vimagazine.com.br\/index.php?rest_route=\/wp\/v2\/types\/post"}],"author":[{"embeddable":true,"href":"https:\/\/vimagazine.com.br\/index.php?rest_route=\/wp\/v2\/users\/1"}],"replies":[{"embeddable":true,"href":"https:\/\/vimagazine.com.br\/index.php?rest_route=%2Fwp%2Fv2%2Fcomments&post=22677"}],"version-history":[{"count":2,"href":"https:\/\/vimagazine.com.br\/index.php?rest_route=\/wp\/v2\/posts\/22677\/revisions"}],"predecessor-version":[{"id":22683,"href":"https:\/\/vimagazine.com.br\/index.php?rest_route=\/wp\/v2\/posts\/22677\/revisions\/22683"}],"wp:featuredmedia":[{"embeddable":true,"href":"https:\/\/vimagazine.com.br\/index.php?rest_route=\/wp\/v2\/media\/22681"}],"wp:attachment":[{"href":"https:\/\/vimagazine.com.br\/index.php?rest_route=%2Fwp%2Fv2%2Fmedia&parent=22677"}],"wp:term":[{"taxonomy":"category","embeddable":true,"href":"https:\/\/vimagazine.com.br\/index.php?rest_route=%2Fwp%2Fv2%2Fcategories&post=22677"},{"taxonomy":"post_tag","embeddable":true,"href":"https:\/\/vimagazine.com.br\/index.php?rest_route=%2Fwp%2Fv2%2Ftags&post=22677"}],"curies":[{"name":"wp","href":"https:\/\/api.w.org\/{rel}","templated":true}]}}