{"id":22688,"date":"2026-04-29T09:29:39","date_gmt":"2026-04-29T12:29:39","guid":{"rendered":"https:\/\/vimagazine.com.br\/?p=22688"},"modified":"2026-04-29T09:29:41","modified_gmt":"2026-04-29T12:29:41","slug":"por-que-vender-imoveis-ficou-mais-desafiador-no-brasil-e-como-os-novos-perfis-de-compradores-estao-mudando-o-mercado","status":"publish","type":"post","link":"https:\/\/vimagazine.com.br\/?p=22688","title":{"rendered":"Por que vender im\u00f3veis ficou mais desafiador no Brasil e como os novos perfis de compradores est\u00e3o mudando o mercado"},"content":{"rendered":"\n<p><\/p>\n\n\n\n<p class=\"has-text-align-center has-medium-font-size\"><em>Durante muitos anos, o mercado imobili\u00e1rio brasileiro operou com um perfil de comprador relativamente previs\u00edvel: fam\u00edlias entre 30 e 45 anos em busca do primeiro ou do segundo im\u00f3vel. Hoje, esse cen\u00e1rio mudou profundamente.<\/em><\/p>\n\n\n\n<p><\/p>\n\n\n\n<p>O setor passou a lidar com um&nbsp;<strong>mix geracional in\u00e9dito de compradores<\/strong>, que inclui desde jovens da gera\u00e7\u00e3o Z entrando mais cedo no mercado at\u00e9 consumidores acima dos 60 anos que seguem ativos economicamente e continuam investindo em im\u00f3veis.<\/p>\n\n\n\n<p>Essa diversidade de perfis tem tornado o processo de venda mais complexo, e tamb\u00e9m mais estrat\u00e9gico para incorporadoras, imobili\u00e1rias e corretores.<\/p>\n\n\n\n<p>Para&nbsp;<strong>Andressa Machado<\/strong>, especialista em estrutura\u00e7\u00e3o de equipes de vendas no mercado imobili\u00e1rio, a principal mudan\u00e7a n\u00e3o est\u00e1 apenas no volume de compradores, mas na variedade de expectativas e comportamentos.<\/p>\n\n\n\n<p>\u201cO mercado imobili\u00e1rio deixou de ter um comprador padr\u00e3o. Hoje as empresas precisam conversar com p\u00fablicos muito diferentes, com motiva\u00e7\u00f5es de compra completamente distintas\u201d, afirma.<\/p>\n\n\n\n<p>Entre esses perfis, o p\u00fablico&nbsp;<strong>60+<\/strong>&nbsp;tem ganhado protagonismo no mercado. Com maior longevidade, estabilidade financeira e busca por qualidade de vida, muitos consumidores dessa faixa et\u00e1ria seguem comprando im\u00f3veis, seja para moradia, investimento ou mudan\u00e7a de estilo de vida.<\/p>\n\n\n\n<p>Ao mesmo tempo, a&nbsp;<strong>gera\u00e7\u00e3o Z<\/strong>&nbsp;come\u00e7a a aparecer de forma mais consistente nas estat\u00edsticas do setor, especialmente em cidades com forte dinamismo econ\u00f4mico. Muitos desses jovens entram no mercado estimulados por novas formas de renda, empreendedorismo digital ou investimento familiar.<\/p>\n\n\n\n<p>Outro segmento que vem ganhando aten\u00e7\u00e3o das empresas do setor \u00e9 o chamado p\u00fablico da&nbsp;<strong>Faixa 4<\/strong>&nbsp;do programa habitacional brasileiro \u2014 consumidores com renda intermedi\u00e1ria que n\u00e3o se identificam com programas habitacionais tradicionais, mas ainda dependem de financiamento para comprar o primeiro im\u00f3vel.<\/p>\n\n\n\n<p>Segundo Andressa, atender esse novo cen\u00e1rio exige mais do que bons produtos imobili\u00e1rios. Exige tamb\u00e9m equipes de vendas capazes de compreender as diferen\u00e7as entre esses p\u00fablicos.<\/p>\n\n\n\n<p>\u201cCada um desses perfis tem expectativas completamente diferentes. O cliente mais jovem pode buscar investimento ou flexibilidade. J\u00e1 o p\u00fablico mais maduro muitas vezes busca conforto, qualidade de vida ou patrim\u00f4nio para a fam\u00edlia\u201d, explica.<\/p>\n\n\n\n<p>Esse movimento tem levado empresas do setor a investir mais na&nbsp;<strong>especializa\u00e7\u00e3o de equipes comerciais<\/strong>, criando opera\u00e7\u00f5es capazes de entender melhor os diferentes nichos de compradores.<\/p>\n\n\n\n<p>Na avalia\u00e7\u00e3o da especialista, esse \u00e9 um dos fatores que devem determinar quais empresas e profissionais ter\u00e3o melhores resultados no mercado nos pr\u00f3ximos anos.<\/p>\n\n\n\n<p>\u201cVender im\u00f3veis ficou mais desafiador justamente porque o mercado ficou mais diverso. Quem entender melhor esses diferentes perfis de clientes vai conseguir vender mais\u201d, afirma.<\/p>\n\n\n\n<p><br>Site:\u00a0<a href=\"http:\/\/www.sismica.com.br\/\" target=\"_blank\" rel=\"noreferrer noopener\">www.sismica.com.br<\/a><br>Instagram: @andressamachado_exponencial<\/p>\n\n\n\n<p><\/p>\n","protected":false},"excerpt":{"rendered":"<p>Durante muitos anos, o mercado imobili\u00e1rio brasileiro operou com um perfil de comprador relativamente previs\u00edvel:&#8230;<\/p>\n","protected":false},"author":1,"featured_media":22689,"comment_status":"closed","ping_status":"open","sticky":false,"template":"","format":"standard","meta":{"om_disable_all_campaigns":false,"_monsterinsights_skip_tracking":false,"_monsterinsights_sitenote_active":false,"_monsterinsights_sitenote_note":"","_monsterinsights_sitenote_category":0,"spay_email":""},"categories":[75,1],"tags":[],"jetpack_featured_media_url":"https:\/\/vimagazine.com.br\/wp-content\/uploads\/2026\/04\/Screenshot-2026-01-05-at-14.00.50.jpg","_links":{"self":[{"href":"https:\/\/vimagazine.com.br\/index.php?rest_route=\/wp\/v2\/posts\/22688"}],"collection":[{"href":"https:\/\/vimagazine.com.br\/index.php?rest_route=\/wp\/v2\/posts"}],"about":[{"href":"https:\/\/vimagazine.com.br\/index.php?rest_route=\/wp\/v2\/types\/post"}],"author":[{"embeddable":true,"href":"https:\/\/vimagazine.com.br\/index.php?rest_route=\/wp\/v2\/users\/1"}],"replies":[{"embeddable":true,"href":"https:\/\/vimagazine.com.br\/index.php?rest_route=%2Fwp%2Fv2%2Fcomments&post=22688"}],"version-history":[{"count":1,"href":"https:\/\/vimagazine.com.br\/index.php?rest_route=\/wp\/v2\/posts\/22688\/revisions"}],"predecessor-version":[{"id":22690,"href":"https:\/\/vimagazine.com.br\/index.php?rest_route=\/wp\/v2\/posts\/22688\/revisions\/22690"}],"wp:featuredmedia":[{"embeddable":true,"href":"https:\/\/vimagazine.com.br\/index.php?rest_route=\/wp\/v2\/media\/22689"}],"wp:attachment":[{"href":"https:\/\/vimagazine.com.br\/index.php?rest_route=%2Fwp%2Fv2%2Fmedia&parent=22688"}],"wp:term":[{"taxonomy":"category","embeddable":true,"href":"https:\/\/vimagazine.com.br\/index.php?rest_route=%2Fwp%2Fv2%2Fcategories&post=22688"},{"taxonomy":"post_tag","embeddable":true,"href":"https:\/\/vimagazine.com.br\/index.php?rest_route=%2Fwp%2Fv2%2Ftags&post=22688"}],"curies":[{"name":"wp","href":"https:\/\/api.w.org\/{rel}","templated":true}]}}