{"id":22691,"date":"2026-04-29T10:01:19","date_gmt":"2026-04-29T13:01:19","guid":{"rendered":"https:\/\/vimagazine.com.br\/?p=22691"},"modified":"2026-04-29T10:01:22","modified_gmt":"2026-04-29T13:01:22","slug":"osesp-e-maestro-thierry-fischer-iniciam-ciclo-dedicado-a-mendelssohn-e-apresentam-tambem-o-passaro-de-fogo","status":"publish","type":"post","link":"https:\/\/vimagazine.com.br\/?p=22691","title":{"rendered":"OSESP E MAESTRO THIERRY FISCHER INICIAM CICLO DEDICADO A MENDELSSOHN E APRESENTAM TAMB\u00c9M\u00a0O P\u00c1SSARO DE FOGO"},"content":{"rendered":"\n<p><br><\/p>\n\n\n\n<p class=\"has-medium-font-size\">A\u00a0<strong>Funda\u00e7\u00e3o Osesp<\/strong>\u00a0e o\u00a0<strong>Governo do Estado de S\u00e3o Paulo<\/strong>, por meio da\u00a0<strong>Secretaria da Cultura, Economia e Ind\u00fastria Criativas<\/strong>, apresentam a\u00a0<strong><em>Temporada Osesp 2026<\/em><\/strong>.<\/p>\n\n\n\n<p><\/p>\n\n\n\n<p>Nesta semana, entre&nbsp;quinta-feira (30\/abr) e s\u00e1bado (02\/mai), a&nbsp;<strong>Orquestra Sinf\u00f4nica do Estado de S\u00e3o Paulo \u2013 Osesp&nbsp;<\/strong>estar\u00e1 novamente com seu Diretor Musical e Regente Titular,&nbsp;<strong>Thierry Fischer<\/strong>, no palco da&nbsp;<strong>Sala S\u00e3o Paulo<\/strong>. O programa est\u00e1 especial e marca o in\u00edcio do Ciclo Mendelssohn, um dos destaques desta Temporada: ouviremos a&nbsp;<em>Primeira Sinfonia<\/em>&nbsp;deste compositor alem\u00e3o, na primeira parte do concerto, seguida do impactante bal\u00e9&nbsp;<em>O P\u00e1ssaro de Fogo<\/em>, de Igor Stravinsky, na segunda.<\/p>\n\n\n\n<p>A performance de sexta-feira (1\u00ba\/mai) faz parte da s\u00e9rie&nbsp;<em>Osesp duas e trinta<\/em>, ter\u00e1 in\u00edcio \u00e0s 14h30 e ingressos com pre\u00e7o \u00fanico de R$ 50,00 (valor inteiro). Vale lembrar, ainda, que a performance da Osesp de s\u00e1bado, \u00e0s 16h30, ser\u00e1 transmitida ao vivo no&nbsp;<a href=\"http:\/\/www.youtube.com\/videososesp\/\" target=\"_blank\" rel=\"noreferrer noopener\">canal oficial da Orquestra no YouTube<\/a>.<\/p>\n\n\n\n<p>Felix Mendelssohn-Bartholdy (1809-1847) foi um dos maiores prod\u00edgios da hist\u00f3ria da m\u00fasica e, em sua\u00a0<em>Sinfonia n\u00ba 1<\/em>, escrita quando ele tinha apenas 15 anos, demonstra impressionante vigor juvenil e um dom\u00ednio formal raro mesmo entre compositores experientes. Com o en\u00e9rgico tema em d\u00f3 menor de seu primeiro movimento, Fischer e a Osesp d\u00e3o in\u00edcio a um percurso pela m\u00fasica deste compositor judeu alem\u00e3o. O desfecho do programa se dar\u00e1 com a execu\u00e7\u00e3o integral do bal\u00e9\u00a0<em>O P\u00e1ssaro de Fogo<\/em>, primeiro fruto do encontro entre o russo Igor Stravinsky (1882-1971) e os conterr\u00e2neos do Ballets Russes, de Sergei Diaghilev. Nesta obra, veremos um momento de transi\u00e7\u00e3o entre feitos orquestrais ao estilo do compositor Nikolai Rimsky-Korsakov, por\u00e9m com ritmos ferozes que prenunciam obras como\u00a0<em>Petrushka<\/em>\u00a0e\u00a0<em>Sagra\u00e7\u00e3o da primavera<\/em>, que Stravinsky apresentaria posteriormente.<\/p>\n\n\n\n<p><\/p>\n\n\n\n<figure class=\"wp-block-image aligncenter size-large is-resized\"><img src=\"https:\/\/vimagazine.com.br\/wp-content\/uploads\/2026\/04\/2025-09-04-ssp18-concerto-osesp-fischer-solistas-fotos-pedro-castro-32-1024x683.jpg\" alt=\"\" class=\"wp-image-22692\" width=\"512\" height=\"342\" srcset=\"https:\/\/vimagazine.com.br\/wp-content\/uploads\/2026\/04\/2025-09-04-ssp18-concerto-osesp-fischer-solistas-fotos-pedro-castro-32-1024x683.jpg 1024w, https:\/\/vimagazine.com.br\/wp-content\/uploads\/2026\/04\/2025-09-04-ssp18-concerto-osesp-fischer-solistas-fotos-pedro-castro-32-300x200.jpg 300w, https:\/\/vimagazine.com.br\/wp-content\/uploads\/2026\/04\/2025-09-04-ssp18-concerto-osesp-fischer-solistas-fotos-pedro-castro-32-768x512.jpg 768w, https:\/\/vimagazine.com.br\/wp-content\/uploads\/2026\/04\/2025-09-04-ssp18-concerto-osesp-fischer-solistas-fotos-pedro-castro-32-1536x1024.jpg 1536w, https:\/\/vimagazine.com.br\/wp-content\/uploads\/2026\/04\/2025-09-04-ssp18-concerto-osesp-fischer-solistas-fotos-pedro-castro-32.jpg 1920w\" sizes=\"(max-width: 512px) 100vw, 512px\" \/><\/figure>\n\n\n\n<p><\/p>\n\n\n\n<p><br><br><strong>Orquestra Sinf\u00f4nica do Estado de S\u00e3o Paulo \u2013 Osesp<br><\/strong>Desde seu primeiro concerto, em 1954, a Osesp tornou-se parte indissoci\u00e1vel da cultura paulista e brasileira, promovendo transforma\u00e7\u00f5es culturais e sociais profundas. A cada ano, a Osesp realiza em m\u00e9dia 130 concertos para cerca de 150 mil pessoas. Thierry Fischer tornou-se diretor musical e regente titular em 2020, tendo sido precedido, de 2012 a 2019, por Marin Alsop. Seus antecessores foram Yan Pascal Tortelier, John Neschling, Eleazar de Carvalho, Bruno Roccella e Souza Lima. Al\u00e9m da Orquestra, h\u00e1 um coro profissional, grupos de c\u00e2mara, uma editora de partituras e uma vibrante plataforma educacional. A Osesp j\u00e1 realizou turn\u00eas em diversos estados do Brasil e tamb\u00e9m pela Am\u00e9rica Latina, Estados Unidos, Europa e China, apresentando-se em alguns dos mais importantes festivais da m\u00fasica cl\u00e1ssica, como o BBC Proms, e em salas de concerto como o Concertgebouw de Amsterd\u00e3, a Philharmonie de Berlim e o Carnegie Hall em Nova York. Mant\u00e9m, desde 2008, o projeto \u201cOsesp Itinerante\u201d, promovendo concertos, oficinas e cursos de aprecia\u00e7\u00e3o musical pelo interior do estado de S\u00e3o Paulo. \u00c9 administrada pela Funda\u00e7\u00e3o Osesp desde 2005.<\/p>\n\n\n\n<p><strong>Thierry Fischer<\/strong>\u00a0regente<br>Desde 2020, Thierry Fischer \u00e9 diretor musical da Osesp, cargo que tamb\u00e9m assumiu em setembro de 2022 na Orquestra Sinf\u00f4nica de Castilla y Le\u00f3n, na Espanha. De 2009 a junho de 2023, atuou como diretor art\u00edstico da Sinf\u00f4nica de Utah, da qual se tornou diretor art\u00edstico em\u00e9rito. Foi principal regente convidado da Filarm\u00f4nica de Seul [2017-2020] e regente titular (agora convidado honor\u00e1rio) da Filarm\u00f4nica de Nagoya [2008-2011]. J\u00e1 regeu orquestras como a Royal Philharmonic, a Filarm\u00f4nica de Londres, as Sinf\u00f4nicas da BBC, de Boston e Cincinnatti e a Orchestre de la Suisse Romande. Tamb\u00e9m esteve \u00e0 frente de grupos como a Orquestra de C\u00e2mara da Europa, a London Sinfonietta e o Ensemble intercontemporain. Thierry Fischer iniciou a carreira como Primeira Flauta em Hamburgo e na \u00d3pera de Zurique. Gravou com a Sinf\u00f4nica de Utah, pelo selo Hyperion,\u00a0<em>Des canyons aux \u00e9toiles<\/em>\u00a0[Dos c\u00e2nions \u00e0s estrelas], de Olivier Messiaen, selecionado pelo pr\u00eamio Gramophone 2023, na categoria orquestral. Na Temporada 2024, embarcou junto \u00e0 Osesp para a turn\u00ea internacional em comemora\u00e7\u00e3o aos 70 anos da Orquestra.<\/p>\n\n\n\n<p><\/p>\n\n\n\n<p><br><\/p>\n\n\n\n<figure class=\"wp-block-image aligncenter size-large is-resized\"><img src=\"https:\/\/vimagazine.com.br\/wp-content\/uploads\/2026\/04\/2025-sala-sao-paulo-fotos-manuel-sa00053-r-1024x776.jpg\" alt=\"\" class=\"wp-image-22693\" width=\"512\" height=\"388\" srcset=\"https:\/\/vimagazine.com.br\/wp-content\/uploads\/2026\/04\/2025-sala-sao-paulo-fotos-manuel-sa00053-r-1024x776.jpg 1024w, https:\/\/vimagazine.com.br\/wp-content\/uploads\/2026\/04\/2025-sala-sao-paulo-fotos-manuel-sa00053-r-300x227.jpg 300w, https:\/\/vimagazine.com.br\/wp-content\/uploads\/2026\/04\/2025-sala-sao-paulo-fotos-manuel-sa00053-r-768x582.jpg 768w, https:\/\/vimagazine.com.br\/wp-content\/uploads\/2026\/04\/2025-sala-sao-paulo-fotos-manuel-sa00053-r-1536x1164.jpg 1536w, https:\/\/vimagazine.com.br\/wp-content\/uploads\/2026\/04\/2025-sala-sao-paulo-fotos-manuel-sa00053-r.jpg 1920w\" sizes=\"(max-width: 512px) 100vw, 512px\" \/><\/figure>\n\n\n\n<p><\/p>\n\n\n\n<p style=\"font-size:22px\"><strong>30\/abr a 02\/mai<\/strong><\/p>\n\n\n\n<p><br><strong><u>PROGRAMA<\/u><\/strong><\/p>\n\n\n\n<p><strong>OSESP<br>THIERRY FISCHER<\/strong>\u00a0regente<br>FELIX MENDELSSOHN-BARTHOLDY\u00a0<em>Sinfonia n\u00ba 1 em d\u00f3 menor, Op. 11<\/em><br>IGOR STRAVINSKY\u00a0<em>O P\u00e1ssaro de Fogo (vers\u00e3o 1919)<br><\/em><\/p>\n\n\n\n<p><\/p>\n\n\n\n<p class=\"has-medium-font-size\">30 de abril, quinta-feira, 20h00<br>01 de maio, sexta-feira, 14h30 [<em>Osesp duas e trinta<\/em>]<br>02 de maio, s\u00e1bado, 16h30 [<a href=\"http:\/\/www.youtube.com\/videososesp\/\" target=\"_blank\" rel=\"noreferrer noopener\">Concerto digital<\/a>]<br><strong>Endere\u00e7o:<\/strong>&nbsp;Pra\u00e7a J\u00falio Prestes, 16, Campos El\u00edseos, S\u00e3o Paulo, SP<br><strong>Capacidade:&nbsp;<\/strong>1.388 lugares [Sala S\u00e3o Paulo]<br><strong>Recomenda\u00e7\u00e3o et\u00e1ria:&nbsp;<\/strong>07 anos<strong><br>Ingressos:&nbsp;<\/strong>Entre R$ 50,00 e R$ 330,00 (valores inteiros*)<br><strong>Bilheteria (Fever):&nbsp;<\/strong><a href=\"https:\/\/tickets.oneboxtds.com\/osesp\/events\/\" target=\"_blank\" rel=\"noreferrer noopener\"><strong>neste link<\/strong><\/a><strong><br>Telefone:&nbsp;<\/strong>(11) 3777-9721, de segunda a sexta, das 12h \u00e0s 18h.<br><strong>Estacionamento:<\/strong>&nbsp;Rua Mau\u00e1, 51 | a partir de R$ 27,00 | 600 vagas<br><strong>Mais informa\u00e7\u00f5es nos sites oficiais da&nbsp;<\/strong><a href=\"https:\/\/osesp.art.br\/\" target=\"_blank\" rel=\"noreferrer noopener\"><strong>Osesp<\/strong><\/a><strong>&nbsp;e da&nbsp;<\/strong><a href=\"https:\/\/salasaopaulo.art.br\/\" target=\"_blank\" rel=\"noreferrer noopener\"><strong>Sala S\u00e3o Paulo<\/strong><\/a><strong>.<\/strong><\/p>\n\n\n\n<p>*Estudantes, pessoas acima dos 60 anos, jovens pertencentes a fam\u00edlias de baixa renda com idade de 15 a 29 anos, pessoas com defici\u00eancias e um acompanhante, e servidores da educa\u00e7\u00e3o (servidores do quadro de apoio \u2013 funcion\u00e1rios da secretaria e operacionais \u2013 e especialistas da Educa\u00e7\u00e3o \u2013 coordenadores pedag\u00f3gicos, diretores e supervisores \u2013 da rede p\u00fablica, estadual e municipal) t\u00eam desconto de 50% nos ingressos para os concertos da Temporada Osesp na Sala S\u00e3o Paulo, mediante comprova\u00e7\u00e3o.<strong><br><\/strong><strong><br><br>A&nbsp;<em>Temporada Osesp 2026&nbsp;<\/em>\u00e9 uma realiza\u00e7\u00e3o da Funda\u00e7\u00e3o Osesp, do Governo do Estado de S\u00e3o Paulo, por meio da Secretaria da Cultura, Economia e Ind\u00fastria Criativas do Estado de S\u00e3o Paulo, e, por meio da Lei Federal de Incentivo \u00e0 Cultura, do Minist\u00e9rio da Cultura e Governo Federal \u2013 Do lado do povo brasileiro.<\/strong><\/p>\n\n\n\n<p><strong>A&nbsp;<em>Sala S\u00e3o Paulo Digital<\/em>&nbsp;conta com recursos da Lei Federal de Incentivo \u00e0 Cultura. Realiza\u00e7\u00e3o: Funda\u00e7\u00e3o Osesp, Governo do Estado de S\u00e3o Paulo, por meio da Secretaria da Cultura, Economia e Ind\u00fastria Criativas, Minist\u00e9rio da Cultura e Governo Federal.<\/strong><\/p>\n\n\n\n<p><strong>A Osesp e a Sala S\u00e3o Paulo s\u00e3o equipamentos do Governo do Estado de S\u00e3o Paulo, por meio da Secretaria da Cultura, Economia e Ind\u00fastria Criativas do Estado de S\u00e3o Paulo, gerenciadas pela Funda\u00e7\u00e3o Osesp, Organiza\u00e7\u00e3o Social da Cultura, desde 2005.<\/strong><\/p>\n\n\n\n<p><\/p>\n\n\n\n<p><em>Orquestra toca Primeira Sinfonia do compositor alem\u00e3o e o exuberante bal\u00e9 de Igor Stravinsky na \u00edntegra, de quinta (30\/abr) a s\u00e1bado (02\/mai) na Sala S\u00e3o Paulo; performance de sexta (1\u00ba\/mai) faz parte da s\u00e9rie \u2018Osesp duas e trinta\u2019 e tem ingressos a R$ 50,00 (inteira).<\/em><\/p>\n\n\n\n<p><\/p>\n\n\n\n<figure class=\"wp-block-image aligncenter size-large is-resized\"><img src=\"https:\/\/vimagazine.com.br\/wp-content\/uploads\/2026\/04\/8550c4de5d9805a9b8daf39347a37738-1024x114.jpg\" alt=\"\" class=\"wp-image-22694\" width=\"512\" height=\"57\" srcset=\"https:\/\/vimagazine.com.br\/wp-content\/uploads\/2026\/04\/8550c4de5d9805a9b8daf39347a37738-1024x114.jpg 1024w, https:\/\/vimagazine.com.br\/wp-content\/uploads\/2026\/04\/8550c4de5d9805a9b8daf39347a37738-300x33.jpg 300w, https:\/\/vimagazine.com.br\/wp-content\/uploads\/2026\/04\/8550c4de5d9805a9b8daf39347a37738-768x86.jpg 768w, https:\/\/vimagazine.com.br\/wp-content\/uploads\/2026\/04\/8550c4de5d9805a9b8daf39347a37738-1536x171.jpg 1536w, https:\/\/vimagazine.com.br\/wp-content\/uploads\/2026\/04\/8550c4de5d9805a9b8daf39347a37738.jpg 1920w\" sizes=\"(max-width: 512px) 100vw, 512px\" \/><\/figure>\n\n\n\n<figure class=\"wp-block-image aligncenter size-full is-resized\"><img src=\"https:\/\/vimagazine.com.br\/wp-content\/uploads\/2026\/04\/97087136f3d67b77317c41068c150ce3.png\" alt=\"\" class=\"wp-image-22695\" width=\"137\" height=\"40\"\/><\/figure>\n\n\n\n<p><\/p>\n","protected":false},"excerpt":{"rendered":"<p>A\u00a0Funda\u00e7\u00e3o Osesp\u00a0e o\u00a0Governo do Estado de S\u00e3o Paulo, por meio da\u00a0Secretaria da Cultura, Economia e&#8230;<\/p>\n","protected":false},"author":1,"featured_media":22696,"comment_status":"closed","ping_status":"open","sticky":false,"template":"","format":"standard","meta":{"om_disable_all_campaigns":false,"_monsterinsights_skip_tracking":false,"_monsterinsights_sitenote_active":false,"_monsterinsights_sitenote_note":"","_monsterinsights_sitenote_category":0,"spay_email":""},"categories":[27],"tags":[],"jetpack_featured_media_url":"https:\/\/vimagazine.com.br\/wp-content\/uploads\/2026\/04\/2023-oficial-orquestra-osesp-foto-mario-daloia-baixa-r.jpg","_links":{"self":[{"href":"https:\/\/vimagazine.com.br\/index.php?rest_route=\/wp\/v2\/posts\/22691"}],"collection":[{"href":"https:\/\/vimagazine.com.br\/index.php?rest_route=\/wp\/v2\/posts"}],"about":[{"href":"https:\/\/vimagazine.com.br\/index.php?rest_route=\/wp\/v2\/types\/post"}],"author":[{"embeddable":true,"href":"https:\/\/vimagazine.com.br\/index.php?rest_route=\/wp\/v2\/users\/1"}],"replies":[{"embeddable":true,"href":"https:\/\/vimagazine.com.br\/index.php?rest_route=%2Fwp%2Fv2%2Fcomments&post=22691"}],"version-history":[{"count":1,"href":"https:\/\/vimagazine.com.br\/index.php?rest_route=\/wp\/v2\/posts\/22691\/revisions"}],"predecessor-version":[{"id":22697,"href":"https:\/\/vimagazine.com.br\/index.php?rest_route=\/wp\/v2\/posts\/22691\/revisions\/22697"}],"wp:featuredmedia":[{"embeddable":true,"href":"https:\/\/vimagazine.com.br\/index.php?rest_route=\/wp\/v2\/media\/22696"}],"wp:attachment":[{"href":"https:\/\/vimagazine.com.br\/index.php?rest_route=%2Fwp%2Fv2%2Fmedia&parent=22691"}],"wp:term":[{"taxonomy":"category","embeddable":true,"href":"https:\/\/vimagazine.com.br\/index.php?rest_route=%2Fwp%2Fv2%2Fcategories&post=22691"},{"taxonomy":"post_tag","embeddable":true,"href":"https:\/\/vimagazine.com.br\/index.php?rest_route=%2Fwp%2Fv2%2Ftags&post=22691"}],"curies":[{"name":"wp","href":"https:\/\/api.w.org\/{rel}","templated":true}]}}