{"id":22698,"date":"2026-04-29T13:02:49","date_gmt":"2026-04-29T16:02:49","guid":{"rendered":"https:\/\/vimagazine.com.br\/?p=22698"},"modified":"2026-04-29T13:02:50","modified_gmt":"2026-04-29T16:02:50","slug":"fevest-inspire-2026-evidencia-avanco-da-sustentabilidade-na-industria-da-moda-intima-e-confeccoes","status":"publish","type":"post","link":"https:\/\/vimagazine.com.br\/?p=22698","title":{"rendered":"Fevest Inspire 2026 evidencia avan\u00e7o da sustentabilidade na ind\u00fastria da moda \u00edntima e confec\u00e7\u00f5es"},"content":{"rendered":"\n<p><\/p>\n\n\n\n<p><\/p>\n\n\n\n<p class=\"has-text-align-center has-medium-font-size\"><em><strong>Etiquetas que viram plantas, tecidos de longa dura\u00e7\u00e3o, embalagens reutiliz\u00e1veis, reaproveitamento de at\u00e9 80% da \u00e1gua e economia circular ganham protagonismo na maior feira do setor da Am\u00e9rica Latina<\/strong><\/em><\/p>\n\n\n\n<p><\/p>\n\n\n\n<p>Entre os dias 9 e 11 de junho, Nova Friburgo (RJ) \u2014 reconhecida nacionalmente como a Capital da Moda \u00cdntima \u2014 ser\u00e1 o centro das aten\u00e7\u00f5es da ind\u00fastria t\u00eaxtil com a realiza\u00e7\u00e3o da Fevest Inspire 2026, no tradicional Nova Friburgo Country Club. Consolidada como a principal feira de lingerie, moda praia, fitness e mat\u00e9ria-prima do Brasil e da Am\u00e9rica Latina, a Fevest refor\u00e7a, nesta edi\u00e7\u00e3o, o compromisso com a sustentabilidade, a inova\u00e7\u00e3o e a alta performance produtiva.<\/p>\n\n\n\n<p>Mais do que apresentar tend\u00eancias est\u00e9ticas, a Fevest \u00e9 um espa\u00e7o estrat\u00e9gico para discutir o futuro da moda, reunindo mais de 140 marcas expositoras, vindas n\u00e3o apenas do polo friburguense, mas tamb\u00e9m de estados como Minas Gerais, Cear\u00e1, S\u00e3o Paulo e Rio Grande do Sul. A expectativa \u00e9 de que cerca de 9 mil visitantes, entre compradores, profissionais do setor e formadores de opini\u00e3o do Brasil e do exterior, circulem pelos corredores da feira, acompanhando desfiles, workshops e palestras t\u00e9cnicas<\/p>\n\n\n\n<p><\/p>\n\n\n\n<p class=\"has-medium-font-size\"><strong>Sustentabilidade aplicada da ind\u00fastria \u00e0 cria\u00e7\u00e3o<\/strong><\/p>\n\n\n\n<p>Entre os destaques da Fevest Inspire 2026 est\u00e3o empresas que j\u00e1 incorporam pr\u00e1ticas sustent\u00e1veis de forma concreta e mensur\u00e1vel \u2014 indo muito al\u00e9m do discurso.<\/p>\n\n\n\n<p>A Marina Bonita \u2013 de Nova Friburgo (RJ) -, marca de moda praia que participa da Fevest pela primeira vez, apresenta a cole\u00e7\u00e3o Entrela\u00e7os, um exemplo de como tradi\u00e7\u00e3o artesanal e tecnologia t\u00eaxtil podem caminhar juntas. Seu biqu\u00edni \u201cTrama de Afeto\u201d, desenvolvido em crochetaria tecnol\u00f3gica, utiliza uma mistura de fibras naturais como algod\u00e3o, c\u00e2nhamo e bambu, associadas a elastano reciclado ou poliamida biodegrad\u00e1vel, resultando em pe\u00e7as confort\u00e1veis, de secagem r\u00e1pida e com prote\u00e7\u00e3o UV.<\/p>\n\n\n\n<p>Cada modelo \u00e9 \u00fanico, sem c\u00f3pias \u2014 apenas interpreta\u00e7\u00f5es. A t\u00e9cnica do croch\u00ea elimina cortes e desperd\u00edcios de tecido, garantindo zero res\u00edduo no processo produtivo. O tingimento bot\u00e2nico, feito com pigmentos extra\u00eddos de cascas e sementes, substitui corantes qu\u00edmicos, reduzindo impactos ambientais. A marca tamb\u00e9m aposta em etiquetas plant\u00e1veis, que podem ser transformadas em plantas, e em embalagens de algod\u00e3o cru, pensadas para uso cont\u00ednuo pelo consumidor, como organizadores de viagem.<\/p>\n\n\n\n<p>Al\u00e9m disso, res\u00edduos do processo produtivo s\u00e3o reaproveitados na cria\u00e7\u00e3o de pulseiras, brincos e cord\u00f5es, refor\u00e7ando o conceito de economia circular. As pe\u00e7as s\u00e3o desenvolvidas para durar v\u00e1rias temporadas, acompanhadas por um Kit de Longevidade, com orienta\u00e7\u00f5es de cuidado que ampliam a vida \u00fatil do produto e reduzem impactos ambientais ao longo do uso.<\/p>\n\n\n\n<p><\/p>\n\n\n\n<p><\/p>\n\n\n\n<figure class=\"wp-block-image aligncenter size-full is-resized\"><img src=\"https:\/\/vimagazine.com.br\/wp-content\/uploads\/2026\/04\/Biquine-Marina-Bonita.jpg\" alt=\"\" class=\"wp-image-22699\" width=\"343\" height=\"457\" srcset=\"https:\/\/vimagazine.com.br\/wp-content\/uploads\/2026\/04\/Biquine-Marina-Bonita.jpg 686w, https:\/\/vimagazine.com.br\/wp-content\/uploads\/2026\/04\/Biquine-Marina-Bonita-225x300.jpg 225w\" sizes=\"(max-width: 343px) 100vw, 343px\" \/><\/figure>\n\n\n\n<p><\/p>\n\n\n\n<p><\/p>\n\n\n\n<p class=\"has-medium-font-size\"><strong>Mat\u00e9ria-prima com responsabilidade ambiental<\/strong><\/p>\n\n\n\n<p><\/p>\n\n\n\n<p>No segmento de mat\u00e9ria-prima, a Beckhauser Malhas \u2013 de Maring\u00e1 (PR) -, empresa com 34 anos de atua\u00e7\u00e3o e 470 colaboradores diretos, chega \u00e0 Fevest com o lan\u00e7amento da Iron Strong, uma malha de poliamida de alta performance indicada tanto para o esporte quanto para a alfaiataria contempor\u00e2nea. O material n\u00e3o amassa, n\u00e3o desbota, \u00e9 confort\u00e1vel e dur\u00e1vel, refletindo o investimento da empresa em inova\u00e7\u00e3o aliada \u00e0 responsabilidade ambiental.<\/p>\n\n\n\n<p>A Beckhauser mant\u00e9m uma pol\u00edtica avan\u00e7ada de redu\u00e7\u00e3o de res\u00edduos, com mais de 10 empresas parceiras receptoras de sobras industriais, como plumas, aparas de malha, tubetes e cones de fios. A empresa reaproveita at\u00e9 80% da \u00e1gua utilizada nos processos de fabrica\u00e7\u00e3o e tingimento, possui esta\u00e7\u00e3o pr\u00f3pria de tratamento de \u00e1gua, utiliza energia proveniente de usina solar, madeira de reflorestamento e tecnologias como o dry clean, que reduzem significativamente o uso de produtos qu\u00edmicos. O reaproveitamento do calor das caldeiras e a instala\u00e7\u00e3o de isolantes t\u00e9rmicos nos galp\u00f5es completam a estrat\u00e9gia alinhada \u00e0s pr\u00e1ticas de ESG.<\/p>\n\n\n\n<p><\/p>\n\n\n\n<p class=\"has-medium-font-size\"><strong>Tecnologia, bem-estar e impacto social<\/strong><\/p>\n\n\n\n<p><\/p>\n\n\n\n<p>Outra presen\u00e7a relevante \u00e9 a \u00cdntima Passion &#8211; de Juruaia (MG) -, que aposta em lingeries e camisolas tecnol\u00f3gicas com efeito refresh, pensadas especialmente para proporcionar conforto t\u00e9rmico a mulheres no per\u00edodo da menopausa. A marca tamb\u00e9m investe em produtos multiuso, embalagens reutiliz\u00e1veis \u2014 como sacos de organza reaproveit\u00e1veis \u2014 e tecidos de moda praia com decomposi\u00e7\u00e3o acelerada.<\/p>\n\n\n\n<p>Com um sistema interno de melhor aproveitamento dos tecidos, a empresa reduziu drasticamente a gera\u00e7\u00e3o de retalhos que antes eram descartados em aterros. Hoje, esses materiais s\u00e3o doados para ONGs e entidades locais, que os transformam em tapetes, bolsas e outros produtos, fortalecendo a economia criativa regional. Al\u00e9m disso, a \u00cdntima Passion oferece treinamentos, mentorias e acompanhamentos mensais aos seus clientes, ampliando o impacto positivo da sustentabilidade ao longo da cadeia produtiva.<\/p>\n\n\n\n<p><strong>A Fevest inspire 2026 &#8211; Feira de Lingerie, Moda Praia, Fitness e Mat\u00e9ria-prima &#8211;&nbsp;<\/strong>\u00e9 uma realiza\u00e7\u00e3o do Sindvest (Sindicato das Ind\u00fastrias do Vestu\u00e1rio de Nova Friburgo e Regi\u00e3o), com patroc\u00ednio da Firjan SENAI SESI, apoio institucional da Prefeitura Municipal de Nova Friburgo,&nbsp;Abit, Frionline e Vinilsul.<\/p>\n\n\n\n<p><\/p>\n\n\n\n<figure class=\"wp-container-2 wp-block-gallery-1 wp-block-gallery has-nested-images columns-default is-cropped\">\n<figure class=\"wp-block-image size-large\"><img width=\"682\" height=\"1024\" data-id=\"22700\"  src=\"https:\/\/vimagazine.com.br\/wp-content\/uploads\/2026\/04\/Baby-doll-marron-Intima-Passion-682x1024.jpg\" alt=\"\" class=\"wp-image-22700\" srcset=\"https:\/\/vimagazine.com.br\/wp-content\/uploads\/2026\/04\/Baby-doll-marron-Intima-Passion-682x1024.jpg 682w, https:\/\/vimagazine.com.br\/wp-content\/uploads\/2026\/04\/Baby-doll-marron-Intima-Passion-200x300.jpg 200w, https:\/\/vimagazine.com.br\/wp-content\/uploads\/2026\/04\/Baby-doll-marron-Intima-Passion-768x1153.jpg 768w, https:\/\/vimagazine.com.br\/wp-content\/uploads\/2026\/04\/Baby-doll-marron-Intima-Passion-1023x1536.jpg 1023w, https:\/\/vimagazine.com.br\/wp-content\/uploads\/2026\/04\/Baby-doll-marron-Intima-Passion-1024x1537.jpg 1024w, https:\/\/vimagazine.com.br\/wp-content\/uploads\/2026\/04\/Baby-doll-marron-Intima-Passion.jpg 1066w\" sizes=\"(max-width: 682px) 100vw, 682px\" \/><\/figure>\n\n\n\n<figure class=\"wp-block-image size-large\"><img width=\"683\" height=\"1024\" data-id=\"22701\"  src=\"https:\/\/vimagazine.com.br\/wp-content\/uploads\/2026\/04\/camisola-azul-Intima-Passion-683x1024.jpg\" alt=\"\" class=\"wp-image-22701\" srcset=\"https:\/\/vimagazine.com.br\/wp-content\/uploads\/2026\/04\/camisola-azul-Intima-Passion-683x1024.jpg 683w, https:\/\/vimagazine.com.br\/wp-content\/uploads\/2026\/04\/camisola-azul-Intima-Passion-200x300.jpg 200w, https:\/\/vimagazine.com.br\/wp-content\/uploads\/2026\/04\/camisola-azul-Intima-Passion-768x1152.jpg 768w, https:\/\/vimagazine.com.br\/wp-content\/uploads\/2026\/04\/camisola-azul-Intima-Passion.jpg 900w\" sizes=\"(max-width: 683px) 100vw, 683px\" \/><\/figure>\n<\/figure>\n\n\n\n<p><\/p>\n\n\n\n<p><\/p>\n\n\n\n<p><\/p>\n\n\n\n<p class=\"has-medium-font-size\"><strong>Fevest Inspire 2026<\/strong>&nbsp;<strong>&#8211; Feira de Lingerie, Moda Praia, Fitness e Mat\u00e9ria-prima<\/strong><\/p>\n\n\n\n<p><strong>Data:<\/strong>&nbsp;09 a 11 de junho de 2026 (ter\u00e7a-feira a quinta-feira)<\/p>\n\n\n\n<p><strong>Hor\u00e1rio:<\/strong>&nbsp;das 13h \u00e0s 20h<\/p>\n\n\n\n<p><strong>Entrada:<\/strong>&nbsp;Gratuita mediante credenciamento pelo site<\/p>\n\n\n\n<p><strong>Local:<\/strong>&nbsp;Nova Friburgo Country Clube (Av. Conselheiro Julius Arp, 140 \u2013 Centro \u2013 Nova Friburgo\/RJ)<\/p>\n\n\n\n<p><strong>Site:<\/strong>&nbsp;<a href=\"http:\/\/www.fevest.com\/\" target=\"_blank\" rel=\"noreferrer noopener\">http:\/\/www.fevest.com\/<\/a><\/p>\n\n\n\n<p><\/p>\n","protected":false},"excerpt":{"rendered":"<p>Etiquetas que viram plantas, tecidos de longa dura\u00e7\u00e3o, embalagens reutiliz\u00e1veis, reaproveitamento de at\u00e9 80% da&#8230;<\/p>\n","protected":false},"author":1,"featured_media":22702,"comment_status":"closed","ping_status":"open","sticky":false,"template":"","format":"standard","meta":{"om_disable_all_campaigns":false,"_monsterinsights_skip_tracking":false,"_monsterinsights_sitenote_active":false,"_monsterinsights_sitenote_note":"","_monsterinsights_sitenote_category":0,"spay_email":""},"categories":[27],"tags":[],"jetpack_featured_media_url":"https:\/\/vimagazine.com.br\/wp-content\/uploads\/2026\/04\/Biquine-branco-Marina-Bonita.jpg","_links":{"self":[{"href":"https:\/\/vimagazine.com.br\/index.php?rest_route=\/wp\/v2\/posts\/22698"}],"collection":[{"href":"https:\/\/vimagazine.com.br\/index.php?rest_route=\/wp\/v2\/posts"}],"about":[{"href":"https:\/\/vimagazine.com.br\/index.php?rest_route=\/wp\/v2\/types\/post"}],"author":[{"embeddable":true,"href":"https:\/\/vimagazine.com.br\/index.php?rest_route=\/wp\/v2\/users\/1"}],"replies":[{"embeddable":true,"href":"https:\/\/vimagazine.com.br\/index.php?rest_route=%2Fwp%2Fv2%2Fcomments&post=22698"}],"version-history":[{"count":1,"href":"https:\/\/vimagazine.com.br\/index.php?rest_route=\/wp\/v2\/posts\/22698\/revisions"}],"predecessor-version":[{"id":22703,"href":"https:\/\/vimagazine.com.br\/index.php?rest_route=\/wp\/v2\/posts\/22698\/revisions\/22703"}],"wp:featuredmedia":[{"embeddable":true,"href":"https:\/\/vimagazine.com.br\/index.php?rest_route=\/wp\/v2\/media\/22702"}],"wp:attachment":[{"href":"https:\/\/vimagazine.com.br\/index.php?rest_route=%2Fwp%2Fv2%2Fmedia&parent=22698"}],"wp:term":[{"taxonomy":"category","embeddable":true,"href":"https:\/\/vimagazine.com.br\/index.php?rest_route=%2Fwp%2Fv2%2Fcategories&post=22698"},{"taxonomy":"post_tag","embeddable":true,"href":"https:\/\/vimagazine.com.br\/index.php?rest_route=%2Fwp%2Fv2%2Ftags&post=22698"}],"curies":[{"name":"wp","href":"https:\/\/api.w.org\/{rel}","templated":true}]}}