{"id":22704,"date":"2026-04-29T13:15:49","date_gmt":"2026-04-29T16:15:49","guid":{"rendered":"https:\/\/vimagazine.com.br\/?p=22704"},"modified":"2026-04-29T13:16:19","modified_gmt":"2026-04-29T16:16:19","slug":"elegancia-e-aconchego-marcam-projeto-corporativo-assinado-por-marcos-serrano-miralles","status":"publish","type":"post","link":"https:\/\/vimagazine.com.br\/?p=22704","title":{"rendered":"Eleg\u00e2ncia e aconchego marcam projeto corporativo assinado por Marcos Serrano Miralles"},"content":{"rendered":"\n<p class=\"has-medium-font-size\"><br><br><em><strong>Com marcenaria protagonista, paleta sofisticada e ilumina\u00e7\u00e3o estrat\u00e9gica, escrit\u00f3rio combina funcionalidade e atmosfera acolhedora em cada detalhe<\/strong><\/em><br><br><\/p>\n\n\n\n<p>O projeto corporativo assinado pelo arquiteto Marcos Serrano Miralles traduz a for\u00e7a do design contempor\u00e2neo aliado ao conforto. Inspirado em uma est\u00e9tica elegante e atemporal, o espa\u00e7o foi pensado para acolher clientes e colaboradores desde o primeiro passo, valorizando materiais nobres, ilumina\u00e7\u00e3o bem planejada e uma paleta de cores que transmite sobriedade.<\/p>\n\n\n\n<p><\/p>\n\n\n\n<p><\/p>\n\n\n\n<figure class=\"wp-block-image aligncenter size-large is-resized\"><img src=\"https:\/\/vimagazine.com.br\/wp-content\/uploads\/2026\/04\/Projeto-Marcos-Serrano-Miralles-Credito-da-foto-Douglas-Camargo-2--1024x683.jpg\" alt=\"\" class=\"wp-image-22707\" width=\"512\" height=\"342\" srcset=\"https:\/\/vimagazine.com.br\/wp-content\/uploads\/2026\/04\/Projeto-Marcos-Serrano-Miralles-Credito-da-foto-Douglas-Camargo-2--1024x683.jpg 1024w, https:\/\/vimagazine.com.br\/wp-content\/uploads\/2026\/04\/Projeto-Marcos-Serrano-Miralles-Credito-da-foto-Douglas-Camargo-2--300x200.jpg 300w, https:\/\/vimagazine.com.br\/wp-content\/uploads\/2026\/04\/Projeto-Marcos-Serrano-Miralles-Credito-da-foto-Douglas-Camargo-2--768x512.jpg 768w, https:\/\/vimagazine.com.br\/wp-content\/uploads\/2026\/04\/Projeto-Marcos-Serrano-Miralles-Credito-da-foto-Douglas-Camargo-2--1536x1024.jpg 1536w, https:\/\/vimagazine.com.br\/wp-content\/uploads\/2026\/04\/Projeto-Marcos-Serrano-Miralles-Credito-da-foto-Douglas-Camargo-2-.jpg 1920w\" sizes=\"(max-width: 512px) 100vw, 512px\" \/><\/figure>\n\n\n\n<p><\/p>\n\n\n\n<p>Logo no hall de entrada, a sensa\u00e7\u00e3o \u00e9 de acolhimento. A marcenaria reveste parte das paredes e avan\u00e7a pelo teto, criando uma atmosfera envolvente. A bancada em m\u00e1rmore branco traz leveza e sofistica\u00e7\u00e3o, enquanto as poltronas de design sinuoso suavizam as linhas do ambiente. A ilumina\u00e7\u00e3o em LED embutida no teto garante uniformidade e conforto visual. Um espelho amplia o espa\u00e7o e refor\u00e7a a luminosidade, enquanto a parede com textura adiciona profundidade. No piso, o tapete cumpre dupla fun\u00e7\u00e3o: aquece o ambiente e evita o contato direto com o porcelanato frio. A porta em detalhe preto surge como ponto de cor estrat\u00e9gico, trazendo contraste na medida certa.<\/p>\n\n\n\n<p>O corredor que leva \u00e0s salas mant\u00e9m a mesma linguagem visual. Totalmente revestido em marcenaria, ele conta com portas mimetizadas, que garantem unidade est\u00e9tica e discri\u00e7\u00e3o. O teto rebaixado em gesso refor\u00e7a a proposta contempor\u00e2nea e permite um projeto luminot\u00e9cnico mais preciso.<\/p>\n\n\n\n<p><\/p>\n\n\n\n<p><\/p>\n\n\n\n<figure class=\"wp-block-image aligncenter size-large is-resized\"><img src=\"https:\/\/vimagazine.com.br\/wp-content\/uploads\/2026\/04\/Projeto-Marcos-Serrano-Miralles-Credito-da-foto-Douglas-Camargo-3--819x1024.jpg\" alt=\"\" class=\"wp-image-22705\" width=\"410\" height=\"512\" srcset=\"https:\/\/vimagazine.com.br\/wp-content\/uploads\/2026\/04\/Projeto-Marcos-Serrano-Miralles-Credito-da-foto-Douglas-Camargo-3--819x1024.jpg 819w, https:\/\/vimagazine.com.br\/wp-content\/uploads\/2026\/04\/Projeto-Marcos-Serrano-Miralles-Credito-da-foto-Douglas-Camargo-3--240x300.jpg 240w, https:\/\/vimagazine.com.br\/wp-content\/uploads\/2026\/04\/Projeto-Marcos-Serrano-Miralles-Credito-da-foto-Douglas-Camargo-3--768x960.jpg 768w, https:\/\/vimagazine.com.br\/wp-content\/uploads\/2026\/04\/Projeto-Marcos-Serrano-Miralles-Credito-da-foto-Douglas-Camargo-3--1229x1536.jpg 1229w, https:\/\/vimagazine.com.br\/wp-content\/uploads\/2026\/04\/Projeto-Marcos-Serrano-Miralles-Credito-da-foto-Douglas-Camargo-3--1024x1280.jpg 1024w, https:\/\/vimagazine.com.br\/wp-content\/uploads\/2026\/04\/Projeto-Marcos-Serrano-Miralles-Credito-da-foto-Douglas-Camargo-3-.jpg 1536w\" sizes=\"(max-width: 410px) 100vw, 410px\" \/><\/figure>\n\n\n\n<p><\/p>\n\n\n\n<p>O lavabo segue a identidade do restante do escrit\u00f3rio. As paredes recebem marcenaria combinada com papel de parede texturizado, criando uma composi\u00e7\u00e3o elegante e aconchegante. A cuba esculpida sob medida acompanha o recorte da parede: estreita, funda e feita em pedra, ela valoriza o desenho do espa\u00e7o. O rodap\u00e9 preto adiciona personalidade e conversa com os acess\u00f3rios, equilibrando o espa\u00e7o.<\/p>\n\n\n\n<p>Na sala de reuni\u00e3o, a impon\u00eancia aparece nos materiais. A mesa de m\u00e1rmore com p\u00e9 de madeira \u00e9 o grande destaque, cercada por cadeiras em couro marrom que refor\u00e7am a sensa\u00e7\u00e3o de sofistica\u00e7\u00e3o. Um aparador lateral apoia a rotina do ambiente, enquanto a obra de arte ganha protagonismo com ilumina\u00e7\u00e3o direcionada e recorte na parede. O LED no teto e a lumin\u00e1ria linear garantem ilumina\u00e7\u00e3o eficiente. A presen\u00e7a de uma parede de vidro amplia a percep\u00e7\u00e3o do ambiente, enquanto a outra, revestida em marcenaria com porta mimetizada, mant\u00e9m a harmonia visual. <\/p>\n\n\n\n<p><\/p>\n\n\n\n<p><\/p>\n\n\n\n<figure class=\"wp-block-image aligncenter size-large is-resized\"><img src=\"https:\/\/vimagazine.com.br\/wp-content\/uploads\/2026\/04\/Projeto-Marcos-Serrano-Miralles-Credito-da-foto-Douglas-Camargo-7--819x1024.jpg\" alt=\"\" class=\"wp-image-22706\" width=\"410\" height=\"512\" srcset=\"https:\/\/vimagazine.com.br\/wp-content\/uploads\/2026\/04\/Projeto-Marcos-Serrano-Miralles-Credito-da-foto-Douglas-Camargo-7--819x1024.jpg 819w, https:\/\/vimagazine.com.br\/wp-content\/uploads\/2026\/04\/Projeto-Marcos-Serrano-Miralles-Credito-da-foto-Douglas-Camargo-7--240x300.jpg 240w, https:\/\/vimagazine.com.br\/wp-content\/uploads\/2026\/04\/Projeto-Marcos-Serrano-Miralles-Credito-da-foto-Douglas-Camargo-7--768x960.jpg 768w, https:\/\/vimagazine.com.br\/wp-content\/uploads\/2026\/04\/Projeto-Marcos-Serrano-Miralles-Credito-da-foto-Douglas-Camargo-7--1229x1536.jpg 1229w, https:\/\/vimagazine.com.br\/wp-content\/uploads\/2026\/04\/Projeto-Marcos-Serrano-Miralles-Credito-da-foto-Douglas-Camargo-7--1024x1280.jpg 1024w, https:\/\/vimagazine.com.br\/wp-content\/uploads\/2026\/04\/Projeto-Marcos-Serrano-Miralles-Credito-da-foto-Douglas-Camargo-7-.jpg 1536w\" sizes=\"(max-width: 410px) 100vw, 410px\" \/><\/figure>\n\n\n\n<p><\/p>\n\n\n\n<p>A copa foi planejada para ser pr\u00e1tica e organizada. A marcenaria personalizada se integra ao m\u00e1rmore, criando uma composi\u00e7\u00e3o funcional e elegante. Os puxadores em formato concha acrescentam charme ao mobili\u00e1rio. A bancada para refei\u00e7\u00f5es r\u00e1pidas, acompanhada por duas banquetas, delimita bem o espa\u00e7o e garante fluidez na circula\u00e7\u00e3o.<\/p>\n\n\n\n<p><\/p>\n\n\n\n<p><\/p>\n\n\n\n<figure class=\"wp-block-image aligncenter size-large is-resized\"><img src=\"https:\/\/vimagazine.com.br\/wp-content\/uploads\/2026\/04\/Projeto-Marcos-Serrano-Miralles-Credito-da-foto-Douglas-Camargo-1--1024x683.jpg\" alt=\"\" class=\"wp-image-22708\" width=\"512\" height=\"342\" srcset=\"https:\/\/vimagazine.com.br\/wp-content\/uploads\/2026\/04\/Projeto-Marcos-Serrano-Miralles-Credito-da-foto-Douglas-Camargo-1--1024x683.jpg 1024w, https:\/\/vimagazine.com.br\/wp-content\/uploads\/2026\/04\/Projeto-Marcos-Serrano-Miralles-Credito-da-foto-Douglas-Camargo-1--300x200.jpg 300w, https:\/\/vimagazine.com.br\/wp-content\/uploads\/2026\/04\/Projeto-Marcos-Serrano-Miralles-Credito-da-foto-Douglas-Camargo-1--768x512.jpg 768w, https:\/\/vimagazine.com.br\/wp-content\/uploads\/2026\/04\/Projeto-Marcos-Serrano-Miralles-Credito-da-foto-Douglas-Camargo-1--1536x1024.jpg 1536w, https:\/\/vimagazine.com.br\/wp-content\/uploads\/2026\/04\/Projeto-Marcos-Serrano-Miralles-Credito-da-foto-Douglas-Camargo-1-.jpg 1920w\" sizes=\"(max-width: 512px) 100vw, 512px\" \/><\/figure>\n\n\n\n<p>J\u00e1 nas duas salas individuais, o projeto apresenta propostas distintas, mantendo a coer\u00eancia est\u00e9tica. Em uma delas, o tom marrom predomina nas paredes revestidas, no aparador lateral e nos acabamentos das cadeiras, criando um ambiente acolhedor e sofisticado. Na outra, o preto assume o protagonismo, marcando presen\u00e7a nas paredes, nos estofados, na lumin\u00e1ria e no p\u00e9 da mesa de m\u00e1rmore, resultando em um espa\u00e7o mais marcante e contempor\u00e2neo.<br><br><br><br>Fotos: Douglas Camargo<\/p>\n","protected":false},"excerpt":{"rendered":"<p>Com marcenaria protagonista, paleta sofisticada e ilumina\u00e7\u00e3o estrat\u00e9gica, escrit\u00f3rio combina funcionalidade e atmosfera acolhedora em&#8230;<\/p>\n","protected":false},"author":1,"featured_media":22709,"comment_status":"closed","ping_status":"open","sticky":false,"template":"","format":"standard","meta":{"om_disable_all_campaigns":false,"_monsterinsights_skip_tracking":false,"_monsterinsights_sitenote_active":false,"_monsterinsights_sitenote_note":"","_monsterinsights_sitenote_category":0,"spay_email":""},"categories":[1071],"tags":[1202,243,164,1201,1203],"jetpack_featured_media_url":"https:\/\/vimagazine.com.br\/wp-content\/uploads\/2026\/04\/Projeto-Marcos-Serrano-Miralles-Credito-da-foto-Douglas-Camargo-4-.jpg","_links":{"self":[{"href":"https:\/\/vimagazine.com.br\/index.php?rest_route=\/wp\/v2\/posts\/22704"}],"collection":[{"href":"https:\/\/vimagazine.com.br\/index.php?rest_route=\/wp\/v2\/posts"}],"about":[{"href":"https:\/\/vimagazine.com.br\/index.php?rest_route=\/wp\/v2\/types\/post"}],"author":[{"embeddable":true,"href":"https:\/\/vimagazine.com.br\/index.php?rest_route=\/wp\/v2\/users\/1"}],"replies":[{"embeddable":true,"href":"https:\/\/vimagazine.com.br\/index.php?rest_route=%2Fwp%2Fv2%2Fcomments&post=22704"}],"version-history":[{"count":2,"href":"https:\/\/vimagazine.com.br\/index.php?rest_route=\/wp\/v2\/posts\/22704\/revisions"}],"predecessor-version":[{"id":22711,"href":"https:\/\/vimagazine.com.br\/index.php?rest_route=\/wp\/v2\/posts\/22704\/revisions\/22711"}],"wp:featuredmedia":[{"embeddable":true,"href":"https:\/\/vimagazine.com.br\/index.php?rest_route=\/wp\/v2\/media\/22709"}],"wp:attachment":[{"href":"https:\/\/vimagazine.com.br\/index.php?rest_route=%2Fwp%2Fv2%2Fmedia&parent=22704"}],"wp:term":[{"taxonomy":"category","embeddable":true,"href":"https:\/\/vimagazine.com.br\/index.php?rest_route=%2Fwp%2Fv2%2Fcategories&post=22704"},{"taxonomy":"post_tag","embeddable":true,"href":"https:\/\/vimagazine.com.br\/index.php?rest_route=%2Fwp%2Fv2%2Ftags&post=22704"}],"curies":[{"name":"wp","href":"https:\/\/api.w.org\/{rel}","templated":true}]}}