{"id":22712,"date":"2026-04-29T13:44:01","date_gmt":"2026-04-29T16:44:01","guid":{"rendered":"https:\/\/vimagazine.com.br\/?p=22712"},"modified":"2026-04-29T13:44:03","modified_gmt":"2026-04-29T16:44:03","slug":"31a-festitalia-em-blumenau-sc-tera-cinco-ambientes-tematicos-em-2026","status":"publish","type":"post","link":"https:\/\/vimagazine.com.br\/?p=22712","title":{"rendered":"31\u00aa Festit\u00e1lia, em Blumenau (SC), ter\u00e1 cinco ambientes tem\u00e1ticos em 2026"},"content":{"rendered":"\n<p class=\"has-text-align-center has-medium-font-size\"><br><br><strong>Experi\u00eancias incluem entrada, mercado com produtos artesanais, camarote, grande pavilh\u00e3o com pontos gastron\u00f4micos e shows e um ambiente mais intimista, com pratos \u00e0 la carte e servi\u00e7os \u00e0 mesa. Evento vai de 11 a 21 de junho<\/strong><\/p>\n\n\n\n<p><\/p>\n\n\n\n<p>A 31\u00aa Festit\u00e1lia (@festitaliablumenau) acontece de 11 a 21 de junho, em Blumenau (SC). Entre as novidades dessa edi\u00e7\u00e3o da festa est\u00e1 a oferta de cinco ambientes tem\u00e1ticos, com diferentes experi\u00eancias para os visitantes do evento: La Passeggiata, Piazza del Mercatino, Gran Palco, Villaggio di Borgo e Camarote Plan B, dedicado \u00e0 cultura do vinho.&nbsp;<\/p>\n\n\n\n<p>De acordo com uma das organizadoras, Cristina Schmitt Miranda, a reorganiza\u00e7\u00e3o dos ambientes da 31\u00aa Festit\u00e1lia explora as possibilidades de experi\u00eancias ligadas \u00e0 cultura italiana, especialmente conectada \u00e0 imigra\u00e7\u00e3o. \u201cNa gastronomia, que \u00e9 um dos maiores atrativos da festa, o p\u00fablico poder\u00e1 optar entre uma experi\u00eancia de evento como habitualmente acontece no Parque Vila Germ\u00e2nica ou com um novo formato, com atendimento nas mesas e ambiente mais intimista\u201d, conta.&nbsp;<\/p>\n\n\n\n<p>\u201cJ\u00e1 na entrada e na \u00e1rea externa, estamos propondo \u00e1reas que falem tamb\u00e9m de outros aspectos da imigra\u00e7\u00e3o, como as fam\u00edlias que fazem parte da constru\u00e7\u00e3o do Vale Europeu, e os produtos artesanais, em uma esp\u00e9cie de feira ao ar livre\u201d, segue Cristina, que destaca, por fim, o camarote onde acontecem shows e um jantar<\/p>\n\n\n\n<p><\/p>\n\n\n\n<figure class=\"wp-block-image aligncenter size-large is-resized\"><img src=\"https:\/\/vimagazine.com.br\/wp-content\/uploads\/2026\/04\/Festitalia-260427-Vinho-2025-Credito-Divulgacao--1024x683.jpg\" alt=\"\" class=\"wp-image-22713\" width=\"512\" height=\"342\" srcset=\"https:\/\/vimagazine.com.br\/wp-content\/uploads\/2026\/04\/Festitalia-260427-Vinho-2025-Credito-Divulgacao--1024x683.jpg 1024w, https:\/\/vimagazine.com.br\/wp-content\/uploads\/2026\/04\/Festitalia-260427-Vinho-2025-Credito-Divulgacao--300x200.jpg 300w, https:\/\/vimagazine.com.br\/wp-content\/uploads\/2026\/04\/Festitalia-260427-Vinho-2025-Credito-Divulgacao--768x512.jpg 768w, https:\/\/vimagazine.com.br\/wp-content\/uploads\/2026\/04\/Festitalia-260427-Vinho-2025-Credito-Divulgacao--1536x1024.jpg 1536w, https:\/\/vimagazine.com.br\/wp-content\/uploads\/2026\/04\/Festitalia-260427-Vinho-2025-Credito-Divulgacao-.jpg 1920w\" sizes=\"(max-width: 512px) 100vw, 512px\" \/><\/figure>\n\n\n\n<p><\/p>\n\n\n\n<p class=\"has-medium-font-size\"><strong>\u00c1rea externa: La Passeggiata e Piazza del Mercatino&nbsp;<\/strong><\/p>\n\n\n\n<p>J\u00e1 na entrada, os visitantes viver\u00e3o La Passeggiata. A \u00e1rea que levar\u00e1 ao acesso aos pavilh\u00f5es do evento ter\u00e1 uma ambienta\u00e7\u00e3o que vai possibilitar a imers\u00e3o tanto no clima do evento quanto na hist\u00f3ria da festa e da imigra\u00e7\u00e3o. No espa\u00e7o, estar\u00e3o os mais de 2,5 mil sobrenomes de fam\u00edlias de origem italiana que colonizaram o Vale Europeu.&nbsp;<\/p>\n\n\n\n<p>A Piazza del Mercatino ser\u00e1 na \u00e1rea externa do Parque Vila Germ\u00e2nica, no Boulevard. O espa\u00e7o \u00e9 inspirado nas feiras de rua italianas e ter\u00e1 barracas com produtos artesanais conectados \u00e0 cultura europeia. O ambiente ter\u00e1 entrada gratuita e&nbsp; vai funcionar todos os dias, das 10h \u00e0s 22h. Embora a programa\u00e7\u00e3o nos pavilh\u00f5es da 31\u00aa Festit\u00e1lia seja de quarta a domingo, tamb\u00e9m nas segundas e ter\u00e7as o p\u00fablico poder\u00e1 visitar o Mercatino.<\/p>\n\n\n\n<p class=\"has-medium-font-size\"><strong>Dois ambientes, duas experi\u00eancias gastron\u00f4micas<\/strong><\/p>\n\n\n\n<p>A culin\u00e1ria \u00e9 um dos grandes destaques do evento. E, dedicados a ela, estar\u00e3o dois ambientes. Um, o Gran Palco, ter\u00e1 uma experi\u00eancia que une gastronomia e m\u00fasica. O espa\u00e7o ter\u00e1 23 restaurantes e mais de 100 pratos diferentes, que celebram os sabores dos imigrantes italianos e as inova\u00e7\u00f5es que aconteceram a partir do encontro com o Brasil. Tamb\u00e9m por l\u00e1 acontecem apresenta\u00e7\u00f5es musicais como o show de Luciano Bruno (dia 12 de junho), Le Farfalle (dia 18 de junho) e do tenor Paulo Paulilo e Orquestra (nos dias 19 e 20 de junho).&nbsp;<\/p>\n\n\n\n<p>J\u00e1 o Spaten Platz se transformar\u00e1 no Villaggio di Borgo. O espa\u00e7o ter\u00e1 cadeiras confort\u00e1veis, ambienta\u00e7\u00e3o intimista e tr\u00eas restaurantes que servir\u00e3o menus \u00e0 la carte, com servi\u00e7o de gar\u00e7ons. A trilha sonora ficar\u00e1 por conta de sonetos e duos, com destaque para a m\u00fasica rom\u00e2ntica italiana. A ideia \u00e9 oferecer a experi\u00eancia de um restaurante nas vielas italianas dentro da 31\u00aa Festit\u00e1lia.\u00a0<\/p>\n\n\n\n<p><\/p>\n\n\n\n<p><\/p>\n\n\n\n<figure class=\"wp-block-image aligncenter size-large is-resized\"><img src=\"https:\/\/vimagazine.com.br\/wp-content\/uploads\/2026\/04\/Festitalia-240623-Felice-Italia-Credito-Daniel-Zimmermann--1024x683.jpg\" alt=\"\" class=\"wp-image-22714\" width=\"512\" height=\"342\" srcset=\"https:\/\/vimagazine.com.br\/wp-content\/uploads\/2026\/04\/Festitalia-240623-Felice-Italia-Credito-Daniel-Zimmermann--1024x683.jpg 1024w, https:\/\/vimagazine.com.br\/wp-content\/uploads\/2026\/04\/Festitalia-240623-Felice-Italia-Credito-Daniel-Zimmermann--300x200.jpg 300w, https:\/\/vimagazine.com.br\/wp-content\/uploads\/2026\/04\/Festitalia-240623-Felice-Italia-Credito-Daniel-Zimmermann--768x512.jpg 768w, https:\/\/vimagazine.com.br\/wp-content\/uploads\/2026\/04\/Festitalia-240623-Felice-Italia-Credito-Daniel-Zimmermann--1536x1024.jpg 1536w, https:\/\/vimagazine.com.br\/wp-content\/uploads\/2026\/04\/Festitalia-240623-Felice-Italia-Credito-Daniel-Zimmermann-.jpg 1920w\" sizes=\"(max-width: 512px) 100vw, 512px\" \/><\/figure>\n\n\n\n<p><\/p>\n\n\n\n<p><\/p>\n\n\n\n<p><\/p>\n\n\n\n<p class=\"has-medium-font-size\"><strong>Camarote: cultura do vinho valorizada<\/strong><\/p>\n\n\n\n<p>O Camarote Plan B, que estreou em 2025, tamb\u00e9m receber\u00e1 o p\u00fablico este ano. Localizado no mezanino do Villaggio di Borgo, o espa\u00e7o ter\u00e1 um jantar harmonizado no Dia dos Namorados e nas sextas-feiras e s\u00e1bados ter\u00e1 uma programa\u00e7\u00e3o de shows das 22h \u00e0s 3h.&nbsp;<\/p>\n\n\n\n<p>A 31\u00aa Festit\u00e1lia \u00e9 uma realiza\u00e7\u00e3o do Minist\u00e9rio da Cultura (Lei Rouanet) e Lira Circolo Italiano di Blumenau, com apoio da Prefeitura de Blumenau e patroc\u00ednio de Havan, Kompr\u00e3o Koch Atacadista, Blumenau Ilumina\u00e7\u00e3o e Linhas C\u00edrculo. <\/p>\n\n\n\n<p><\/p>\n\n\n\n<figure class=\"wp-block-image aligncenter size-full is-resized\"><img src=\"https:\/\/vimagazine.com.br\/wp-content\/uploads\/2026\/04\/514885228aff04e65073846af634b309.png\" alt=\"\" class=\"wp-image-22716\" width=\"62\" height=\"25\"\/><\/figure>\n\n\n\n<p class=\"has-text-align-center\">Mais informa\u00e7\u00f5es est\u00e3o em\u00a0<a href=\"https:\/\/www.festitalia.com.br\/\" target=\"_blank\" rel=\"noreferrer noopener\">www.festitalia.com.br<\/a>.\u00a0<\/p>\n\n\n\n<p><\/p>\n\n\n\n<p><\/p>\n\n\n\n<p><\/p>\n","protected":false},"excerpt":{"rendered":"<p>Experi\u00eancias incluem entrada, mercado com produtos artesanais, camarote, grande pavilh\u00e3o com pontos gastron\u00f4micos e shows&#8230;<\/p>\n","protected":false},"author":1,"featured_media":22715,"comment_status":"closed","ping_status":"open","sticky":false,"template":"","format":"standard","meta":{"om_disable_all_campaigns":false,"_monsterinsights_skip_tracking":false,"_monsterinsights_sitenote_active":false,"_monsterinsights_sitenote_note":"","_monsterinsights_sitenote_category":0,"spay_email":""},"categories":[1],"tags":[146,1206,1205,1208,1207,1209,1204,1041],"jetpack_featured_media_url":"https:\/\/vimagazine.com.br\/wp-content\/uploads\/2026\/04\/Festitalia-260427-Gastronomia-2025-Credito-Divulgacao-.jpg","_links":{"self":[{"href":"https:\/\/vimagazine.com.br\/index.php?rest_route=\/wp\/v2\/posts\/22712"}],"collection":[{"href":"https:\/\/vimagazine.com.br\/index.php?rest_route=\/wp\/v2\/posts"}],"about":[{"href":"https:\/\/vimagazine.com.br\/index.php?rest_route=\/wp\/v2\/types\/post"}],"author":[{"embeddable":true,"href":"https:\/\/vimagazine.com.br\/index.php?rest_route=\/wp\/v2\/users\/1"}],"replies":[{"embeddable":true,"href":"https:\/\/vimagazine.com.br\/index.php?rest_route=%2Fwp%2Fv2%2Fcomments&post=22712"}],"version-history":[{"count":1,"href":"https:\/\/vimagazine.com.br\/index.php?rest_route=\/wp\/v2\/posts\/22712\/revisions"}],"predecessor-version":[{"id":22717,"href":"https:\/\/vimagazine.com.br\/index.php?rest_route=\/wp\/v2\/posts\/22712\/revisions\/22717"}],"wp:featuredmedia":[{"embeddable":true,"href":"https:\/\/vimagazine.com.br\/index.php?rest_route=\/wp\/v2\/media\/22715"}],"wp:attachment":[{"href":"https:\/\/vimagazine.com.br\/index.php?rest_route=%2Fwp%2Fv2%2Fmedia&parent=22712"}],"wp:term":[{"taxonomy":"category","embeddable":true,"href":"https:\/\/vimagazine.com.br\/index.php?rest_route=%2Fwp%2Fv2%2Fcategories&post=22712"},{"taxonomy":"post_tag","embeddable":true,"href":"https:\/\/vimagazine.com.br\/index.php?rest_route=%2Fwp%2Fv2%2Ftags&post=22712"}],"curies":[{"name":"wp","href":"https:\/\/api.w.org\/{rel}","templated":true}]}}