{"id":22718,"date":"2026-04-29T13:59:00","date_gmt":"2026-04-29T16:59:00","guid":{"rendered":"https:\/\/vimagazine.com.br\/?p=22718"},"modified":"2026-04-29T13:59:02","modified_gmt":"2026-04-29T16:59:02","slug":"moveis-com-memoria-afetiva-ganham-espaco-na-decoracao-e-refletem-nova-forma-de-morar","status":"publish","type":"post","link":"https:\/\/vimagazine.com.br\/?p=22718","title":{"rendered":"M\u00f3veis com mem\u00f3ria afetiva ganham espa\u00e7o na decora\u00e7\u00e3o e refletem nova forma de morar"},"content":{"rendered":"\n<p><\/p>\n\n\n\n<p><\/p>\n\n\n\n<p class=\"has-text-align-center has-medium-font-size\"><em><strong>Pe\u00e7as herdadas e itens garimpados transformam os ambientes e refor\u00e7am a identidade nos projetos de arquitetura e decora\u00e7\u00e3o<\/strong><\/em><\/p>\n\n\n\n<p><\/p>\n\n\n\n<p>Decorar uma casa est\u00e1 cada vez mais pr\u00f3ximo da mem\u00f3ria afetiva de cada um. Existe um movimento que \u00e9 crescente na busca por m\u00f3veis que j\u00e1 viveram outras hist\u00f3rias, seja por heran\u00e7a familiar ou por achados em feiras e antiqu\u00e1rios, criando ambientes que revelam quem mora ali de forma mais verdadeira e pr\u00f3xima do cotidiano.<\/p>\n\n\n\n<p>Cristaleiras, buffets e c\u00f4modas voltam a ocupar \u00e1reas de estar com nova fun\u00e7\u00e3o, agora integradas \u00e0 rotina e n\u00e3o restritas a espa\u00e7os formais. Essas pe\u00e7as deixam de ser apenas utilit\u00e1rias e passam a guardar lembran\u00e7as, como lou\u00e7as antigas, fotografias e objetos que atravessam gera\u00e7\u00f5es. A estante segue pelo mesmo caminho e re\u00fane livros, registros de viagens e itens afetivos, formando uma esp\u00e9cie de arquivo pessoal dentro de casa.<\/p>\n\n\n\n<p>M\u00f3veis de madeira maci\u00e7a, mesas de jantar amplas e poltronas confort\u00e1veis ganham destaque ao lado de itens atuais, criando uma composi\u00e7\u00e3o que equilibra passado e presente sem esfor\u00e7o. A mistura n\u00e3o busca perfei\u00e7\u00e3o est\u00e9tica, mas coer\u00eancia com a hist\u00f3ria de quem vive no espa\u00e7o.<br><br><br><br><\/p>\n\n\n\n<figure class=\"wp-block-image aligncenter size-large is-resized\"><img src=\"https:\/\/vimagazine.com.br\/wp-content\/uploads\/2026\/04\/Cristaleira-Vitria-charme-natural-para-salas-com-alma-127807-129717-683x1024.jpg\" alt=\"\" class=\"wp-image-22719\" width=\"342\" height=\"512\" srcset=\"https:\/\/vimagazine.com.br\/wp-content\/uploads\/2026\/04\/Cristaleira-Vitria-charme-natural-para-salas-com-alma-127807-129717-683x1024.jpg 683w, https:\/\/vimagazine.com.br\/wp-content\/uploads\/2026\/04\/Cristaleira-Vitria-charme-natural-para-salas-com-alma-127807-129717-200x300.jpg 200w, https:\/\/vimagazine.com.br\/wp-content\/uploads\/2026\/04\/Cristaleira-Vitria-charme-natural-para-salas-com-alma-127807-129717.jpg 736w\" sizes=\"(max-width: 342px) 100vw, 342px\" \/><\/figure>\n\n\n\n<p><\/p>\n\n\n\n<p>A tend\u00eancia se baseia no princ\u00edpio de que os m\u00f3veis de fam\u00edlia carregam um valor que n\u00e3o se mede apenas pelo material, mas pela trajet\u00f3ria que representam, funcionando como pontos de continuidade entre diferentes gera\u00e7\u00f5es. \u201cQuando uma pe\u00e7a entra na casa, ela n\u00e3o chega vazia. Existe uma mem\u00f3ria ali, um uso anterior, uma marca que faz sentido para quem escolhe manter aquilo por perto. Misturar o novo com o que j\u00e1 existia \u00e9 uma forma natural de construir identidade e dar continuidade \u00e0s hist\u00f3rias no lar\u201d, afirma Daniela Costa, psic\u00f3loga e CEO da Homedock, e-commerce de m\u00f3veis e decora\u00e7\u00f5es para a casa.<\/p>\n\n\n\n<p>A presen\u00e7a dessas pe\u00e7as tamb\u00e9m muda a forma como os ambientes s\u00e3o utilizados. A mesa de jantar deixa de ser apenas um local de refei\u00e7\u00f5es e passa a concentrar encontros prolongados. A poltrona convida \u00e0 perman\u00eancia, enquanto o buffet organiza e, ao mesmo tempo, exp\u00f5e hist\u00f3rias. Cada m\u00f3vel assume um papel que vai al\u00e9m da fun\u00e7\u00e3o pr\u00e1tica e se conecta com as experi\u00eancias vividas.<\/p>\n\n\n\n<p>Essa nova percep\u00e7\u00e3o evidencia uma mudan\u00e7a no comportamento de consumo e na forma de morar, a casa passa a ser constru\u00edda ao longo do tempo, com escolhas que carregam significado. O resultado aparece em ambientes mais pessoais, onde cada m\u00f3vel contribui para contar uma hist\u00f3ria que segue em constru\u00e7\u00e3o.<\/p>\n\n\n\n<p>\u201cA busca por pe\u00e7as com mem\u00f3ria mostra que o valor do mobili\u00e1rio est\u00e1 cada vez mais ligado \u00e0 experi\u00eancia que ele carrega. Nesse processo, o novo n\u00e3o substitui o antigo, mas convive com ele, criando espa\u00e7os que refletem trajet\u00f3rias reais e conectam diferentes momentos da vida em um mesmo lugar\u201d, finaliza Raphael Capuzi, gerente de produto da Homedock.<\/p>\n\n\n\n<p><\/p>\n\n\n\n<figure class=\"wp-container-2 wp-block-gallery-1 wp-block-gallery has-nested-images columns-default is-cropped\">\n<figure class=\"wp-block-image size-large\"><img width=\"736\" height=\"736\" data-id=\"22720\"  src=\"https:\/\/vimagazine.com.br\/wp-content\/uploads\/2026\/04\/10024-Comoda-Ander-3-Gavetas-Design-Sofisticado-para-Seu-Lar-128156.jpg\" alt=\"\" class=\"wp-image-22720\" srcset=\"https:\/\/vimagazine.com.br\/wp-content\/uploads\/2026\/04\/10024-Comoda-Ander-3-Gavetas-Design-Sofisticado-para-Seu-Lar-128156.jpg 736w, https:\/\/vimagazine.com.br\/wp-content\/uploads\/2026\/04\/10024-Comoda-Ander-3-Gavetas-Design-Sofisticado-para-Seu-Lar-128156-300x300.jpg 300w, https:\/\/vimagazine.com.br\/wp-content\/uploads\/2026\/04\/10024-Comoda-Ander-3-Gavetas-Design-Sofisticado-para-Seu-Lar-128156-150x150.jpg 150w\" sizes=\"(max-width: 736px) 100vw, 736px\" \/><\/figure>\n\n\n\n<figure class=\"wp-block-image size-large\"><img width=\"736\" height=\"1104\" data-id=\"22721\"  src=\"https:\/\/vimagazine.com.br\/wp-content\/uploads\/2026\/04\/Poltrona-Giratoria-Maia-Caramelo-conforto-e-tons-quentes-para-um-living-acolhedor-127810-129681.jpg\" alt=\"\" class=\"wp-image-22721\" srcset=\"https:\/\/vimagazine.com.br\/wp-content\/uploads\/2026\/04\/Poltrona-Giratoria-Maia-Caramelo-conforto-e-tons-quentes-para-um-living-acolhedor-127810-129681.jpg 736w, https:\/\/vimagazine.com.br\/wp-content\/uploads\/2026\/04\/Poltrona-Giratoria-Maia-Caramelo-conforto-e-tons-quentes-para-um-living-acolhedor-127810-129681-200x300.jpg 200w, https:\/\/vimagazine.com.br\/wp-content\/uploads\/2026\/04\/Poltrona-Giratoria-Maia-Caramelo-conforto-e-tons-quentes-para-um-living-acolhedor-127810-129681-683x1024.jpg 683w\" sizes=\"(max-width: 736px) 100vw, 736px\" \/><\/figure>\n<\/figure>\n\n\n\n<p><\/p>\n\n\n\n<p><\/p>\n\n\n\n<figure class=\"wp-block-image aligncenter size-large is-resized\"><img src=\"https:\/\/vimagazine.com.br\/wp-content\/uploads\/2026\/04\/Sala-de-jantar-com-alma-madeira-luz-natural-e-design-atemporal-128156-1--684x1024.jpg\" alt=\"\" class=\"wp-image-22723\" width=\"342\" height=\"512\" srcset=\"https:\/\/vimagazine.com.br\/wp-content\/uploads\/2026\/04\/Sala-de-jantar-com-alma-madeira-luz-natural-e-design-atemporal-128156-1--684x1024.jpg 684w, https:\/\/vimagazine.com.br\/wp-content\/uploads\/2026\/04\/Sala-de-jantar-com-alma-madeira-luz-natural-e-design-atemporal-128156-1--200x300.jpg 200w, https:\/\/vimagazine.com.br\/wp-content\/uploads\/2026\/04\/Sala-de-jantar-com-alma-madeira-luz-natural-e-design-atemporal-128156-1-.jpg 735w\" sizes=\"(max-width: 342px) 100vw, 342px\" \/><\/figure>\n\n\n\n<p><\/p>\n\n\n\n<p><\/p>\n\n\n\n<p class=\"has-medium-font-size\"><strong>Sobre a empresa:<\/strong>\u00a0<\/p>\n\n\n\n<p style=\"font-size:15px\"><br>A Homedock \u00e9 uma marca brasileira de m\u00f3veis e decora\u00e7\u00e3o que une curadoria, design e tecnologia para transformar ambientes. Fundada em 2013, atua no formato de e-commerce, oferecendo mais de 750 produtos com pronta entrega em todo o Brasil. Com foco na experi\u00eancia do cliente e na democratiza\u00e7\u00e3o do \u201cmorar bem\u201d, a Homedock acredita que um lar incr\u00edvel \u00e9 um direito de muitos e n\u00e3o um privil\u00e9gio de poucos e no papel da casa como um instrumento de cura para a sociedade.\u00a0<\/p>\n\n\n\n<p style=\"font-size:15px\">Mais de 3.300 munic\u00edpios j\u00e1 foram atendidos pela Homedock nos 27 estados brasileiros. Cole\u00e7\u00f5es exclusivas que traduzem estilo e contemporaneidade s\u00e3o o grande diferencial da Homedock. <\/p>\n\n\n\n<p style=\"font-size:15px\">@homedock<\/p>\n","protected":false},"excerpt":{"rendered":"<p>Pe\u00e7as herdadas e itens garimpados transformam os ambientes e refor\u00e7am a identidade nos projetos de&#8230;<\/p>\n","protected":false},"author":1,"featured_media":22722,"comment_status":"closed","ping_status":"open","sticky":false,"template":"","format":"standard","meta":{"om_disable_all_campaigns":false,"_monsterinsights_skip_tracking":false,"_monsterinsights_sitenote_active":false,"_monsterinsights_sitenote_note":"","_monsterinsights_sitenote_category":0,"spay_email":""},"categories":[1071],"tags":[],"jetpack_featured_media_url":"https:\/\/vimagazine.com.br\/wp-content\/uploads\/2026\/04\/Cristaleira-branca-com-vidro-charme-natural-para-uma-casa-com-alma-128156-1.jpg","_links":{"self":[{"href":"https:\/\/vimagazine.com.br\/index.php?rest_route=\/wp\/v2\/posts\/22718"}],"collection":[{"href":"https:\/\/vimagazine.com.br\/index.php?rest_route=\/wp\/v2\/posts"}],"about":[{"href":"https:\/\/vimagazine.com.br\/index.php?rest_route=\/wp\/v2\/types\/post"}],"author":[{"embeddable":true,"href":"https:\/\/vimagazine.com.br\/index.php?rest_route=\/wp\/v2\/users\/1"}],"replies":[{"embeddable":true,"href":"https:\/\/vimagazine.com.br\/index.php?rest_route=%2Fwp%2Fv2%2Fcomments&post=22718"}],"version-history":[{"count":1,"href":"https:\/\/vimagazine.com.br\/index.php?rest_route=\/wp\/v2\/posts\/22718\/revisions"}],"predecessor-version":[{"id":22724,"href":"https:\/\/vimagazine.com.br\/index.php?rest_route=\/wp\/v2\/posts\/22718\/revisions\/22724"}],"wp:featuredmedia":[{"embeddable":true,"href":"https:\/\/vimagazine.com.br\/index.php?rest_route=\/wp\/v2\/media\/22722"}],"wp:attachment":[{"href":"https:\/\/vimagazine.com.br\/index.php?rest_route=%2Fwp%2Fv2%2Fmedia&parent=22718"}],"wp:term":[{"taxonomy":"category","embeddable":true,"href":"https:\/\/vimagazine.com.br\/index.php?rest_route=%2Fwp%2Fv2%2Fcategories&post=22718"},{"taxonomy":"post_tag","embeddable":true,"href":"https:\/\/vimagazine.com.br\/index.php?rest_route=%2Fwp%2Fv2%2Ftags&post=22718"}],"curies":[{"name":"wp","href":"https:\/\/api.w.org\/{rel}","templated":true}]}}