{"id":22726,"date":"2026-04-29T20:09:59","date_gmt":"2026-04-29T23:09:59","guid":{"rendered":"https:\/\/vimagazine.com.br\/?p=22726"},"modified":"2026-04-29T20:10:01","modified_gmt":"2026-04-29T23:10:01","slug":"thiago-de-moraes-produz-sabedoria-e-conhecimento-atraves-da-palavra","status":"publish","type":"post","link":"https:\/\/vimagazine.com.br\/?p=22726","title":{"rendered":"Thiago de Moraes produz sabedoria e conhecimento atrav\u00e9s da palavra"},"content":{"rendered":"\n<p>Com uma carreira mete\u00f3rica, Thiago de Moraes constr\u00f3i sua hist\u00f3ria diariamente por meio do vasto conhecimento que emana de sua mente brilhante.<\/p>\n\n\n\n<p>Dono de uma trajet\u00f3ria marcada pela resili\u00eancia, o professor, jurista, cientista pol\u00edtico, escritor e jornalista segue incans\u00e1vel em sua atua\u00e7\u00e3o no cen\u00e1rio cultural e social. Suas ideias fervilham e ganham forma em artigos amplamente divulgados em diversos portais da imprensa, refletindo sua vis\u00e3o profunda e contempor\u00e2nea.<\/p>\n\n\n\n<p>Ativista dos direitos humanos e presidente da Funda\u00e7\u00e3o Justi\u00e7a Solid\u00e1ria, Thiago amplia agora sua atua\u00e7\u00e3o ao lan\u00e7ar consultorias voltadas ao p\u00fablico interessado em compreender as complexidades do mundo atual. Com insights poderosos, ele orienta  empres\u00e1rios e todos aqueles que buscam respostas para os desafios contempor\u00e2neos.<\/p>\n\n\n\n<p>Em breve, suas redes sociais ser\u00e3o o canal direto para o p\u00fablico conhecer e interagir com esse novo momento de sua trajet\u00f3ria \u2014 uma etapa marcada ainda mais pelo compartilhamento de conhecimento e sabedoria.<\/p>\n\n\n\n<p>Polivalente, Thiago de Moraes acumula experi\u00eancia em campanhas pol\u00edticas, palestras empresariais e aulas magnas. Sua atua\u00e7\u00e3o tamb\u00e9m se estende ao ensino m\u00e9dio, \u00e0 prepara\u00e7\u00e3o para concursos p\u00fablicos e exames como OAB e CRC, al\u00e9m do trabalho como psicopedagogo, auxiliando jovens na jornada rumo ao vestibular.<\/p>\n\n\n\n<p><a href=\"https:\/\/www.instagram.com\/thiagodemoraesoficial_\/\">https:\/\/www.instagram.com\/thiagodemoraesoficial_\/<\/a><\/p>\n","protected":false},"excerpt":{"rendered":"<p>Com uma carreira mete\u00f3rica, Thiago de Moraes constr\u00f3i sua hist\u00f3ria diariamente por meio do vasto&#8230;<\/p>\n","protected":false},"author":19,"featured_media":22728,"comment_status":"closed","ping_status":"open","sticky":false,"template":"","format":"standard","meta":{"om_disable_all_campaigns":false,"_monsterinsights_skip_tracking":false,"_monsterinsights_sitenote_active":false,"_monsterinsights_sitenote_note":"","_monsterinsights_sitenote_category":0,"spay_email":""},"categories":[1],"tags":[],"jetpack_featured_media_url":"https:\/\/vimagazine.com.br\/wp-content\/uploads\/2026\/04\/31515090-1.jpg","_links":{"self":[{"href":"https:\/\/vimagazine.com.br\/index.php?rest_route=\/wp\/v2\/posts\/22726"}],"collection":[{"href":"https:\/\/vimagazine.com.br\/index.php?rest_route=\/wp\/v2\/posts"}],"about":[{"href":"https:\/\/vimagazine.com.br\/index.php?rest_route=\/wp\/v2\/types\/post"}],"author":[{"embeddable":true,"href":"https:\/\/vimagazine.com.br\/index.php?rest_route=\/wp\/v2\/users\/19"}],"replies":[{"embeddable":true,"href":"https:\/\/vimagazine.com.br\/index.php?rest_route=%2Fwp%2Fv2%2Fcomments&post=22726"}],"version-history":[{"count":1,"href":"https:\/\/vimagazine.com.br\/index.php?rest_route=\/wp\/v2\/posts\/22726\/revisions"}],"predecessor-version":[{"id":22729,"href":"https:\/\/vimagazine.com.br\/index.php?rest_route=\/wp\/v2\/posts\/22726\/revisions\/22729"}],"wp:featuredmedia":[{"embeddable":true,"href":"https:\/\/vimagazine.com.br\/index.php?rest_route=\/wp\/v2\/media\/22728"}],"wp:attachment":[{"href":"https:\/\/vimagazine.com.br\/index.php?rest_route=%2Fwp%2Fv2%2Fmedia&parent=22726"}],"wp:term":[{"taxonomy":"category","embeddable":true,"href":"https:\/\/vimagazine.com.br\/index.php?rest_route=%2Fwp%2Fv2%2Fcategories&post=22726"},{"taxonomy":"post_tag","embeddable":true,"href":"https:\/\/vimagazine.com.br\/index.php?rest_route=%2Fwp%2Fv2%2Ftags&post=22726"}],"curies":[{"name":"wp","href":"https:\/\/api.w.org\/{rel}","templated":true}]}}