{"id":22730,"date":"2026-04-30T09:39:40","date_gmt":"2026-04-30T12:39:40","guid":{"rendered":"https:\/\/vimagazine.com.br\/?p=22730"},"modified":"2026-04-30T09:39:41","modified_gmt":"2026-04-30T12:39:41","slug":"felipe-ferrari-lancam-soh-pancada","status":"publish","type":"post","link":"https:\/\/vimagazine.com.br\/?p=22730","title":{"rendered":"Felipe &#038; Ferrari lan\u00e7am \u201cSoh Pancada\u201d"},"content":{"rendered":"\n<h1><strong>Felipe &amp; Ferrari anunciam \u201cSoh Pancada\u201d, novo projeto audiovisual com estrat\u00e9gia de expans\u00e3o internacional<\/strong><\/h1>\n\n\n\n<p><em><strong>A consagrada dupla sertaneja anuncia o lan\u00e7amento de \u201cSoh Pancada\u201d, seu mais novo projeto audiovisual, desenvolvido para ampliar o alcance da m\u00fasica sertaneja no Brasil e no mercado internacional.<\/strong><\/em><\/p>\n\n\n\n<p>A iniciativa marca uma nova fase na carreira da dupla, com foco em performance ao vivo, inova\u00e7\u00e3o musical e estrat\u00e9gia de internacionaliza\u00e7\u00e3o.<\/p>\n\n\n\n<h3><strong>Uma nova fase art\u00edstica<\/strong><\/h3>\n\n\n\n<p>\u201cSoh Pancada\u201d representa a evolu\u00e7\u00e3o do trabalho de Felipe &amp; Ferrari, reunindo faixas in\u00e9ditas que combinam o romantismo caracter\u00edstico da dupla com batidas mais modernas, din\u00e2micas e voltadas ao entretenimento ao vivo. O projeto aposta em uma sonoridade mais expansiva, pensada para grandes audi\u00eancias e experi\u00eancias de palco.<\/p>\n\n\n\n<p>Com uma trajet\u00f3ria consolidada por sucessos como \u201cA Carta de Larissa\u201d e \u201cA Menina de Fone\u201d, a dupla refor\u00e7a, neste novo trabalho, sua capacidade de se reinventar sem perder a identidade que a consagrou no cen\u00e1rio sertanejo.<\/p>\n\n\n\n<h3><strong>Projeto com vis\u00e3o global<\/strong><\/h3>\n\n\n\n<p>Desenvolvido desde sua concep\u00e7\u00e3o com foco em escala, \u201cSoh Pancada\u201d nasce como um projeto audiovisual com estrat\u00e9gia de expans\u00e3o internacional, visando alcan\u00e7ar p\u00fablicos al\u00e9m do Brasil, com destaque para o mercado norte-americano, europeu e tamb\u00e9m comunidades latinas.<\/p>\n\n\n\n<p>A proposta \u00e9 conectar o sertanejo contempor\u00e2neo a formatos globais de entretenimento, ampliando sua presen\u00e7a em circuitos de shows, plataformas digitais e experi\u00eancias ao vivo fora do pa\u00eds.<\/p>\n\n\n\n<h3><strong>Colabora\u00e7\u00f5es e for\u00e7a de repert\u00f3rio<\/strong><\/h3>\n\n\n\n<p>O projeto conta com participa\u00e7\u00f5es especiais de nomes consagrados do g\u00eanero. Assim, as&nbsp;colabora\u00e7\u00f5es ampliam o alcance art\u00edstico do projeto, agregando diferentes estilos e fortalecendo o repert\u00f3rio com nomes de forte reconhecimento no mercado.<\/p>\n\n\n\n<figure class=\"wp-block-image aligncenter\"><img src=\"https:\/\/namidia.com.br\/wp-content\/uploads\/2026\/04\/IMG-20260427-WA0026-267x400.jpg\" alt=\"Felipe &amp; Ferrari anunciam \u201cSoh Pancada\u201d\" class=\"wp-image-149413\" title=\"Felipe &amp; Ferrari anunciam \u201cSoh Pancada\u201d\"\/><\/figure>\n\n\n\n<h3><strong>Sobre Felipe &amp; Ferrari<\/strong><\/h3>\n\n\n\n<p>Com mais de uma d\u00e9cada de carreira, se consolidaram como uma das duplas de destaque do sertanejo contempor\u00e2neo. A saber, reconhecidos por suas harmonias vocais, repert\u00f3rio marcante e forte presen\u00e7a de palco. Igualmente, acumulam milh\u00f5es de ouvintes e uma trajet\u00f3ria consistente na ind\u00fastria musical brasileira.<\/p>\n\n\n\n<h4>S\u00edntese<\/h4>\n\n\n\n<p>\u201cSoh Pancada\u201d posiciona <a href=\"https:\/\/www.felipeeferrari.com.br\/\" target=\"_blank\" rel=\"noreferrer noopener\">Felipe &amp; Ferrari<\/a> em uma nova etapa de sua carreira. Em outras palavras, aliando produ\u00e7\u00e3o audiovisual, inova\u00e7\u00e3o musical e estrat\u00e9gia internacional. Assim, com o objetivo de expandir o alcance do sertanejo e fortalecer sua presen\u00e7a em novos mercados.<\/p>\n","protected":false},"excerpt":{"rendered":"<p>Felipe &amp; Ferrari anunciam \u201cSoh Pancada\u201d, novo projeto audiovisual com estrat\u00e9gia de expans\u00e3o internacional A&#8230;<\/p>\n","protected":false},"author":40,"featured_media":22731,"comment_status":"closed","ping_status":"open","sticky":false,"template":"","format":"standard","meta":{"om_disable_all_campaigns":false,"_monsterinsights_skip_tracking":false,"_monsterinsights_sitenote_active":false,"_monsterinsights_sitenote_note":"","_monsterinsights_sitenote_category":0,"spay_email":""},"categories":[26],"tags":[1211],"jetpack_featured_media_url":"https:\/\/vimagazine.com.br\/wp-content\/uploads\/2026\/04\/Screenshot_20260429_185819_Drive.jpg","_links":{"self":[{"href":"https:\/\/vimagazine.com.br\/index.php?rest_route=\/wp\/v2\/posts\/22730"}],"collection":[{"href":"https:\/\/vimagazine.com.br\/index.php?rest_route=\/wp\/v2\/posts"}],"about":[{"href":"https:\/\/vimagazine.com.br\/index.php?rest_route=\/wp\/v2\/types\/post"}],"author":[{"embeddable":true,"href":"https:\/\/vimagazine.com.br\/index.php?rest_route=\/wp\/v2\/users\/40"}],"replies":[{"embeddable":true,"href":"https:\/\/vimagazine.com.br\/index.php?rest_route=%2Fwp%2Fv2%2Fcomments&post=22730"}],"version-history":[{"count":1,"href":"https:\/\/vimagazine.com.br\/index.php?rest_route=\/wp\/v2\/posts\/22730\/revisions"}],"predecessor-version":[{"id":22732,"href":"https:\/\/vimagazine.com.br\/index.php?rest_route=\/wp\/v2\/posts\/22730\/revisions\/22732"}],"wp:featuredmedia":[{"embeddable":true,"href":"https:\/\/vimagazine.com.br\/index.php?rest_route=\/wp\/v2\/media\/22731"}],"wp:attachment":[{"href":"https:\/\/vimagazine.com.br\/index.php?rest_route=%2Fwp%2Fv2%2Fmedia&parent=22730"}],"wp:term":[{"taxonomy":"category","embeddable":true,"href":"https:\/\/vimagazine.com.br\/index.php?rest_route=%2Fwp%2Fv2%2Fcategories&post=22730"},{"taxonomy":"post_tag","embeddable":true,"href":"https:\/\/vimagazine.com.br\/index.php?rest_route=%2Fwp%2Fv2%2Ftags&post=22730"}],"curies":[{"name":"wp","href":"https:\/\/api.w.org\/{rel}","templated":true}]}}