{"id":22764,"date":"2026-04-30T13:34:47","date_gmt":"2026-04-30T16:34:47","guid":{"rendered":"https:\/\/vimagazine.com.br\/?p=22764"},"modified":"2026-04-30T13:34:48","modified_gmt":"2026-04-30T16:34:48","slug":"total-look-e-superficies-sensoriais-ganham-forca-e-reposicionam-o-revestimento-nos-projetos-em-2026","status":"publish","type":"post","link":"https:\/\/vimagazine.com.br\/?p=22764","title":{"rendered":"Total-look e superf\u00edcies sensoriais ganham for\u00e7a e reposicionam o revestimento nos projetos em 2026"},"content":{"rendered":"\n<p><\/p>\n\n\n\n<p><\/p>\n\n\n\n<p class=\"has-medium-font-size\"><em><strong>Cole\u00e7\u00e3o apresentada pela Decortiles durante a Tile Week traduz a busca do setor por materialidade, coer\u00eancia visual e experi\u00eancias mais autorais nos espa\u00e7os<\/strong><\/em><\/p>\n\n\n\n<p><\/p>\n\n\n\n<p>&nbsp;Em um momento em que arquitetura e design de interiores ampliam o foco em autoria, emo\u00e7\u00e3o, bem-estar e materialidade, os revestimentos passam a ocupar um papel mais estrat\u00e9gico nos projetos, deixando de funcionar apenas como acabamento para atuar como linguagem visual e sensorial do espa\u00e7o. \u00c9 nesse contexto que a&nbsp;<strong>Decortiles<\/strong>, marca premium de revestimentos, apresenta oficialmente seus Lan\u00e7amentos 2026 no Espa\u00e7o Decortiles, dentro da Casa Brasil, durante a Tile Week, com um portf\u00f3lio de mais de&nbsp;<strong>150 produtos distribu\u00eddos em 20 s\u00e9ries<\/strong>, j\u00e1 dispon\u00edveis ao mercado.<\/p>\n\n\n\n<p>A cole\u00e7\u00e3o refor\u00e7a dois movimentos em evid\u00eancia no setor: a consolida\u00e7\u00e3o do total-look, conceito em que pisos, paredes e demais superf\u00edcies compartilham a mesma linguagem est\u00e9tica para criar ambientes mais coesos e imersivos, e o avan\u00e7o de revestimentos com mais textura, profundidade e apelo t\u00e1til. Dados da Anfacer mostram que o Brasil \u00e9 hoje o terceiro maior produtor e o terceiro maior consumidor mundial de revestimentos cer\u00e2micos, o que ajuda a dimensionar o peso desse mercado no pa\u00eds.<\/p>\n\n\n\n<p>Em vez de tratar a superf\u00edcie como elemento secund\u00e1rio, a nova cole\u00e7\u00e3o parte da reinterpreta\u00e7\u00e3o de mat\u00e9rias primordiais, como pedra, argila, concreto, madeira e minerais, para construir narrativas arquitet\u00f4nicas mais expressivas. O conceito \u201cViva o Singular\u201d, que orienta os lan\u00e7amentos, se apoia justamente nessa leitura da mat\u00e9ria como origem do design e como instrumento de diferencia\u00e7\u00e3o dos ambientes.<\/p>\n\n\n\n<p><\/p>\n\n\n\n<p><\/p>\n\n\n\n<figure class=\"wp-block-image aligncenter size-large is-resized\"><img src=\"https:\/\/vimagazine.com.br\/wp-content\/uploads\/2026\/04\/6648-mohawk-3-1024x1024.jpg\" alt=\"\" class=\"wp-image-22765\" width=\"512\" height=\"512\" srcset=\"https:\/\/vimagazine.com.br\/wp-content\/uploads\/2026\/04\/6648-mohawk-3-1024x1024.jpg 1024w, https:\/\/vimagazine.com.br\/wp-content\/uploads\/2026\/04\/6648-mohawk-3-300x300.jpg 300w, https:\/\/vimagazine.com.br\/wp-content\/uploads\/2026\/04\/6648-mohawk-3-150x150.jpg 150w, https:\/\/vimagazine.com.br\/wp-content\/uploads\/2026\/04\/6648-mohawk-3-768x768.jpg 768w, https:\/\/vimagazine.com.br\/wp-content\/uploads\/2026\/04\/6648-mohawk-3.jpg 1280w\" sizes=\"(max-width: 512px) 100vw, 512px\" \/><\/figure>\n\n\n\n<p><\/p>\n\n\n\n<p><\/p>\n\n\n\n<p><br><br>Segundo<strong>\u00a0Eduardo Boselo, coordenador de design e portf\u00f3lio da Decortiles<\/strong>, a proposta da cole\u00e7\u00e3o acompanha uma mudan\u00e7a no modo como arquitetos e consumidores passaram a pensar os espa\u00e7os. \u201cAo criar atmosferas imersivas, a est\u00e9tica total-look contribui para que cada superf\u00edcie conte a hist\u00f3ria em um conjunto integrado de ideias. S\u00e9ries como Bresse, Flotan, Seidon, Ludo, Canva, Arco e Cubo foram concebidas com essa nova tend\u00eancia, onde a mat\u00e9ria se expande do ch\u00e3o \u00e0s paredes, n\u00e3o como repeti\u00e7\u00e3o, mas como desdobramento natural de um mesmo conceito\u201d, afirma.<br><br>A discuss\u00e3o ganha import\u00e2ncia em um ano em que a arquitetura e o design v\u00eam sendo atravessados por temas como continuidade cultural, experi\u00eancia sensorial e novas rela\u00e7\u00f5es entre espa\u00e7o e indiv\u00edduo. Na cobertura recente do setor, macrotend\u00eancias para 2026 destacam autoria, emo\u00e7\u00e3o e bem-estar, enquanto feiras de decora\u00e7\u00e3o e revestimentos refor\u00e7am a demanda por texturas, aspecto natural e solu\u00e7\u00f5es que valorizam a percep\u00e7\u00e3o t\u00e1til e a organicidade dos materiais.<br><br>Entre os destaques do portf\u00f3lio est\u00e3o as s\u00e9ries Ludo e Canva, que exploram vazio, luz e ritmo em cobog\u00f3s voltados especialmente para fachadas e composi\u00e7\u00f5es arquitet\u00f4nicas; Arco e Cubo, produzidos em cer\u00e2mica extrudada, com desenho autoral que equilibra linhas retas e curvas; e Seidon, desenvolvida para propostas de total-look em \u00e1reas externas, piscinas e espa\u00e7os de bem-estar, unindo t\u00e9cnica e continuidade visual. O conjunto inclui ainda releituras de m\u00e1rmores, pedras, argilas, cimentos, cottos e zelliges, aproximando o repert\u00f3rio da marca de uma est\u00e9tica mais natural e sensorial.<\/p>\n\n\n\n<p><\/p>\n\n\n\n<figure class=\"wp-block-image aligncenter size-large is-resized\"><img src=\"https:\/\/vimagazine.com.br\/wp-content\/uploads\/2026\/04\/6648-mohawk-2-681x1024.jpg\" alt=\"\" class=\"wp-image-22766\" width=\"341\" height=\"512\" srcset=\"https:\/\/vimagazine.com.br\/wp-content\/uploads\/2026\/04\/6648-mohawk-2-681x1024.jpg 681w, https:\/\/vimagazine.com.br\/wp-content\/uploads\/2026\/04\/6648-mohawk-2-199x300.jpg 199w, https:\/\/vimagazine.com.br\/wp-content\/uploads\/2026\/04\/6648-mohawk-2-768x1155.jpg 768w, https:\/\/vimagazine.com.br\/wp-content\/uploads\/2026\/04\/6648-mohawk-2.jpg 851w\" sizes=\"(max-width: 341px) 100vw, 341px\" \/><\/figure>\n\n\n\n<p><\/p>\n\n\n\n<p><\/p>\n\n\n\n<p><br><br>Outro eixo importante da cole\u00e7\u00e3o \u00e9 a tecnologia Atmos 3D, aplicada para ampliar a percep\u00e7\u00e3o de profundidade, sincronismo visual e realismo t\u00e1til das superf\u00edcies. Em vez de apostar apenas no impacto visual, a proposta busca tornar a experi\u00eancia com o revestimento mais din\u00e2mica e mais individual, alinhada \u00e0 crescente valoriza\u00e7\u00e3o de materiais que produzem presen\u00e7a, atmosfera e identidade nos ambientes.<br><br>Para\u00a0<strong>Boselo<\/strong>, esse avan\u00e7o ajuda a reposicionar o papel do revestimento no projeto contempor\u00e2neo. \u201cQuando o design volta o olhar para a mat\u00e9ria, ele reafirma que a ess\u00eancia tamb\u00e9m pode ser singular. Mais do que acompanhar tend\u00eancias, buscamos criar superf\u00edcies que permitam aos arquitetos construir espa\u00e7os com inten\u00e7\u00e3o, continuidade e personalidade\u201d, diz.<br><br>Com isso, os Lan\u00e7amentos 2026 da Decortiles se inserem em uma movimenta\u00e7\u00e3o mais ampla do setor, na qual o revestimento deixa de ser apenas escolha t\u00e9cnica ou decorativa para participar de forma mais decisiva da experi\u00eancia arquitet\u00f4nica.<\/p>\n\n\n\n<p><strong>Sobre a Decorlites<\/strong><\/p>\n\n\n\n<p>A Decortiles \u00e9 uma marca brasileira de revestimentos cer\u00e2micos voltada ao segmento premium, reconhecida por unir design autoral, inova\u00e7\u00e3o t\u00e9cnica e apuro est\u00e9tico em solu\u00e7\u00f5es para arquitetura e interiores. Com foco em superf\u00edcies que v\u00e3o al\u00e9m do revestimento tradicional, a empresa desenvolve porcelanatos e cole\u00e7\u00f5es que dialogam com tend\u00eancias contempor\u00e2neas, valorizam a materialidade e ampliam as possibilidades de aplica\u00e7\u00e3o em projetos residenciais, corporativos e comerciais, mantendo forte proximidade com arquitetos, designers e especificadores.<\/p>\n\n\n\n<p><\/p>\n\n\n\n<figure class=\"wp-block-image aligncenter size-full is-resized\"><img src=\"https:\/\/vimagazine.com.br\/wp-content\/uploads\/2026\/04\/brand.png\" alt=\"\" class=\"wp-image-22768\" width=\"94\" height=\"14\"\/><\/figure>\n\n\n\n<p class=\"has-text-align-center\"><a href=\"https:\/\/www.decortiles.com\/\">https:\/\/www.decortiles.com\/<\/a><\/p>\n\n\n\n<p><\/p>\n","protected":false},"excerpt":{"rendered":"<p>Cole\u00e7\u00e3o apresentada pela Decortiles durante a Tile Week traduz a busca do setor por materialidade,&#8230;<\/p>\n","protected":false},"author":1,"featured_media":22767,"comment_status":"closed","ping_status":"open","sticky":false,"template":"","format":"standard","meta":{"om_disable_all_campaigns":false,"_monsterinsights_skip_tracking":false,"_monsterinsights_sitenote_active":false,"_monsterinsights_sitenote_note":"","_monsterinsights_sitenote_category":0,"spay_email":""},"categories":[1071],"tags":[],"jetpack_featured_media_url":"https:\/\/vimagazine.com.br\/wp-content\/uploads\/2026\/04\/6648-mohawk.jpg","_links":{"self":[{"href":"https:\/\/vimagazine.com.br\/index.php?rest_route=\/wp\/v2\/posts\/22764"}],"collection":[{"href":"https:\/\/vimagazine.com.br\/index.php?rest_route=\/wp\/v2\/posts"}],"about":[{"href":"https:\/\/vimagazine.com.br\/index.php?rest_route=\/wp\/v2\/types\/post"}],"author":[{"embeddable":true,"href":"https:\/\/vimagazine.com.br\/index.php?rest_route=\/wp\/v2\/users\/1"}],"replies":[{"embeddable":true,"href":"https:\/\/vimagazine.com.br\/index.php?rest_route=%2Fwp%2Fv2%2Fcomments&post=22764"}],"version-history":[{"count":1,"href":"https:\/\/vimagazine.com.br\/index.php?rest_route=\/wp\/v2\/posts\/22764\/revisions"}],"predecessor-version":[{"id":22769,"href":"https:\/\/vimagazine.com.br\/index.php?rest_route=\/wp\/v2\/posts\/22764\/revisions\/22769"}],"wp:featuredmedia":[{"embeddable":true,"href":"https:\/\/vimagazine.com.br\/index.php?rest_route=\/wp\/v2\/media\/22767"}],"wp:attachment":[{"href":"https:\/\/vimagazine.com.br\/index.php?rest_route=%2Fwp%2Fv2%2Fmedia&parent=22764"}],"wp:term":[{"taxonomy":"category","embeddable":true,"href":"https:\/\/vimagazine.com.br\/index.php?rest_route=%2Fwp%2Fv2%2Fcategories&post=22764"},{"taxonomy":"post_tag","embeddable":true,"href":"https:\/\/vimagazine.com.br\/index.php?rest_route=%2Fwp%2Fv2%2Ftags&post=22764"}],"curies":[{"name":"wp","href":"https:\/\/api.w.org\/{rel}","templated":true}]}}