{"id":22770,"date":"2026-04-30T13:52:26","date_gmt":"2026-04-30T16:52:26","guid":{"rendered":"https:\/\/vimagazine.com.br\/?p=22770"},"modified":"2026-04-30T13:52:27","modified_gmt":"2026-04-30T16:52:27","slug":"mestre-por-tras-da-restauracao-dos-vitrais-de-notre-dame-vem-ao-brasil-propor-uma-nova-leitura-para-a-arquitetura","status":"publish","type":"post","link":"https:\/\/vimagazine.com.br\/?p=22770","title":{"rendered":"Mestre por tr\u00e1s da restaura\u00e7\u00e3o dos vitrais de Notre-Dame vem ao Brasil propor uma nova leitura para a arquitetura"},"content":{"rendered":"\n<p><\/p>\n\n\n\n<p class=\"has-text-align-center has-medium-font-size\"><em><strong>Jean M\u00f4ne, vitralista franc\u00eas respons\u00e1vel por obras ic\u00f4nicas como a Catedral de Notre-Dame e a c\u00fapula da Galeries Lafayette, desembarca no pa\u00eds para dialogar com arquitetos sobre o uso da luz como elemento estrutural, n\u00e3o decorativo<\/strong><\/em><\/p>\n\n\n\n<p><\/p>\n\n\n\n<p>A forma como a luz \u00e9 tratada dentro da arquitetura pode estar passando por uma virada silenciosa e o Brasil entra nesse radar. Na \u00faltima semana de abril, o mestre vidraceiro franc\u00eas Jean M\u00f4ne, \u00e0 frente do ateli\u00ea Vitrail Saint-Georges (fundado em 1852), vem ao pa\u00eds com uma proposta que desloca o vidro e o vitral do lugar ornamental para o centro do projeto arquitet\u00f4nico. Respons\u00e1vel por trabalhos emblem\u00e1ticos como a restaura\u00e7\u00e3o dos vitrais da Catedral de Notre-Dame de Paris e da c\u00fapula da Galeries Lafayette, ele defende uma abordagem em que a luz deixa de ser efeito e passa a ser mat\u00e9ria construtiva.<\/p>\n\n\n\n<p>\u201cEm muitos lugares, a luz ainda \u00e9 tratada como um dado t\u00e9cnico. No Brasil, ela me parece quase uma presen\u00e7a cultural, que interfere no humor do espa\u00e7o e na forma de habitar. E \u00e9 exatamente a\u00ed que o meu trabalho come\u00e7a\u201d, afirma.<\/p>\n\n\n\n<p>Por meio da ON\/ME, sua frente de cria\u00e7\u00e3o contempor\u00e2nea, Jean desenvolve divis\u00f3rias luminosas sob medida que atuam como elementos arquitet\u00f4nicos, estruturando ambientes, filtrando a luz natural intensa e equilibrando transpar\u00eancia e privacidade.<\/p>\n\n\n\n<p>A proposta ganha ainda mais for\u00e7a no contexto brasileiro, onde a arquitetura valoriza a integra\u00e7\u00e3o entre interior e exterior e a abund\u00e2ncia de luz natural. Segundo ele, existe tamb\u00e9m uma conex\u00e3o hist\u00f3rica pouco explorada: no s\u00e9culo XIX, muitos vitrais de igrejas brasileiras foram produzidos na Fran\u00e7a, revelando uma troca cultural que agora pode ser retomada sob uma linguagem contempor\u00e2nea.<\/p>\n\n\n\n<p>\u201cN\u00e3o se trata de repetir o passado, mas de continuar esse di\u00e1logo de forma viva, ao lado de arquitetos e designers que est\u00e3o pensando os espa\u00e7os de hoje.\u201d<\/p>\n\n\n\n<p><\/p>\n\n\n\n<p><\/p>\n\n\n\n<p><\/p>\n\n\n\n<figure class=\"wp-block-image aligncenter size-full is-resized\"><img src=\"https:\/\/vimagazine.com.br\/wp-content\/uploads\/2026\/04\/on-me-2.jpg\" alt=\"\" class=\"wp-image-22771\" width=\"426\" height=\"278\" srcset=\"https:\/\/vimagazine.com.br\/wp-content\/uploads\/2026\/04\/on-me-2.jpg 851w, https:\/\/vimagazine.com.br\/wp-content\/uploads\/2026\/04\/on-me-2-300x196.jpg 300w, https:\/\/vimagazine.com.br\/wp-content\/uploads\/2026\/04\/on-me-2-768x501.jpg 768w\" sizes=\"(max-width: 426px) 100vw, 426px\" \/><\/figure>\n\n\n\n<p><\/p>\n\n\n\n<p>A passagem de Jean M\u00f4ne pelo Brasil n\u00e3o \u00e9 apenas uma agenda institucional, mas parte de uma estrat\u00e9gia estruturada de entrada no mercado brasileiro. A opera\u00e7\u00e3o \u00e9 conduzida pela Intrust Associates, empresa especializada em internacionaliza\u00e7\u00e3o de neg\u00f3cios, que atua como ponte entre marcas globais e o mercado local, desde a adapta\u00e7\u00e3o da proposta ao contexto brasileiro at\u00e9 a estrutura\u00e7\u00e3o e gest\u00e3o da opera\u00e7\u00e3o no pa\u00eds.<\/p>\n\n\n\n<p>No caso da ON\/ME, isso se traduz na introdu\u00e7\u00e3o de uma abordagem que prop\u00f5e repensar o papel da luz desde as etapas iniciais do projeto, como um elemento estruturante, no mesmo n\u00edvel de paredes, aberturas e circula\u00e7\u00f5es.<br><br><\/p>\n\n\n\n<p class=\"has-small-font-size\">Imagnes: Divulga\u00e7\u00e3o<br><br><br><\/p>\n","protected":false},"excerpt":{"rendered":"<p>Jean M\u00f4ne, vitralista franc\u00eas respons\u00e1vel por obras ic\u00f4nicas como a Catedral de Notre-Dame e a&#8230;<\/p>\n","protected":false},"author":1,"featured_media":22772,"comment_status":"closed","ping_status":"open","sticky":false,"template":"","format":"standard","meta":{"om_disable_all_campaigns":false,"_monsterinsights_skip_tracking":false,"_monsterinsights_sitenote_active":false,"_monsterinsights_sitenote_note":"","_monsterinsights_sitenote_category":0,"spay_email":""},"categories":[1071],"tags":[],"jetpack_featured_media_url":"https:\/\/vimagazine.com.br\/wp-content\/uploads\/2026\/04\/on-me-1-1-.jpg","_links":{"self":[{"href":"https:\/\/vimagazine.com.br\/index.php?rest_route=\/wp\/v2\/posts\/22770"}],"collection":[{"href":"https:\/\/vimagazine.com.br\/index.php?rest_route=\/wp\/v2\/posts"}],"about":[{"href":"https:\/\/vimagazine.com.br\/index.php?rest_route=\/wp\/v2\/types\/post"}],"author":[{"embeddable":true,"href":"https:\/\/vimagazine.com.br\/index.php?rest_route=\/wp\/v2\/users\/1"}],"replies":[{"embeddable":true,"href":"https:\/\/vimagazine.com.br\/index.php?rest_route=%2Fwp%2Fv2%2Fcomments&post=22770"}],"version-history":[{"count":1,"href":"https:\/\/vimagazine.com.br\/index.php?rest_route=\/wp\/v2\/posts\/22770\/revisions"}],"predecessor-version":[{"id":22773,"href":"https:\/\/vimagazine.com.br\/index.php?rest_route=\/wp\/v2\/posts\/22770\/revisions\/22773"}],"wp:featuredmedia":[{"embeddable":true,"href":"https:\/\/vimagazine.com.br\/index.php?rest_route=\/wp\/v2\/media\/22772"}],"wp:attachment":[{"href":"https:\/\/vimagazine.com.br\/index.php?rest_route=%2Fwp%2Fv2%2Fmedia&parent=22770"}],"wp:term":[{"taxonomy":"category","embeddable":true,"href":"https:\/\/vimagazine.com.br\/index.php?rest_route=%2Fwp%2Fv2%2Fcategories&post=22770"},{"taxonomy":"post_tag","embeddable":true,"href":"https:\/\/vimagazine.com.br\/index.php?rest_route=%2Fwp%2Fv2%2Ftags&post=22770"}],"curies":[{"name":"wp","href":"https:\/\/api.w.org\/{rel}","templated":true}]}}