{"id":2365,"date":"2022-01-08T18:34:18","date_gmt":"2022-01-08T21:34:18","guid":{"rendered":"https:\/\/vimagazine.com.br\/?p=2365"},"modified":"2022-01-08T18:34:21","modified_gmt":"2022-01-08T21:34:21","slug":"maestro-joao-carlos-e-maria-bethania-na-abertura-da-nova-casa-de-espetaculo-qualistage-na-barra-dia-15-de-janeiro","status":"publish","type":"post","link":"https:\/\/vimagazine.com.br\/?p=2365","title":{"rendered":"MAESTRO JO\u00c3O CARLOS e MARIA BETH\u00c2NIA na abertura da nova casa de espet\u00e1culo QUALISTAGE, na Barra. Dia 15 de janeiro"},"content":{"rendered":"\n<p>O Qualistage, ex-Metropolitan, reabre suas portas em grande estilo. Com o espet\u00e1culo&nbsp;&#8220;Jo\u00e3o Carlos Martins e Maria Beth\u00e2nia In Concert &#8211; de Beethoven a Beth\u00e2nia&#8221;. Os ingressos para&nbsp;a abertura no dia&nbsp;15 de janeiro de 2022 j\u00e1 esgotaram, mas uma segunda data est\u00e1 dispon\u00edvel, no dia 16 (domingo).<\/p>\n\n\n\n<p>A oportunidade de assistir dois grandes \u00edcones da m\u00fasica no mesmo palco \u00e9 para poucos e \u00fanica na vida. A atra\u00e7\u00e3o presenteia os espectadores com o encontro entre o maestro Jo\u00e3o Carlos Martins e a cantora Maria Beth\u00e2nia: dois nomes consagrados da m\u00fasica brasileira&nbsp;em um show imperd\u00edvel. Grandes sucessos da carreira da cantora ter\u00e3o arranjos musicais feitos exclusivamente pela Orquestra Bachiana e com o Maestro como regente.<\/p>\n\n\n\n<p>O conceito do show est\u00e1&nbsp;alinhado a uma velha miss\u00e3o: A democratiza\u00e7\u00e3o da m\u00fasica cl\u00e1ssica no pa\u00eds por meio de uma uni\u00e3o in\u00e9dita de diferentes estilos acompanhados por uma orquestra composta por m\u00fasicos da mais alta qualidade.<\/p>\n\n\n\n<p>Show: Maestro Jo\u00e3o Carlos Martins e Maria Beth\u00e2nia&nbsp;In Concert \u201cDe Beethoven a Beth\u00e2nia\u201d<br>Local: Qualistage&nbsp;Av Ayrton Senna, 3000 &#8211; Barra da Tijuca &#8211; Rio de JaneiroDatas: 15 e 16 de janeiro (s\u00e1bado e domingo)Abertura da casa: 18h30 (s\u00e1bado) \/ 18h (domingo)<br>In\u00edcio do show: 20h30 (s\u00e1bado) \/ 20h (domingo)<br>Censura: 14 anos<a href=\"https:\/\/qualistage.com.br\/\" rel=\"noreferrer noopener\" target=\"_blank\">https:\/\/qualistage.com.br\/<\/a>Venda de&nbsp;ingressos pelo site da&nbsp;Eventim&nbsp;&#8211;&nbsp;<a href=\"https:\/\/www.eventim.com.br\/\" rel=\"noreferrer noopener\" target=\"_blank\">https:\/\/www.eventim.com.br<\/a>&nbsp;ou nas bilheterias do Qualistage.&nbsp;<br>Informa\u00e7\u00f5es:&nbsp;<a href=\"mailto:bilheteria@qualistage.com.br\" rel=\"noreferrer noopener\" target=\"_blank\">bilheteria@qualistage.com.br<\/a>&nbsp;O pre\u00e7o varia entre R$ 110,00 e R$ 580,00A&nbsp;casa&nbsp;seguir\u00e1&nbsp;todos os protocolos de seguran\u00e7a, exigindo comprovante de vacina\u00e7\u00e3o e uso de m\u00e1scaras, como disponibilizado \u00e1lcool em gel.&nbsp;O&nbsp;local ser\u00e1 periodicamente higienizado. Tudo para garantir a divers\u00e3o com seguran\u00e7a.<br>Capacidade: 9 mil pessoas em p\u00e9 ou 3.500 sentadas<\/p>\n\n\n\n<p><strong>QUALISTAGE\u00a0\u00a0<\/strong>Qualistage, novo complexo de espet\u00e1culos no Rio de Janeiro\u00a0(local onde funcionou o emblem\u00e1tico Metropolitan,\u00a0cujas atividades haviam sido encerradas durante a pandemia),\u00a0palco hist\u00f3rico se\u00a0torna\u00a0casa de espet\u00e1culos multiuso, localizado\u00a0no Via Parque Shopping, na Barra da Tijuca.\u00a0<br>Com capacidade para acomodar, confortavelmente, 9 mil pessoas em p\u00e9 ou 3.500 sentadas, com diversas configura\u00e7\u00f5es poss\u00edveis. Com essa flexibilidade, receber\u00e1 shows, espet\u00e1culos de teatro, dan\u00e7a, musicais, palestras e competi\u00e7\u00f5es de e-sports para atrair todo tipo de p\u00fablico, al\u00e9m de uma novidade: um est\u00fadio de 100 metros quadrados atr\u00e1s do palco, onde poder\u00e3o ser gravadas entrevistas, campanhas publicit\u00e1rias e outras atividades.<br>Qualistage recebe\u00a0ainda no 1\u00ba m\u00eas do ano, Lulu Santos;\u00a0Israel\u00a0&amp; Rodolffo;\u00a0Elba Ramalho e Padre F\u00e1bio de Melo. Em Fevereiro: Thiaguinho; Martinho da Vila e Vila Isabel; Mundo Bita;\u00a0Jorge Vercillo.\u00a0A agenda j\u00e1 tem confirmado Rodrigo Teaser no Tributo ao Rei do Pop, Maria Rita com Samba da Maria, entre outros. Shows internacionais com A-ha e Greta Van Fleet. Uma\u00a0verdadeira\u00a0retomada com grandes\u00a0shows no Rio de Janeiro, afinal, a cidade merece.<\/p>\n\n\n\n<p>BT Assessoria de Comunica\u00e7\u00e3o&nbsp;<\/p>\n\n\n\n<p>Bianca Teixeira &#8211;\u00a0<a href=\"mailto:biancateixeira@btcom.com.br\" rel=\"noreferrer noopener\" target=\"_blank\">biancateixeira@btcom.com.br<\/a>\u00a0<\/p>\n\n\n\n<p>Alana\u00a0Saenen\u00a0&#8211;\u00a0<a href=\"mailto:alanasaenen@btcom.com.br\" rel=\"noreferrer noopener\" target=\"_blank\">alanasaenen@btcom.com.br<\/a>\u00a0<\/p>\n\n\n\n<p>Karen Benevides &#8211;\u00a0<a href=\"mailto:karenbenevides@btcom.com.br\" rel=\"noreferrer noopener\" target=\"_blank\">karenbenevides@btcom.com.br<\/a>\u00a0<\/p>\n\n\n\n<p>Rozangela Silva\u00a0&#8211;\u00a0<a href=\"mailto:rozangelasilva@btcom.com.br\" rel=\"noreferrer noopener\" target=\"_blank\">rozangelasilva@btcom.com.br<\/a>\u00a0<\/p>\n\n\n\n<p><a href=\"http:\/\/www.bt.com.br\/\" rel=\"noreferrer noopener\" target=\"_blank\">www.btcom.com.br<\/a>\u202f| @btcomunicacao\u00a0<\/p>\n\n\n\n<figure class=\"wp-block-image size-large\"><img width=\"1024\" height=\"979\" src=\"https:\/\/vimagazine.com.br\/wp-content\/uploads\/2022\/01\/Maria-Bethania-HORZ-1-foto-Jorge-Bispo-1024x979.jpg\" alt=\"\" class=\"wp-image-2367\" srcset=\"https:\/\/vimagazine.com.br\/wp-content\/uploads\/2022\/01\/Maria-Bethania-HORZ-1-foto-Jorge-Bispo-1024x979.jpg 1024w, https:\/\/vimagazine.com.br\/wp-content\/uploads\/2022\/01\/Maria-Bethania-HORZ-1-foto-Jorge-Bispo-300x287.jpg 300w, https:\/\/vimagazine.com.br\/wp-content\/uploads\/2022\/01\/Maria-Bethania-HORZ-1-foto-Jorge-Bispo-768x734.jpg 768w, https:\/\/vimagazine.com.br\/wp-content\/uploads\/2022\/01\/Maria-Bethania-HORZ-1-foto-Jorge-Bispo-1536x1469.jpg 1536w, https:\/\/vimagazine.com.br\/wp-content\/uploads\/2022\/01\/Maria-Bethania-HORZ-1-foto-Jorge-Bispo.jpg 1920w\" sizes=\"(max-width: 1024px) 100vw, 1024px\" \/><\/figure>\n\n\n\n<figure class=\"wp-block-image size-large\"><img width=\"683\" height=\"1024\" src=\"https:\/\/vimagazine.com.br\/wp-content\/uploads\/2022\/01\/Maestro-abertura-do-Qualistage-683x1024.jpg\" alt=\"\" class=\"wp-image-2368\" srcset=\"https:\/\/vimagazine.com.br\/wp-content\/uploads\/2022\/01\/Maestro-abertura-do-Qualistage-683x1024.jpg 683w, https:\/\/vimagazine.com.br\/wp-content\/uploads\/2022\/01\/Maestro-abertura-do-Qualistage-200x300.jpg 200w, https:\/\/vimagazine.com.br\/wp-content\/uploads\/2022\/01\/Maestro-abertura-do-Qualistage-768x1152.jpg 768w, https:\/\/vimagazine.com.br\/wp-content\/uploads\/2022\/01\/Maestro-abertura-do-Qualistage-1024x1536.jpg 1024w, https:\/\/vimagazine.com.br\/wp-content\/uploads\/2022\/01\/Maestro-abertura-do-Qualistage.jpg 1280w\" sizes=\"(max-width: 683px) 100vw, 683px\" \/><\/figure>\n","protected":false},"excerpt":{"rendered":"<p>O Qualistage, ex-Metropolitan, reabre suas portas em grande estilo. Com o espet\u00e1culo&nbsp;&#8220;Jo\u00e3o Carlos Martins e&#8230;<\/p>\n","protected":false},"author":3,"featured_media":2366,"comment_status":"closed","ping_status":"open","sticky":false,"template":"","format":"standard","meta":{"om_disable_all_campaigns":false,"_monsterinsights_skip_tracking":false,"_monsterinsights_sitenote_active":false,"_monsterinsights_sitenote_note":"","_monsterinsights_sitenote_category":0,"spay_email":""},"categories":[1],"tags":[],"jetpack_featured_media_url":"https:\/\/vimagazine.com.br\/wp-content\/uploads\/2022\/01\/db456efc-cd4c-44f1-a0ca-0dd57991a981-e1641677414915.jpg","_links":{"self":[{"href":"https:\/\/vimagazine.com.br\/index.php?rest_route=\/wp\/v2\/posts\/2365"}],"collection":[{"href":"https:\/\/vimagazine.com.br\/index.php?rest_route=\/wp\/v2\/posts"}],"about":[{"href":"https:\/\/vimagazine.com.br\/index.php?rest_route=\/wp\/v2\/types\/post"}],"author":[{"embeddable":true,"href":"https:\/\/vimagazine.com.br\/index.php?rest_route=\/wp\/v2\/users\/3"}],"replies":[{"embeddable":true,"href":"https:\/\/vimagazine.com.br\/index.php?rest_route=%2Fwp%2Fv2%2Fcomments&post=2365"}],"version-history":[{"count":1,"href":"https:\/\/vimagazine.com.br\/index.php?rest_route=\/wp\/v2\/posts\/2365\/revisions"}],"predecessor-version":[{"id":2369,"href":"https:\/\/vimagazine.com.br\/index.php?rest_route=\/wp\/v2\/posts\/2365\/revisions\/2369"}],"wp:featuredmedia":[{"embeddable":true,"href":"https:\/\/vimagazine.com.br\/index.php?rest_route=\/wp\/v2\/media\/2366"}],"wp:attachment":[{"href":"https:\/\/vimagazine.com.br\/index.php?rest_route=%2Fwp%2Fv2%2Fmedia&parent=2365"}],"wp:term":[{"taxonomy":"category","embeddable":true,"href":"https:\/\/vimagazine.com.br\/index.php?rest_route=%2Fwp%2Fv2%2Fcategories&post=2365"},{"taxonomy":"post_tag","embeddable":true,"href":"https:\/\/vimagazine.com.br\/index.php?rest_route=%2Fwp%2Fv2%2Ftags&post=2365"}],"curies":[{"name":"wp","href":"https:\/\/api.w.org\/{rel}","templated":true}]}}