{"id":2370,"date":"2022-01-08T20:33:27","date_gmt":"2022-01-08T23:33:27","guid":{"rendered":"https:\/\/vimagazine.com.br\/?p=2370"},"modified":"2022-01-08T20:33:31","modified_gmt":"2022-01-08T23:33:31","slug":"joana-faz-show-em-angra-dos-reis","status":"publish","type":"post","link":"https:\/\/vimagazine.com.br\/?p=2370","title":{"rendered":"Joana faz show em Angra Dos Reis"},"content":{"rendered":"\n<p>Cantora Joana se apresentou nesta manh\u00e3 de quinta-feira no anivers\u00e1rio da cidade de Angra dos Reis logo ap\u00f3s a missa campal em homenagem ao dia de Reis. O evento patrocinado pela Secret\u00e1ria Estadual de Cultura e do Munic\u00edpio pelos cuidados do secret\u00e1rio de Cultura e Patrim\u00f4nio Andrei Lara.<\/p>\n\n\n\n<p>Fonte: Assessoria:  Fred Pontes<\/p>\n\n\n\n<figure class=\"wp-block-image size-large\"><img width=\"1024\" height=\"695\" src=\"https:\/\/vimagazine.com.br\/wp-content\/uploads\/2022\/01\/a6ed549d-2c94-4c31-94dc-83ee1e8a1279-1024x695.jpg\" alt=\"\" class=\"wp-image-2372\" srcset=\"https:\/\/vimagazine.com.br\/wp-content\/uploads\/2022\/01\/a6ed549d-2c94-4c31-94dc-83ee1e8a1279-1024x695.jpg 1024w, https:\/\/vimagazine.com.br\/wp-content\/uploads\/2022\/01\/a6ed549d-2c94-4c31-94dc-83ee1e8a1279-300x204.jpg 300w, https:\/\/vimagazine.com.br\/wp-content\/uploads\/2022\/01\/a6ed549d-2c94-4c31-94dc-83ee1e8a1279-768x521.jpg 768w, https:\/\/vimagazine.com.br\/wp-content\/uploads\/2022\/01\/a6ed549d-2c94-4c31-94dc-83ee1e8a1279.jpg 1280w\" sizes=\"(max-width: 1024px) 100vw, 1024px\" \/><\/figure>\n\n\n\n<figure class=\"wp-block-image size-large\"><img width=\"1024\" height=\"771\" src=\"https:\/\/vimagazine.com.br\/wp-content\/uploads\/2022\/01\/6acb979c-851a-4e0a-b75c-6b50e615a99e-1024x771.jpg\" alt=\"\" class=\"wp-image-2373\" srcset=\"https:\/\/vimagazine.com.br\/wp-content\/uploads\/2022\/01\/6acb979c-851a-4e0a-b75c-6b50e615a99e-1024x771.jpg 1024w, https:\/\/vimagazine.com.br\/wp-content\/uploads\/2022\/01\/6acb979c-851a-4e0a-b75c-6b50e615a99e-300x226.jpg 300w, https:\/\/vimagazine.com.br\/wp-content\/uploads\/2022\/01\/6acb979c-851a-4e0a-b75c-6b50e615a99e-768x578.jpg 768w, https:\/\/vimagazine.com.br\/wp-content\/uploads\/2022\/01\/6acb979c-851a-4e0a-b75c-6b50e615a99e-1536x1157.jpg 1536w, https:\/\/vimagazine.com.br\/wp-content\/uploads\/2022\/01\/6acb979c-851a-4e0a-b75c-6b50e615a99e.jpg 1540w\" sizes=\"(max-width: 1024px) 100vw, 1024px\" \/><\/figure>\n\n\n\n<figure class=\"wp-block-image size-large\"><img width=\"1024\" height=\"771\" src=\"https:\/\/vimagazine.com.br\/wp-content\/uploads\/2022\/01\/dab3fc2b-c312-41cd-b524-0b3f7a508729-1024x771.jpg\" alt=\"\" class=\"wp-image-2374\" srcset=\"https:\/\/vimagazine.com.br\/wp-content\/uploads\/2022\/01\/dab3fc2b-c312-41cd-b524-0b3f7a508729-1024x771.jpg 1024w, https:\/\/vimagazine.com.br\/wp-content\/uploads\/2022\/01\/dab3fc2b-c312-41cd-b524-0b3f7a508729-300x226.jpg 300w, https:\/\/vimagazine.com.br\/wp-content\/uploads\/2022\/01\/dab3fc2b-c312-41cd-b524-0b3f7a508729-768x578.jpg 768w, https:\/\/vimagazine.com.br\/wp-content\/uploads\/2022\/01\/dab3fc2b-c312-41cd-b524-0b3f7a508729-1536x1157.jpg 1536w, https:\/\/vimagazine.com.br\/wp-content\/uploads\/2022\/01\/dab3fc2b-c312-41cd-b524-0b3f7a508729.jpg 1540w\" sizes=\"(max-width: 1024px) 100vw, 1024px\" \/><\/figure>\n","protected":false},"excerpt":{"rendered":"<p>Cantora Joana se apresentou nesta manh\u00e3 de quinta-feira no anivers\u00e1rio da cidade de Angra dos&#8230;<\/p>\n","protected":false},"author":3,"featured_media":2371,"comment_status":"closed","ping_status":"open","sticky":false,"template":"","format":"standard","meta":{"om_disable_all_campaigns":false,"_monsterinsights_skip_tracking":false,"_monsterinsights_sitenote_active":false,"_monsterinsights_sitenote_note":"","_monsterinsights_sitenote_category":0,"spay_email":""},"categories":[1],"tags":[],"jetpack_featured_media_url":"https:\/\/vimagazine.com.br\/wp-content\/uploads\/2022\/01\/61744fc9-16e1-4375-98c0-17b1fc03eb81-e1641684629680.jpg","_links":{"self":[{"href":"https:\/\/vimagazine.com.br\/index.php?rest_route=\/wp\/v2\/posts\/2370"}],"collection":[{"href":"https:\/\/vimagazine.com.br\/index.php?rest_route=\/wp\/v2\/posts"}],"about":[{"href":"https:\/\/vimagazine.com.br\/index.php?rest_route=\/wp\/v2\/types\/post"}],"author":[{"embeddable":true,"href":"https:\/\/vimagazine.com.br\/index.php?rest_route=\/wp\/v2\/users\/3"}],"replies":[{"embeddable":true,"href":"https:\/\/vimagazine.com.br\/index.php?rest_route=%2Fwp%2Fv2%2Fcomments&post=2370"}],"version-history":[{"count":1,"href":"https:\/\/vimagazine.com.br\/index.php?rest_route=\/wp\/v2\/posts\/2370\/revisions"}],"predecessor-version":[{"id":2375,"href":"https:\/\/vimagazine.com.br\/index.php?rest_route=\/wp\/v2\/posts\/2370\/revisions\/2375"}],"wp:featuredmedia":[{"embeddable":true,"href":"https:\/\/vimagazine.com.br\/index.php?rest_route=\/wp\/v2\/media\/2371"}],"wp:attachment":[{"href":"https:\/\/vimagazine.com.br\/index.php?rest_route=%2Fwp%2Fv2%2Fmedia&parent=2370"}],"wp:term":[{"taxonomy":"category","embeddable":true,"href":"https:\/\/vimagazine.com.br\/index.php?rest_route=%2Fwp%2Fv2%2Fcategories&post=2370"},{"taxonomy":"post_tag","embeddable":true,"href":"https:\/\/vimagazine.com.br\/index.php?rest_route=%2Fwp%2Fv2%2Ftags&post=2370"}],"curies":[{"name":"wp","href":"https:\/\/api.w.org\/{rel}","templated":true}]}}