{"id":2386,"date":"2022-01-10T01:26:50","date_gmt":"2022-01-10T04:26:50","guid":{"rendered":"https:\/\/vimagazine.com.br\/?p=2386"},"modified":"2022-01-10T01:26:54","modified_gmt":"2022-01-10T04:26:54","slug":"presidente-da-ancec-fala-com-exclusividade-sobre-suas-perspectivas-para-2022","status":"publish","type":"post","link":"https:\/\/vimagazine.com.br\/?p=2386","title":{"rendered":"Presidente da Ancec fala, com exclusividade, sobre suas perspectivas para 2022"},"content":{"rendered":"\n<p><strong>&nbsp; Wanderley Pedroso<\/strong> natural de Recife, \u00e9 empreendedor, preside da ONG Arlinda Pedroso e do Conselho da ANCEC, com bacharelado em Ci\u00eancias Cont\u00e1beis, \u00e9 especialista em gest\u00e3o de empresas e auditoria, t\u00eam 5 p\u00f3s-gradua\u00e7\u00f5es e \u00e9 p\u00f3s-graduando na \u00e1rea de Desenvolvimento de Gestores pela FGV e possu\u00ed atua\u00e7\u00e3o h\u00e1 mais de 22 anos nas \u00e1reas de contabilidade, auditoria e Gest\u00e3o.<\/p>\n\n\n\n<p>\u00a0\u00a0 Em meio a um cen\u00e1rio de desafios e perspectivas, eu entrevistei com exclusividade, Wanderlei Pedroso, que \u00e9 o atual presidente da Ag\u00eancia Nacional de Cultura, Empreendedorismo e Comunica\u00e7\u00e3o &#8211; <strong>ANCEC<\/strong>. Pedroso \u00e9 destaque na \u00e1rea cont\u00e1bil e do empreendedorismo, possu\u00ed diversos pr\u00eamios e homenagens, tais como Cruz da Refer\u00eancia Nacional em empreendedorismo pela <strong>ANCEC<\/strong> (Ag\u00eancia Nacional de Cultura, Empreendedorismo e Comunica\u00e7\u00e3o), Medalha Presidente Juscelino Kubistchek de Oliveira a t\u00edtulo de Comendador e Medalha Marquesa de Santos Pela <strong>FALASP<\/strong> (Federa\u00e7\u00e3o das Academias de Letras do Estado de S\u00e3o Paulo) tendo em vista seu pioneirismo arrojo empreendedor, al\u00e9m da relev\u00e2ncia dos benef\u00edcios trazidos, direta e indiretamente \u00e0 comunidade de diversos projetos sociais. Na oportunidade, fala sobre a import\u00e2ncia da Ancec, carreira e quais as perspectivas para o ano de 2022.<\/p>\n\n\n\n<p><\/p>\n\n\n\n<p><strong><em>A Ag\u00eancia Nacional de Cultura, Empreendedorismo e Comunica\u00e7\u00e3o surgiu quando e com qual prop\u00f3sito?<\/em><\/strong><\/p>\n\n\n\n<p><strong>R:<\/strong> A Ancec nasceu em 2014 com o prop\u00f3sito de reconhecer e valorizar o empreendedorismo, a arte e a comunica\u00e7\u00e3o atrav\u00e9s de a\u00e7\u00f5es de reconhecimento, homenagens e promo\u00e7\u00e3o a pessoas destaques nessas tr\u00eas \u00e1reas.<\/p>\n\n\n\n<p><\/p>\n\n\n\n<p><strong><em>&nbsp;Qual a finalidade social da ANCEC?<\/em><\/strong><\/p>\n\n\n\n<p>\u00a0 <strong>R:<\/strong> A Ancec tem por finalidade social incentivar a cultura, a arte e o empreendedorismo no Brasil, al\u00e9m de est\u00e1 engajada no assistencialismo social por meio de institui\u00e7\u00f5es sem fins lucrativos, como \u00e9 o caso da Funda\u00e7\u00e3o Arlinda Pedroso, que realiza diversos projetos sociais em comunidades carentes.<\/p>\n\n\n\n<p><\/p>\n\n\n\n<p><strong><em>&nbsp;Quais s\u00e3o os crit\u00e9rios para a elei\u00e7\u00e3o dos premiados?<\/em><\/strong><\/p>\n\n\n\n<p><strong>R:<\/strong> Os homenageados s\u00e3o convidados pelo n\u00facleo de pesquisa da ANCEC, que fomenta empresas, empreendedores e artistas com o intuito de convid\u00e1-los para participar da avalia\u00e7\u00e3o e, em caso positivo, receber a homenagem. Esses homenageados t\u00eam de ser avaliados positivamente, de acordo com os crit\u00e9rios da comiss\u00e3o de an\u00e1lise.<\/p>\n\n\n\n<p><\/p>\n\n\n\n<p><strong><em>&nbsp;Como foi a atua\u00e7\u00e3o e quais os principais desafios da ANCEC no per\u00edodo de pandemia?<\/em><\/strong><\/p>\n\n\n\n<p><strong>R:<\/strong> Tivemos que nos reinventar, o evento online foi uma alternativa, e certamente o maior desafio foi a poss\u00edvel interrup\u00e7\u00e3o dos eventos presencias.<\/p>\n\n\n\n<p><\/p>\n\n\n\n<p><strong><em>&nbsp;H\u00e1 quantos anos o senhor faz parte da ANCEC e como tem sido ser o presidente do conselho?<\/em><\/strong><\/p>\n\n\n\n<p><strong>R:<\/strong> Como homenageado tenho participado desde o ano de 2015. Entretanto, s\u00f3 no ano de 2021 \u00e9 que assumi a presid\u00eancia do conselho, o que para mim tem sido gratificante e desafiador.<\/p>\n\n\n\n<p><\/p>\n\n\n\n<p><strong><em>&nbsp;Qual a relev\u00e2ncia dos reconhecimentos fornecidos pela ANCEC no \u00e2mbito nacional e internacional?<\/em><\/strong><\/p>\n\n\n\n<p><strong>R:<\/strong> \u00a0Mostrar para a sociedade o trabalho positivo de cada empreendedor, artista e comunicador que merece o reconhecimento se tornando uma refer\u00eancia no nosso Pa\u00eds.<\/p>\n\n\n\n<p><\/p>\n\n\n\n<p><strong><em>&nbsp;Quais s\u00e3o as suas principais perspectivas para o ano de 2022?<\/em><\/strong><\/p>\n\n\n\n<p><strong>R:<\/strong>\u00a0 De muita sa\u00fade, novos projetos e muito trabalho!<\/p>\n\n\n\n<p><\/p>\n\n\n\n<p><strong><em>&nbsp;Quais as suas considera\u00e7\u00f5es finais?<\/em><\/strong><\/p>\n\n\n\n<p><strong>R:<\/strong>\u00a0 Desejo que o ano de 2022 seja repleto de oportunidades para o nosso pa\u00eds e que as experiencias de 2021 nos sirva de alerta e percebamos que a vida \u00e9 o nosso bem mais precioso.<\/p>\n\n\n\n<p><\/p>\n\n\n\n<p><strong>Para mais informa\u00e7\u00f5es acessem as seguintes p\u00e1ginas<\/strong>:<\/p>\n\n\n\n<p><\/p>\n\n\n\n<p>Wanderlei Predroso. Acesse <a href=\"https:\/\/www.instagram.com\/wanderleypedrosooficial\/\">aqui<\/a>.<\/p>\n\n\n\n<p><\/p>\n\n\n\n<p>Site da Ancec. Acesse <a href=\"http:\/\/ancec.net.br\/\">aqui<\/a>.<\/p>\n\n\n\n<p><\/p>\n\n\n\n<p>Ancec no Instagram. Acesse <a href=\"https:\/\/www.instagram.com\/ancec_\/\">aqui<\/a>.<\/p>\n\n\n\n<p><\/p>\n\n\n\n<p>Jo\u00e3o Costa. Acesse <a href=\"https:\/\/www.instagram.com\/joaocostaooficial\/\">aqui<\/a>.<\/p>\n","protected":false},"excerpt":{"rendered":"<p>&nbsp; Wanderley Pedroso natural de Recife, \u00e9 empreendedor, preside da ONG Arlinda Pedroso e do&#8230;<\/p>\n","protected":false},"author":2,"featured_media":2387,"comment_status":"closed","ping_status":"open","sticky":false,"template":"","format":"standard","meta":{"om_disable_all_campaigns":false,"_monsterinsights_skip_tracking":false,"_monsterinsights_sitenote_active":false,"_monsterinsights_sitenote_note":"","_monsterinsights_sitenote_category":0,"spay_email":""},"categories":[27,31],"tags":[260,95,143,261],"jetpack_featured_media_url":"https:\/\/vimagazine.com.br\/wp-content\/uploads\/2022\/01\/5e7e0fe0-488c-4507-a313-366adb592fb9.jpg","_links":{"self":[{"href":"https:\/\/vimagazine.com.br\/index.php?rest_route=\/wp\/v2\/posts\/2386"}],"collection":[{"href":"https:\/\/vimagazine.com.br\/index.php?rest_route=\/wp\/v2\/posts"}],"about":[{"href":"https:\/\/vimagazine.com.br\/index.php?rest_route=\/wp\/v2\/types\/post"}],"author":[{"embeddable":true,"href":"https:\/\/vimagazine.com.br\/index.php?rest_route=\/wp\/v2\/users\/2"}],"replies":[{"embeddable":true,"href":"https:\/\/vimagazine.com.br\/index.php?rest_route=%2Fwp%2Fv2%2Fcomments&post=2386"}],"version-history":[{"count":1,"href":"https:\/\/vimagazine.com.br\/index.php?rest_route=\/wp\/v2\/posts\/2386\/revisions"}],"predecessor-version":[{"id":2388,"href":"https:\/\/vimagazine.com.br\/index.php?rest_route=\/wp\/v2\/posts\/2386\/revisions\/2388"}],"wp:featuredmedia":[{"embeddable":true,"href":"https:\/\/vimagazine.com.br\/index.php?rest_route=\/wp\/v2\/media\/2387"}],"wp:attachment":[{"href":"https:\/\/vimagazine.com.br\/index.php?rest_route=%2Fwp%2Fv2%2Fmedia&parent=2386"}],"wp:term":[{"taxonomy":"category","embeddable":true,"href":"https:\/\/vimagazine.com.br\/index.php?rest_route=%2Fwp%2Fv2%2Fcategories&post=2386"},{"taxonomy":"post_tag","embeddable":true,"href":"https:\/\/vimagazine.com.br\/index.php?rest_route=%2Fwp%2Fv2%2Ftags&post=2386"}],"curies":[{"name":"wp","href":"https:\/\/api.w.org\/{rel}","templated":true}]}}