{"id":2463,"date":"2022-01-18T09:19:17","date_gmt":"2022-01-18T12:19:17","guid":{"rendered":"https:\/\/vimagazine.com.br\/?p=2463"},"modified":"2022-01-18T10:28:08","modified_gmt":"2022-01-18T13:28:08","slug":"maior-predio-de-joinville-tera-30-andares-e-vista-para-a-baia-da-babitonga","status":"publish","type":"post","link":"https:\/\/vimagazine.com.br\/?p=2463","title":{"rendered":"Maior pr\u00e9dio de Joinville ter\u00e1 30 andares e vista para a Ba\u00eda da Babitonga"},"content":{"rendered":"\t\t<div data-elementor-type=\"wp-post\" data-elementor-id=\"2463\" class=\"elementor elementor-2463\" data-elementor-settings=\"[]\">\n\t\t\t\t\t\t\t<div class=\"elementor-section-wrap\">\n\t\t\t\t\t\t\t<section class=\"elementor-section elementor-top-section elementor-element elementor-element-335358ec elementor-section-boxed elementor-section-height-default elementor-section-height-default\" data-id=\"335358ec\" data-element_type=\"section\">\n\t\t\t\t\t\t<div class=\"elementor-container elementor-column-gap-default\">\n\t\t\t\t\t<div class=\"elementor-column elementor-col-100 elementor-top-column elementor-element elementor-element-6faf67c8\" data-id=\"6faf67c8\" data-element_type=\"column\">\n\t\t\t<div class=\"elementor-widget-wrap elementor-element-populated\">\n\t\t\t\t\t\t\t\t<div class=\"elementor-element elementor-element-35339623 elementor-widget elementor-widget-text-editor\" data-id=\"35339623\" data-element_type=\"widget\" data-widget_type=\"text-editor.default\">\n\t\t\t\t<div class=\"elementor-widget-container\">\n\t\t\t\t\t\t\t<!-- wp:heading {\"level\":1} -->\n<p>Em uma regi\u00e3o com v\u00e1rios pr\u00e9dios, esse se destaca antes mesmo de ficar pronto com n\u00fameros impressionantes, como fala o arquiteto respons\u00e1vel pelo projeto, Victor Bontempo Augusto. Com 10 andares a mais, o Opera vai ganhar o t\u00edtulo de pr\u00e9dio mais alto de Joinville. O empreendimento da Construtora Investcorp, est\u00e1 sendo constru\u00eddo no Atiradores, ter\u00e1 30 andares, 123 metros de altura, sendo poss\u00edvel, em algumas unidades, at\u00e9 mesmo ver a Ba\u00eda da Babitonga.\u00a0\u00a0<\/p>\n<!-- \/wp:heading --><!-- wp:heading {\"level\":1} -->\n<p>O edif\u00edcio, chamado de Opera, em homenagem \u00e0 m\u00fasica tem por objetivo trazer um novo tom para a cidade. O pr\u00e9dio ser\u00e1 residencial, com dois apartamentos por andares e com previs\u00e3o de entrega em 2024.<\/p>\n<!-- \/wp:heading --><!-- wp:heading {\"level\":1} -->\n<p>O s\u00f3cio da construtora, Fausto de Lucca, afirma que esse \u00e9 um projeto muito significativo para a Investcorp. \u201cO Opera \u00e9 o primeiro pr\u00e9dio de Joinville que se utilizou da Lei de outorga onerosa e devido seu n\u00famero de andares e sua localiza\u00e7\u00e3o, em um local mais alto da cidade, ele ser\u00e1 o pr\u00e9dio mais alto por muito tempo\u201d, destaca.\u00a0\u00a0\u00a0<\/p>\n<!-- \/wp:heading --><!-- wp:paragraph -->\n<p><strong>Mudan\u00e7a na Lei\u00a0<\/strong><\/p>\n<!-- \/wp:paragraph --><!-- wp:paragraph -->\n<p>O que possibilitou a constru\u00e7\u00e3o do Opera, foi a aprova\u00e7\u00e3o em 2019 de uma lei que permite a constru\u00e7\u00e3o e amplia\u00e7\u00e3o de pr\u00e9dios maiores na cidade. Com a outorga onerosa, \u00e9 poss\u00edvel construir at\u00e9 100% al\u00e9m do permitido, com uma compensa\u00e7\u00e3o financeira paga ao munic\u00edpio. Os recursos arrecadados ser\u00e3o destinados ao Fundo de Promo\u00e7\u00e3o do Desenvolvimento Sustent\u00e1vel, que ser\u00e1 usado para investimento em urbanismo e infraestrutura urbana.<\/p>\n<!-- \/wp:paragraph --><!-- wp:paragraph -->\n<p>A outorga onerosa n\u00e3o poder\u00e1 ser utilizada em toda a cidade &#8211; foram escolhidas \u00e1reas onde existem mais infraestrutura urbana. Entre elas, est\u00e3o os setores de adensamento priorit\u00e1rio, formados pelo Centro, bairros vizinhos e parte das zonas Sul, Norte e Leste.<\/p>\n<!-- \/wp:paragraph --><!-- wp:paragraph -->\n<p>Hoje, a Investcorp tem 12 pr\u00e9dios lan\u00e7ados no Brasil e para o pr\u00f3ximo ano ser\u00e3o anunciados mais dois empreendimentos de 30 andares em Joinville. \u201cTemos muito orgulho da nossa construtora poder anunciar esse marco para Joinville. Em 2022 est\u00e3o previstos R$200 milh\u00f5es em lan\u00e7amento imobili\u00e1rio em Joinville\u201d, detalha Fausto.\u00a0\u00a0\u00a0<\/p>\n<!-- \/wp:paragraph --><!-- wp:paragraph -->\n<p>Fonte: Mariana Woj<\/p>\n<!-- \/wp:paragraph -->\t\t\t\t\t\t<\/div>\n\t\t\t\t<\/div>\n\t\t\t\t\t<\/div>\n\t\t<\/div>\n\t\t\t\t\t\t\t<\/div>\n\t\t<\/section>\n\t\t\t\t\t\t<\/div>\n\t\t\t\t\t<\/div>\n\t\t","protected":false},"excerpt":{"rendered":"<p>Em uma regi\u00e3o com v\u00e1rios pr\u00e9dios, esse se destaca antes mesmo de ficar pronto com&#8230;<\/p>\n","protected":false},"author":3,"featured_media":2464,"comment_status":"closed","ping_status":"open","sticky":false,"template":"","format":"standard","meta":{"om_disable_all_campaigns":false,"_monsterinsights_skip_tracking":false,"_monsterinsights_sitenote_active":false,"_monsterinsights_sitenote_note":"","_monsterinsights_sitenote_category":0,"spay_email":""},"categories":[1],"tags":[],"jetpack_featured_media_url":"https:\/\/vimagazine.com.br\/wp-content\/uploads\/2022\/01\/INVLF_Fachada_frontal_noturna_PANORAMICA_HIGH-CMYK-1200x750-1-e1642508267582.jpg","_links":{"self":[{"href":"https:\/\/vimagazine.com.br\/index.php?rest_route=\/wp\/v2\/posts\/2463"}],"collection":[{"href":"https:\/\/vimagazine.com.br\/index.php?rest_route=\/wp\/v2\/posts"}],"about":[{"href":"https:\/\/vimagazine.com.br\/index.php?rest_route=\/wp\/v2\/types\/post"}],"author":[{"embeddable":true,"href":"https:\/\/vimagazine.com.br\/index.php?rest_route=\/wp\/v2\/users\/3"}],"replies":[{"embeddable":true,"href":"https:\/\/vimagazine.com.br\/index.php?rest_route=%2Fwp%2Fv2%2Fcomments&post=2463"}],"version-history":[{"count":7,"href":"https:\/\/vimagazine.com.br\/index.php?rest_route=\/wp\/v2\/posts\/2463\/revisions"}],"predecessor-version":[{"id":2476,"href":"https:\/\/vimagazine.com.br\/index.php?rest_route=\/wp\/v2\/posts\/2463\/revisions\/2476"}],"wp:featuredmedia":[{"embeddable":true,"href":"https:\/\/vimagazine.com.br\/index.php?rest_route=\/wp\/v2\/media\/2464"}],"wp:attachment":[{"href":"https:\/\/vimagazine.com.br\/index.php?rest_route=%2Fwp%2Fv2%2Fmedia&parent=2463"}],"wp:term":[{"taxonomy":"category","embeddable":true,"href":"https:\/\/vimagazine.com.br\/index.php?rest_route=%2Fwp%2Fv2%2Fcategories&post=2463"},{"taxonomy":"post_tag","embeddable":true,"href":"https:\/\/vimagazine.com.br\/index.php?rest_route=%2Fwp%2Fv2%2Ftags&post=2463"}],"curies":[{"name":"wp","href":"https:\/\/api.w.org\/{rel}","templated":true}]}}