{"id":2479,"date":"2022-01-19T10:23:21","date_gmt":"2022-01-19T13:23:21","guid":{"rendered":"https:\/\/vimagazine.com.br\/?p=2479"},"modified":"2022-01-19T10:23:25","modified_gmt":"2022-01-19T13:23:25","slug":"filme-o-lobisomem-de-pedra-de-fogo","status":"publish","type":"post","link":"https:\/\/vimagazine.com.br\/?p=2479","title":{"rendered":"FILME &#8211; O Lobisomem de Pedra de Fogo"},"content":{"rendered":"\n<p><\/p>\n\n\n\n<p>No in\u00edcio de 2021, ap\u00f3s um insight,&nbsp;<strong>J. Peron<\/strong>&nbsp;escreveu um roteiro, reuniu um grupo de amigos do interior de S\u00e3o Paulo e come\u00e7aram as reuni\u00f5es para iniciar as filmagens.<\/p>\n\n\n\n<p>Convidaram o ator e humorista&nbsp;<strong>Paulo Pioli<\/strong>&nbsp;da Pra\u00e7a \u00e9 Nossa para uma participa\u00e7\u00e3o especial e, por interm\u00e9dio da assessora M\u00e1rcia Ara\u00fajo, o roteiro tamb\u00e9m chegou nas m\u00e3os do ator&nbsp;<strong>Deo Garcez<\/strong>&nbsp;que, de imediato, se disponibilizou para participar do filme.<\/p>\n\n\n\n<p>Com o elenco e a equipe escolhidos, a pandemia chegou forte e as restri\u00e7\u00f5es come\u00e7aram a atrapalhar os planos.<\/p>\n\n\n\n<p>Por\u00e9m, seguindo todos os protocolos, foram iniciadas as filmagens na cidade de Monte Alegre do Sul\/SP em fevereiro.<\/p>\n\n\n\n<p>Faltando apenas 4 cenas para finalizar o filme, veio a tal fase roxa e ningu\u00e9m mais podia sair de casa.<\/p>\n\n\n\n<p>As filmagens s\u00f3 puderam ser finalizadas no m\u00eas de agosto e, no dia 21 (dia em que se comemora a morte de Raul Seixas), pontualmente \u00e0 meia noite, foi gravada a \u00faltima cena da transforma\u00e7\u00e3o do Lobisomem no cemit\u00e9rio.<\/p>\n\n\n\n<p><strong><em>O Lobisomem de Pedra de Fogo \u00e9 uma mistura de suspense, com\u00e9dia e romance e est\u00e1 dispon\u00edvel apenas no site\u00a0, com valor especial de lan\u00e7amento<\/em><\/strong><\/p>\n\n\n\n<p>&#8220;Com o fechamento dos cinemas e as dificuldades encontradas para disponibilizar nossa obra nas plataformas de streaming, resolvi criar a nossa pr\u00f3pria plataforma e oferecer o filme por um pre\u00e7o bem acess\u00edvel para todos que tiverem interesse em conhec\u00ea-lo.&#8221; comenta o roteirista e diretor J. Peron.<\/p>\n\n\n\n<p class=\"has-medium-font-size\"><strong>Sobre o Filme<\/strong><\/p>\n\n\n\n<p>A hist\u00f3ria se passa numa cidadezinha do interior chamada Pedra de Fogo. Reza a lenda que nas noites de lua cheia um lobisomem aparece comendo as galinhas de Dona In\u00e1cia (Baiana).<\/p>\n\n\n\n<p>Delegado Brand\u00e3o (D\u00e9o Garcez), casado com a beata Augusta (Rita Nascimento), \u00e9 o respons\u00e1vel pelas investiga\u00e7\u00f5es que sempre d\u00e3o em nada. Ingrid (Paula Palmieri), a filha do casal, \u00e9 apaixonada desde crian\u00e7a por Alberto (Pedro Ribeiro) que est\u00e1 de regresso para a cidade.<\/p>\n\n\n\n<p>O atrapalhado prefeito Junqueira (Paulo Pioli) est\u00e1 muito interessado em construir uma represa na cidade, coisa que deixa sua esposa Const\u00e2ncia (Arminda Riolo) feliz, pois isso inundaria a casa da Rebeca (Ana L. Garritano), a Bruxa que mora nos arredores da cidade e m\u00e3e de Alberto.<\/p>\n\n\n\n<p>Ti\u00e3o Greg\u00f3rio (J. Peron) \u00e9 um fil\u00f3sofo desiludido que bebe uma bebida misteriosa e espera o \u00faltimo dia de lua cheia do ano escolhido para ver a profecia se cumprir e a cidade se libertar da maldi\u00e7\u00e3o do lobisomem.<\/p>\n\n\n\n<p>Na trama ainda participam o Soldado Souza (Ciro Pires), Crysbel (Natasha Audrey), o pipoqueiro (Leonardo C. de Campos), Padre Aur\u00e9lio (Junior Gritti), os atendentes da Rodovi\u00e1ria (Francesco Lolli e Lu Stopa) e, interpretando Augusta e Brand\u00e3o quando jovens, os atores Hata Glau e Raoni Xavier.<\/p>\n\n\n\n<p>A\u00a0<strong>trilha sonora<\/strong>\u00a0ficou a cargo do cantor e compositor\u00a0<strong>Carlinhos P.O.Box<\/strong>, do\u00a0<strong>violeiro Lucas Campaci<\/strong>, do\u00a0<strong>maestro Tutti Novo e de J. Peron.<br><\/strong><\/p>\n\n\n\n<figure class=\"wp-container-2 wp-block-gallery-1 wp-block-gallery columns-2 is-cropped\"><ul class=\"blocks-gallery-grid\"><li class=\"blocks-gallery-item\"><figure><img width=\"300\" height=\"200\" src=\"https:\/\/vimagazine.com.br\/wp-content\/uploads\/2022\/01\/T2RL2479-300x200.jpg\" alt=\"\" data-id=\"2480\" data-full-url=\"https:\/\/vimagazine.com.br\/wp-content\/uploads\/2022\/01\/T2RL2479.jpg\" data-link=\"https:\/\/vimagazine.com.br\/?attachment_id=2480\" class=\"wp-image-2480\" srcset=\"https:\/\/vimagazine.com.br\/wp-content\/uploads\/2022\/01\/T2RL2479-300x200.jpg 300w, https:\/\/vimagazine.com.br\/wp-content\/uploads\/2022\/01\/T2RL2479-1024x684.jpg 1024w, https:\/\/vimagazine.com.br\/wp-content\/uploads\/2022\/01\/T2RL2479-768x513.jpg 768w, https:\/\/vimagazine.com.br\/wp-content\/uploads\/2022\/01\/T2RL2479-1536x1026.jpg 1536w, https:\/\/vimagazine.com.br\/wp-content\/uploads\/2022\/01\/T2RL2479.jpg 1920w\" sizes=\"(max-width: 300px) 100vw, 300px\" \/><\/figure><\/li><li class=\"blocks-gallery-item\"><figure><img width=\"300\" height=\"200\" src=\"https:\/\/vimagazine.com.br\/wp-content\/uploads\/2022\/01\/T2RL4356-300x200.jpg\" alt=\"\" data-id=\"2481\" data-full-url=\"https:\/\/vimagazine.com.br\/wp-content\/uploads\/2022\/01\/T2RL4356.jpg\" data-link=\"https:\/\/vimagazine.com.br\/?attachment_id=2481\" class=\"wp-image-2481\" srcset=\"https:\/\/vimagazine.com.br\/wp-content\/uploads\/2022\/01\/T2RL4356-300x200.jpg 300w, https:\/\/vimagazine.com.br\/wp-content\/uploads\/2022\/01\/T2RL4356-1024x684.jpg 1024w, https:\/\/vimagazine.com.br\/wp-content\/uploads\/2022\/01\/T2RL4356-768x513.jpg 768w, https:\/\/vimagazine.com.br\/wp-content\/uploads\/2022\/01\/T2RL4356-1536x1026.jpg 1536w, https:\/\/vimagazine.com.br\/wp-content\/uploads\/2022\/01\/T2RL4356.jpg 1920w\" sizes=\"(max-width: 300px) 100vw, 300px\" \/><\/figure><\/li><\/ul><\/figure>\n\n\n\n<p><br><strong>Dispon\u00edvel no site:\u00a0<a href=\"http:\/\/www.zoncine.com.br\/\" target=\"_blank\" rel=\"noreferrer noopener\">www.zoncine.com.br<\/a><\/strong><br>Valor de estreia: R$ 3,80 (dispon\u00edvel por 48h)<\/p>\n\n\n\n<p><strong>Links de divulga\u00e7\u00e3o:<\/strong><br>Teaser:\u00a0<a href=\"https:\/\/youtu.be\/WO3z6uDyK-U\" target=\"_blank\" rel=\"noreferrer noopener\">https:\/\/youtu.be\/WO3z6uDyK-U<\/a>Making Of:\u00a0<a href=\"https:\/\/youtu.be\/u88Vr5aIU88\" target=\"_blank\" rel=\"noreferrer noopener\">https:\/\/youtu.be\/u88Vr5aIU88<\/a><br>Cr\u00e9dito das fotos: Reginaldo Leme &#8211; Assessoria M\u00e1rcia Araujo | Giro das Estrelas\u00a0<\/p>\n\n\n\n<p><strong>Ficha Tecnica<\/strong>: Siga no instagram:\u00a0@jpzoncine @jota.peron<br>\u2013\u00a0Produtor Executivo \u2013\u00a0 Jo\u00e3o Paulo Zonzini\u2013\u00a0Dire\u00e7\u00e3o\u00a0\u2013 Vin\u00edcius Vellys e J. Peron\u2013\u00a0C\u00e2mera \/ Assistente de Dire\u00e7\u00e3o\u00a0\u2013 Carlos Barbieri\u2013 Fotografia \/ Artes\u00a0\u2013 Luis Panigassi\u2013 Assistente de Artes\u00a0\u2013 Juliana Pavesi\u2013 Figurinos \/ Produ\u00e7\u00e3o de Elenco\u00a0\u2013 Alexandre Cruz\u2013\u00a0Making Of \/ C\u00e2mera 2 \u2013\u00a0 Breno Bradley\u2013\u00a0Foto Still \/ C\u00e2mera 3\u00a0\u2013 Reginaldo Leme\u2013\u00a0Imagens A\u00e9reas \/ C\u00e2mera 4 \u2013\u00a0Rafael Estevam\u2013\u00a0Maquiagem \/ Concep\u00e7\u00e3o Visual \u2013\u00a0\u00a0Kelly Macedo\u2013\u00a0Sonoriza\u00e7\u00e3o \u2013\u00a0Thiago Furlan | Vin\u00edcius Siste Machado\u2013\u00a0Assessoria Art\u00edstica\u00a0\u2013 M\u00e1rcia Ara\u00fajo\u2013\u00a0Jur\u00eddico \u2013\u00a0 Alcides Gritti Jr.\u2013\u00a0TI \/ Revis\u00e3o de Roteiro \u2013\u00a0 Yuri Silva\u2013\u00a0Apoio T\u00e9cnico \u2013\u00a0 Andr\u00e9 Siqueira | Arminda Riolo | Isabela Gama | Soeli Peron |Tadeu Zonzini<\/p>\n","protected":false},"excerpt":{"rendered":"<p>No in\u00edcio de 2021, ap\u00f3s um insight,&nbsp;J. Peron&nbsp;escreveu um roteiro, reuniu um grupo de amigos&#8230;<\/p>\n","protected":false},"author":1,"featured_media":2482,"comment_status":"closed","ping_status":"open","sticky":false,"template":"","format":"standard","meta":{"om_disable_all_campaigns":false,"_monsterinsights_skip_tracking":false,"_monsterinsights_sitenote_active":false,"_monsterinsights_sitenote_note":"","_monsterinsights_sitenote_category":0,"spay_email":""},"categories":[1],"tags":[],"jetpack_featured_media_url":"https:\/\/vimagazine.com.br\/wp-content\/uploads\/2022\/01\/Divulgacao.jpg","_links":{"self":[{"href":"https:\/\/vimagazine.com.br\/index.php?rest_route=\/wp\/v2\/posts\/2479"}],"collection":[{"href":"https:\/\/vimagazine.com.br\/index.php?rest_route=\/wp\/v2\/posts"}],"about":[{"href":"https:\/\/vimagazine.com.br\/index.php?rest_route=\/wp\/v2\/types\/post"}],"author":[{"embeddable":true,"href":"https:\/\/vimagazine.com.br\/index.php?rest_route=\/wp\/v2\/users\/1"}],"replies":[{"embeddable":true,"href":"https:\/\/vimagazine.com.br\/index.php?rest_route=%2Fwp%2Fv2%2Fcomments&post=2479"}],"version-history":[{"count":1,"href":"https:\/\/vimagazine.com.br\/index.php?rest_route=\/wp\/v2\/posts\/2479\/revisions"}],"predecessor-version":[{"id":2484,"href":"https:\/\/vimagazine.com.br\/index.php?rest_route=\/wp\/v2\/posts\/2479\/revisions\/2484"}],"wp:featuredmedia":[{"embeddable":true,"href":"https:\/\/vimagazine.com.br\/index.php?rest_route=\/wp\/v2\/media\/2482"}],"wp:attachment":[{"href":"https:\/\/vimagazine.com.br\/index.php?rest_route=%2Fwp%2Fv2%2Fmedia&parent=2479"}],"wp:term":[{"taxonomy":"category","embeddable":true,"href":"https:\/\/vimagazine.com.br\/index.php?rest_route=%2Fwp%2Fv2%2Fcategories&post=2479"},{"taxonomy":"post_tag","embeddable":true,"href":"https:\/\/vimagazine.com.br\/index.php?rest_route=%2Fwp%2Fv2%2Ftags&post=2479"}],"curies":[{"name":"wp","href":"https:\/\/api.w.org\/{rel}","templated":true}]}}