{"id":2620,"date":"2022-01-21T11:15:53","date_gmt":"2022-01-21T14:15:53","guid":{"rendered":"https:\/\/vimagazine.com.br\/?p=2620"},"modified":"2022-01-21T11:15:56","modified_gmt":"2022-01-21T14:15:56","slug":"guilherme-di-melo-lanca-single-com-participacao-de-diego-e-arnaldo","status":"publish","type":"post","link":"https:\/\/vimagazine.com.br\/?p=2620","title":{"rendered":"Guilherme Di Melo lan\u00e7a single com participa\u00e7\u00e3o de Diego e Arnaldo"},"content":{"rendered":"\n<p>O cantor e compositor&nbsp;<strong>Guilherme Di Melo<\/strong>&nbsp;lan\u00e7a hoje (21\/01) em todas as plataformas digitais e tamb\u00e9m em seu canal oficial no youtube a partir das 12h,&nbsp; o single&nbsp;<strong>\u201cBora Juntar\u201d<\/strong>&nbsp;com a participa\u00e7\u00e3o especial da dupla&nbsp;<strong>Diego e Arnaldo<\/strong>. Uma composi\u00e7\u00e3o de Bruno C\u00e9sar\/ Rodrigo Reys e William Santos, a grava\u00e7\u00e3o aconteceu num clima descontra\u00eddo em S\u00e3o Paulo no&nbsp;WSTF Est\u00fadios com a produ\u00e7\u00e3o musical assinada por William Santos e dire\u00e7\u00e3o art\u00edstica da ProMegan, escrit\u00f3rio respons\u00e1vel pela carreira do artista.<\/p>\n\n\n\n<p><em>\u201cEssa m\u00fasica me encantou desde a primeira vez que ouvi, a hist\u00f3ria coincide muito com os dias atuais, onde o amor mais do que nunca, deve ser valorizado e priorizado. A participa\u00e7\u00e3o de Diego e Arnaldo s\u00f3 enriqueceu a can\u00e7\u00e3o,&nbsp; era o que faltava para a m\u00fasica se tornar ainda mais bela e m\u00e1gica<\/em><em>.&nbsp;<\/em><em>Meu desejo \u00e9 levar esse single aos cora\u00e7\u00f5es das pessoas com uma mensagem leve e positiva\u201d. Enfatiza Guilherme.<\/em><\/p>\n\n\n\n<p>O cantor natural de Corn\u00e9lio Proc\u00f3pio \u2013 PR,&nbsp; com dezesseis anos de estrada, no in\u00edcio ganhava destaque apenas como compositor, mas hoje est\u00e1 focado em sua carreira solo. Entre os artistas que gravaram suas composi\u00e7\u00f5es podemos citar: L\u00e9o Magalh\u00e3es, Humberto &amp; Ronaldo, L\u00e9o e J\u00fanior.<\/p>\n\n\n\n<p>Entre seus recentes lan\u00e7amentos, podemos destacar as m\u00fasicas; \u201cIphone\u201d e \u201cResto de Perfume\u201d com a participa\u00e7\u00e3o dos sertanejos &nbsp;Rio Negro &amp; Solim\u00f5es. Essas can\u00e7\u00f5es tamb\u00e9m far\u00e3o parte do repert\u00f3rio do seu primeiro EP&nbsp;<strong>\u201cGuilherme Di Melo- Ao Vivo\u201d<\/strong>&nbsp;que ser\u00e1 lan\u00e7ado em 2022.<\/p>\n\n\n\n<p>Vale conferir!<\/p>\n\n\n\n<figure class=\"wp-block-image size-large\"><img width=\"1024\" height=\"576\" src=\"https:\/\/vimagazine.com.br\/wp-content\/uploads\/2022\/01\/homen-1024x576.jpg\" alt=\"\" class=\"wp-image-2622\" srcset=\"https:\/\/vimagazine.com.br\/wp-content\/uploads\/2022\/01\/homen-1024x576.jpg 1024w, https:\/\/vimagazine.com.br\/wp-content\/uploads\/2022\/01\/homen-300x169.jpg 300w, https:\/\/vimagazine.com.br\/wp-content\/uploads\/2022\/01\/homen-768x432.jpg 768w, https:\/\/vimagazine.com.br\/wp-content\/uploads\/2022\/01\/homen.jpg 1280w\" sizes=\"(max-width: 1024px) 100vw, 1024px\" \/><\/figure>\n\n\n\n<figure class=\"wp-block-embed\"><div class=\"wp-block-embed__wrapper\">\nhttps:\/\/ingrv.es\/borajuntar\n<\/div><\/figure>\n\n\n\n<figure class=\"wp-block-embed is-type-video is-provider-youtube wp-block-embed-youtube wp-embed-aspect-16-9 wp-has-aspect-ratio\"><div class=\"wp-block-embed__wrapper\">\n<iframe loading=\"lazy\" title=\"BORA JUNTAR  - Guilherme Di Melo  Feat. Diego &amp; Arnaldo (CLIPE OFICIAL)\" width=\"640\" height=\"360\" src=\"https:\/\/www.youtube.com\/embed\/3wtb1UbgSU0?feature=oembed\" frameborder=\"0\" allow=\"accelerometer; autoplay; clipboard-write; encrypted-media; gyroscope; picture-in-picture\" allowfullscreen><\/iframe>\n<\/div><\/figure>\n\n\n\n<p><strong>Para saber mais acesse:<\/strong><\/p>\n\n\n\n<p>INSTAGRAM:&nbsp;<a href=\"https:\/\/www.instagram.com\/guilhermedimelooficial\/\" target=\"_blank\" rel=\"noreferrer noopener\">https:\/\/www.instagram.com\/guilhermedimelooficial\/<\/a><\/p>\n\n\n\n<p>FACEBOOK:&nbsp;<a href=\"https:\/\/www.facebook.com\/guilhermedimelooficial\" target=\"_blank\" rel=\"noreferrer noopener\">https:\/\/www.facebook.com\/guilhermedimelooficial<\/a><\/p>\n\n\n\n<p>TIKTOK:&nbsp;<a href=\"https:\/\/www.tiktok.com\/@guilhermedimelooficial\" target=\"_blank\" rel=\"noreferrer noopener\">https:\/\/www.tiktok.com\/@guilhermedimelooficial<\/a><\/p>\n\n\n\n<p>YOUTUBE:&nbsp;<a href=\"https:\/\/www.youtube.com\/c\/guilhermedimelo\" target=\"_blank\" rel=\"noreferrer noopener\">https:\/\/www.youtube.com\/c\/guilhermedimelo<\/a><\/p>\n\n\n\n<p>SITE:\u00a0<a href=\"https:\/\/guilhermedimelo.com\/\" target=\"_blank\" rel=\"noreferrer noopener\">https:\/\/guilhermedimelo.com\/<\/a><br>\u00a0 \u00a0\u00a0Assessoria de Imprensa\/ Divulga\u00e7\u00e3o TV<br><strong>\u00a0\u00a0Fernanda Lara Rocca\u00a0<\/strong><br>Instagram:@fernanda.l.rocca<a href=\"http:\/\/twitter.com\/FernandaLara01\" target=\"_blank\" rel=\"noreferrer noopener\">twitter:@FernandaLara01<\/a><a href=\"https:\/\/www.facebook.com\/fernanda.l.rocca\" target=\"_blank\" rel=\"noreferrer noopener\">https:\/\/www.facebook.com\/fernanda.l.rocca<\/a><\/p>\n","protected":false},"excerpt":{"rendered":"<p>O cantor e compositor&nbsp;Guilherme Di Melo&nbsp;lan\u00e7a hoje (21\/01) em todas as plataformas digitais e tamb\u00e9m&#8230;<\/p>\n","protected":false},"author":3,"featured_media":2621,"comment_status":"closed","ping_status":"open","sticky":false,"template":"","format":"standard","meta":{"om_disable_all_campaigns":false,"_monsterinsights_skip_tracking":false,"_monsterinsights_sitenote_active":false,"_monsterinsights_sitenote_note":"","_monsterinsights_sitenote_category":0,"spay_email":""},"categories":[1],"tags":[],"jetpack_featured_media_url":"https:\/\/vimagazine.com.br\/wp-content\/uploads\/2022\/01\/spot-e1642774300238.jpg","_links":{"self":[{"href":"https:\/\/vimagazine.com.br\/index.php?rest_route=\/wp\/v2\/posts\/2620"}],"collection":[{"href":"https:\/\/vimagazine.com.br\/index.php?rest_route=\/wp\/v2\/posts"}],"about":[{"href":"https:\/\/vimagazine.com.br\/index.php?rest_route=\/wp\/v2\/types\/post"}],"author":[{"embeddable":true,"href":"https:\/\/vimagazine.com.br\/index.php?rest_route=\/wp\/v2\/users\/3"}],"replies":[{"embeddable":true,"href":"https:\/\/vimagazine.com.br\/index.php?rest_route=%2Fwp%2Fv2%2Fcomments&post=2620"}],"version-history":[{"count":1,"href":"https:\/\/vimagazine.com.br\/index.php?rest_route=\/wp\/v2\/posts\/2620\/revisions"}],"predecessor-version":[{"id":2623,"href":"https:\/\/vimagazine.com.br\/index.php?rest_route=\/wp\/v2\/posts\/2620\/revisions\/2623"}],"wp:featuredmedia":[{"embeddable":true,"href":"https:\/\/vimagazine.com.br\/index.php?rest_route=\/wp\/v2\/media\/2621"}],"wp:attachment":[{"href":"https:\/\/vimagazine.com.br\/index.php?rest_route=%2Fwp%2Fv2%2Fmedia&parent=2620"}],"wp:term":[{"taxonomy":"category","embeddable":true,"href":"https:\/\/vimagazine.com.br\/index.php?rest_route=%2Fwp%2Fv2%2Fcategories&post=2620"},{"taxonomy":"post_tag","embeddable":true,"href":"https:\/\/vimagazine.com.br\/index.php?rest_route=%2Fwp%2Fv2%2Ftags&post=2620"}],"curies":[{"name":"wp","href":"https:\/\/api.w.org\/{rel}","templated":true}]}}