{"id":2647,"date":"2022-01-21T17:34:43","date_gmt":"2022-01-21T20:34:43","guid":{"rendered":"https:\/\/vimagazine.com.br\/?p=2647"},"modified":"2022-01-21T18:04:13","modified_gmt":"2022-01-21T21:04:13","slug":"viva-intensamente","status":"publish","type":"post","link":"https:\/\/vimagazine.com.br\/?p=2647","title":{"rendered":"Viva intensamente!"},"content":{"rendered":"\n<p><\/p>\n\n\n\n<p style=\"font-size:12px\"><strong><em>Por: Vagner Oliveira<\/em><\/strong><\/p>\n\n\n\n<p>A cada dia recebo not\u00edcias mais tristes de mortes de famosos, an\u00f4nimos, amigos, conhecidos, mortes inesperadas que se acentuam ainda mais com essa pandemia. Mortes que nos fazem pensar como recentemente da querida Mar\u00edlia Mendon\u00e7a, devido esta ter procurado o sucesso por anos, assim como o Cristiano Ara\u00fajo, e quando chegam no topo da carreira, do nada, morrem de forma tr\u00e1gica. Em uns dias tristes como est\u00e3o sendo ultimamente, paro e reflito sobre o tema \u201cBreve Vida\u201d como somos passageiros neste mundo, o que temos feito para deixar boas lembran\u00e7as?<\/p>\n\n\n\n<p>Conversava com meu namorado em casa e dizia que n\u00e3o sabemos nem o que vai acontecer nos pr\u00f3ximos minutos, sempre acreditei muito no destino, ent\u00e3o o que for para ser ser\u00e1, mas claro que n\u00e3o queremos que sejamos o pr\u00f3ximo a partir, por isso trabalhamos, damos nosso melhor e plantamos coisas boas.<\/p>\n\n\n\n<p>Al\u00e9m de n\u00e3o sabermos o amanh\u00e3 perdemos muito tempo com preocupa\u00e7\u00f5es e com o que os outros v\u00e3o pensar. Acho que isso liga muito ao que sempre escrevo de enxergar os outros como normais, mas tamb\u00e9m de nos aceitarmos, de vivermos felizes, de nos amarmos&#8230;<\/p>\n\n\n\n<p>O tempo nos condiciona a viver momentos incr\u00edveis. Por\u00e9m, ele passa em um piscar de olhos e infelizmente n\u00e3o retrocede. Sendo assim, viva, sorria, aproveite, n\u00e3o perca tempo lamentando por isso ou por aquilo, se aceite como \u00e9 por dentro e principalmente por fora.<\/p>\n\n\n\n<p>Por ver pessoas envergonhadas por suas condi\u00e7\u00f5es f\u00edsicas ao ponto de n\u00e3o se exporem ao mundo externo, resolvi falar sobre o auto preconceito, um dos piores.<\/p>\n\n\n\n<p><a><\/a>O auto preconceito \u00e9 o preconceito que vem da pr\u00f3pria pessoa que se sente diferente das demais. Esse preconceito tem o poder de inferiorizar qualquer um, seja ele negro, branco, deficiente, gay, travesti&#8230; Pode at\u00e9 parecer uma coisa bizarra, mas h\u00e1 pessoas com necessidades especiais que acabam se rejeitando porque tem uma defici\u00eancia, por n\u00e3o se sentirem belos&#8230; \u00c9 como se elas entregassem os pontos e dissessem: \u201cN\u00e3o tenho a capacidade de namorar, casar, ter filhos, estudar, trabalhar, enfim, n\u00e3o sou capaz de viver.\u201d<\/p>\n\n\n\n<p>Como conhe\u00e7o gays que n\u00e3o s\u00e3o eles mesmos por medo de n\u00e3o encontrarem um amor, de a fam\u00edlia n\u00e3o aceitar, de repres\u00e1lias de amigos&#8230; Pois pensam que ser gay j\u00e1 \u00e9 demais, imagina afeminado, estiloso&#8230;<\/p>\n\n\n\n<p>Para voc\u00ea que se esconde da sociedade por medo do que ela vai pensar, quero dizer que a sua ess\u00eancia n\u00e3o est\u00e1 na apar\u00eancia f\u00edsica ou trejeitos e sim no conte\u00fado. Ser VOC\u00ca n\u00e3o \u00e9 a pior coisa do mundo, voc\u00ea apenas tem que aprender a conviver com algumas barreiras e viver de uma forma diferente. Tem que aceitar que faz parte de um grupo que necessita de uma cidade, lugar ou mundo melhor e n\u00e3o ter vergonha e sim orgulho disso. O problema n\u00e3o est\u00e1 em voc\u00ea.<\/p>\n\n\n\n<p>Eu, particularmente, demorei um tempo para perceber que o tempo estava passando e que n\u00e3o era eu, falo na quest\u00e3o sexual, \u00e9 t\u00e3o bom tirar esse peso das costas, viver como o ator principal e n\u00e3o o figurante. Com meu corpo n\u00e3o tinha preconceito, mas achava que poderia melhor, at\u00e9 em fun\u00e7\u00e3o de concursos e eventos e fiz procedimentos est\u00e9ticos e cir\u00fargicos e apoio sim quem pode fazer e acredita que ficar\u00e1 melhor, hoje amo minha realidade. Simplesmente agrade\u00e7o a Deus por conseguir formar uma fam\u00edlia, viver ao lado dela e ser refer\u00eancia para outras, assim como estou tentando fazer com essas palavras.<\/p>\n\n\n\n<p>No entanto, gosto sempre de frisar para os que est\u00e3o ao meu redor e para os que conversam comigo pela primeira vez que se pudesse escolher entre o hoje ou o ontem, sem d\u00favida escolheria os dois, pois hoje me tornei essa pessoa gra\u00e7as ao que passei e vivi ontem, estamos sempre em evolu\u00e7\u00e3o.<\/p>\n\n\n\n<p>Ser do jeito que estou, com as mesmas dificuldades na vida, porque \u00e9 a minha vida, os meus desafios que movem a for\u00e7a que apresento, \u00e9 ela que me proporciona coragem para lutar por meus ideais. Talvez se eu n\u00e3o possu\u00edsse nenhum problema seria visto como um mero ser humano, sem a melhor fam\u00edlia, sem os melhores amigos, sem o mais sincero sorriso.<\/p>\n\n\n\n<p>Mas gra\u00e7as a Deus, cada dia aprendo que essas dificuldades n\u00e3o podem fazer eu parar, pelo contr\u00e1rio tem que me dar for\u00e7as para viver intensamente o hoje.<\/p>\n\n\n\n<p>Pois intenso \u00e9 meu sobrenome, e isso ajuda-me a ser quem sou e de certo modo j\u00e1 me recompensa com familiares, meu amor e amigos maravilhosos, sem contar a minha felicidade que contagia os lugares por onde passo.<\/p>\n\n\n\n<p>Portanto, viva e fa\u00e7a sempre sua parte! Seja uma pessoa boa! Esque\u00e7a, por mais dif\u00edcil que for, alguns problemas, e se liberte, goze cada momento como se fosse o \u00faltimo, porque o tempo j\u00e1 \u00e9 t\u00e3o passageiro para ficar se lastimando por coisas que n\u00e3o mudam e que n\u00e3o adianta se prender.<br><\/p>\n\n\n\n<figure class=\"wp-block-image size-medium\"><img width=\"300\" height=\"200\" src=\"https:\/\/vimagazine.com.br\/wp-content\/uploads\/2022\/01\/image-21-01-22-02-55-1-300x200.jpeg\" alt=\"\" class=\"wp-image-2648\" srcset=\"https:\/\/vimagazine.com.br\/wp-content\/uploads\/2022\/01\/image-21-01-22-02-55-1-300x200.jpeg 300w, https:\/\/vimagazine.com.br\/wp-content\/uploads\/2022\/01\/image-21-01-22-02-55-1-1024x683.jpeg 1024w, https:\/\/vimagazine.com.br\/wp-content\/uploads\/2022\/01\/image-21-01-22-02-55-1-768x512.jpeg 768w, https:\/\/vimagazine.com.br\/wp-content\/uploads\/2022\/01\/image-21-01-22-02-55-1-1536x1024.jpeg 1536w, https:\/\/vimagazine.com.br\/wp-content\/uploads\/2022\/01\/image-21-01-22-02-55-1.jpeg 1920w\" sizes=\"(max-width: 300px) 100vw, 300px\" \/><\/figure>\n\n\n\n<p style=\"font-size:11px\">Imagens: Divulga\u00e7\u00e3o<\/p>\n\n\n\n<p class=\"has-small-font-size\"><strong>Vagner Oliveira<\/strong><\/p>\n\n\n\n<p class=\"has-small-font-size\"><strong>Advogado<\/strong><\/p>\n\n\n\n<p class=\"has-small-font-size\"><strong>Especialista em Direito Homoafetivo<\/strong><\/p>\n\n\n\n<p class=\"has-small-font-size\"><strong>P\u00f3s-Graduado em Processo Civil<\/strong><\/p>\n\n\n\n<p class=\"has-small-font-size\"><strong>Instagram: @eu.vagner<\/strong><\/p>\n\n\n\n<p class=\"has-small-font-size\"><strong>Contato: <\/strong><a href=\"mailto:advogadovagner@hotmail.com\"><strong>advogadovagner@hotmail.com<\/strong><\/a><\/p>\n\n\n\n<div class=\"wp-block-media-text alignwide has-background\" style=\"background:linear-gradient(135deg,rgb(238,238,238) 79%,rgb(169,184,195) 100%);grid-template-columns:15% auto\"><figure class=\"wp-block-media-text__media\"><img width=\"706\" height=\"706\" src=\"https:\/\/vimagazine.com.br\/wp-content\/uploads\/2021\/11\/IMG_9527-3.jpg\" alt=\"\" class=\"wp-image-968 size-full\" srcset=\"https:\/\/vimagazine.com.br\/wp-content\/uploads\/2021\/11\/IMG_9527-3.jpg 706w, https:\/\/vimagazine.com.br\/wp-content\/uploads\/2021\/11\/IMG_9527-3-300x300.jpg 300w, https:\/\/vimagazine.com.br\/wp-content\/uploads\/2021\/11\/IMG_9527-3-150x150.jpg 150w\" sizes=\"(max-width: 706px) 100vw, 706px\" \/><\/figure><div class=\"wp-block-media-text__content\">\n<p style=\"font-size:18px\"><strong>VAGNER OLIVEIRA \u2013 Advogado e Apresentador \/<\/strong>Porto Alegre \u2013 RS<\/p>\n<\/div><\/div>\n","protected":false},"excerpt":{"rendered":"<p>Por: Vagner Oliveira A cada dia recebo not\u00edcias mais tristes de mortes de famosos, an\u00f4nimos,&#8230;<\/p>\n","protected":false},"author":35,"featured_media":2649,"comment_status":"closed","ping_status":"open","sticky":false,"template":"","format":"standard","meta":{"om_disable_all_campaigns":false,"_monsterinsights_skip_tracking":false,"_monsterinsights_sitenote_active":false,"_monsterinsights_sitenote_note":"","_monsterinsights_sitenote_category":0,"spay_email":""},"categories":[26],"tags":[],"jetpack_featured_media_url":"https:\/\/vimagazine.com.br\/wp-content\/uploads\/2022\/01\/image-21-01-22-02-55-1-1.jpeg","_links":{"self":[{"href":"https:\/\/vimagazine.com.br\/index.php?rest_route=\/wp\/v2\/posts\/2647"}],"collection":[{"href":"https:\/\/vimagazine.com.br\/index.php?rest_route=\/wp\/v2\/posts"}],"about":[{"href":"https:\/\/vimagazine.com.br\/index.php?rest_route=\/wp\/v2\/types\/post"}],"author":[{"embeddable":true,"href":"https:\/\/vimagazine.com.br\/index.php?rest_route=\/wp\/v2\/users\/35"}],"replies":[{"embeddable":true,"href":"https:\/\/vimagazine.com.br\/index.php?rest_route=%2Fwp%2Fv2%2Fcomments&post=2647"}],"version-history":[{"count":3,"href":"https:\/\/vimagazine.com.br\/index.php?rest_route=\/wp\/v2\/posts\/2647\/revisions"}],"predecessor-version":[{"id":2653,"href":"https:\/\/vimagazine.com.br\/index.php?rest_route=\/wp\/v2\/posts\/2647\/revisions\/2653"}],"wp:featuredmedia":[{"embeddable":true,"href":"https:\/\/vimagazine.com.br\/index.php?rest_route=\/wp\/v2\/media\/2649"}],"wp:attachment":[{"href":"https:\/\/vimagazine.com.br\/index.php?rest_route=%2Fwp%2Fv2%2Fmedia&parent=2647"}],"wp:term":[{"taxonomy":"category","embeddable":true,"href":"https:\/\/vimagazine.com.br\/index.php?rest_route=%2Fwp%2Fv2%2Fcategories&post=2647"},{"taxonomy":"post_tag","embeddable":true,"href":"https:\/\/vimagazine.com.br\/index.php?rest_route=%2Fwp%2Fv2%2Ftags&post=2647"}],"curies":[{"name":"wp","href":"https:\/\/api.w.org\/{rel}","templated":true}]}}