{"id":2662,"date":"2022-01-25T12:30:44","date_gmt":"2022-01-25T15:30:44","guid":{"rendered":"https:\/\/vimagazine.com.br\/?p=2662"},"modified":"2022-01-25T12:30:48","modified_gmt":"2022-01-25T15:30:48","slug":"musical-cargas-dagua-um-musical-de-bolso-fara-apresentacoes-na-mostra-de-teatro-musical-autoral","status":"publish","type":"post","link":"https:\/\/vimagazine.com.br\/?p=2662","title":{"rendered":"Musical &#8220;Cargas D&#8217;\u00e1gua &#8211; Um Musical de Bolso&#8221; far\u00e1 apresenta\u00e7\u00f5es na Mostra de Teatro Musical Autoral"},"content":{"rendered":"\n<p><\/p>\n\n\n\n<p><em>Premiado espet\u00e1culo &#8220;Cargas D&#8217;\u00e1gua &#8211; Um Musical de Bolso&#8221;, faz parte da Mostra de Teatro Musical Autoral &#8220;Arte \u00c9 Progresso&#8221;, que ter\u00e1 apresenta\u00e7\u00f5es em janeiro e fevereiro, no Teatro Viradalata, em S\u00e3o Paulo.<\/em><em><\/em><\/p>\n\n\n\n<p>Espet\u00e1culo do premiado autor Vitor Rocha, &#8220;Cargas D&#8217;\u00e1gua \u2013 Um Musical de Bolso&#8221;, retorna aos palcos ap\u00f3s temporadas de sucesso no Brasil e montagens em Nova Ioque e Londres, desta vez no palco do Teatro Viradalata em S\u00e3o Paulo.<\/p>\n\n\n\n<p><em>Uma hist\u00f3ria que come\u00e7a bem no meio do Brasil, mas um pouquinho para c\u00e1: no sert\u00e3o mineiro. L\u00e1, um menino perde a sua venerada m\u00e3e e acaba por esquecer o seu pr\u00f3prio nome, pois seu padrasto, agora o \u00fanico membro da fam\u00edlia, s\u00f3 o trata por &#8220;moleque&#8221;. Mas tudo muda quando ele faz um amigo nada comum, um peixe, e come\u00e7a a ver toda a sua hist\u00f3ria com outros olhos. Agora ele tem uma miss\u00e3o: levar seu amigo para ver o mar. Uma miss\u00e3o que seria muito f\u00e1cil se ele n\u00e3o tivesse inventado de contornar o pa\u00eds inteiro por dentro antes de sair no litoral.<\/em><em><\/em><\/p>\n\n\n\n<p><em>Em sua jornada, o moleque acaba encontrando distintos personagens que o ajudam ou atrapalham, e de alguma forma, o obrigam a enfrentar os maiores medos dos homens. Entre eles est\u00e3o Charles e Pepita, dois artistas peculiares que ajudam o moleque a dar sentido para sua jornada e consequentemente, para sua vida.<\/em><em><\/em><\/p>\n\n\n\n<p><em>&#8220;Cargas D&#8217;\u00e1gua \u2013 Um Musical de Bolso&#8221; ter\u00e1 apresenta\u00e7\u00f5es \u00e0s quintas-feiras, \u00e0s 20h30, no Teatro Viradalata, em S\u00e3o Paulo. Os ingressos est\u00e3o \u00e0 venda pelo Sympla ou na bilheteria do teatro.<\/em><em><\/em><\/p>\n\n\n\n<p style=\"font-size:18px\"><strong>Sobre &#8220;Arte \u00c9 Progresso&#8221;:<\/strong><strong><\/strong><\/p>\n\n\n\n<p>Ap\u00f3s temporadas de estreia e os desdobramentos que cada projeto teve, como as montagens internacionais de &#8220;Cargas D&#8217;\u00c1gua&#8221;, o filme de &#8220;O M\u00e1gico Di \u00d3&#8221; e a vers\u00e3o para o streaming de &#8220;Bom Dia Sem Companhia&#8221;, essa ser\u00e1 a primeira vez onde todos os espet\u00e1culos estar\u00e3o em cartaz simultaneamente, durante um m\u00eas e no mesmo teatro. Reunindo mais de 50 artistas nacionais, a ideia da mostra, produzida por Luiza Porto e V\u00edtor Rocha atrav\u00e9s da Encanto Art\u00edstico e da Enxame Produ\u00e7\u00f5es Culturais, \u00e9 justamente ocupar os palcos &#8211; depois de muito tempo fora deles &#8211; com hist\u00f3rias brasileiras e destacar a import\u00e2ncia de se produzir espet\u00e1culos autorais, que falem para e sobre o nosso povo.<\/p>\n\n\n\n<p><strong>FICHA T\u00c9CNICA:<\/strong><\/p>\n\n\n\n<p>Idealiza\u00e7\u00e3o, Texto e Letras de&nbsp;<strong>VITOR ROCHA<\/strong><\/p>\n\n\n\n<p>M\u00fasicas de&nbsp;<strong>ANA PAULA VILLAR<\/strong>&nbsp;e&nbsp;<strong>VITOR ROCHA<\/strong><\/p>\n\n\n\n<p>Dire\u00e7\u00e3o de&nbsp;<strong>VICTORIA ARIANTE<\/strong><\/p>\n\n\n\n<p>Dire\u00e7\u00e3o Musical e Arranjos de&nbsp;<strong>HECTOR DE PAULA<\/strong><\/p>\n\n\n\n<p>Desenho de Luz de&nbsp;<strong>FRAN BARROS<\/strong><strong><\/strong><\/p>\n\n\n\n<p>Operadora de Luz&nbsp;<strong>MARINA GATTI<\/strong><strong><\/strong><\/p>\n\n\n\n<p>Desenho de Som de&nbsp;<strong>PAULO ALTAFIM<\/strong>&nbsp;atrav\u00e9s da&nbsp;<strong>AUDIO S.A.<\/strong><strong><\/strong><\/p>\n\n\n\n<p>Operadora de Som&nbsp;<strong>RHAISSA BERTALIA<\/strong><strong><\/strong><\/p>\n\n\n\n<p>Elenco<\/p>\n\n\n\n<p><strong>ANA PAULA VILLAR, ANDR\u00c9 TORQUATO, GUSTAVO MAZZEI e VITOR ROCHA<\/strong><\/p>\n\n\n\n<p>Realiza\u00e7\u00e3o&nbsp;<strong>ENCANTO ART\u00cdSTICO<\/strong>&nbsp;e&nbsp;<strong>ENXAME PRODU\u00c7\u00d5ES CULTURAIS<\/strong><\/p>\n\n\n\n<p>Produ\u00e7\u00e3o Geral&nbsp;<strong>LUIZA PORTO<\/strong>&nbsp;e&nbsp;<strong>VITOR ROCHA<\/strong><\/p>\n\n\n\n<p>Produ\u00e7\u00e3o&nbsp;<strong>GUSTAVO FL\u00d3<\/strong>&nbsp;e&nbsp;<strong>VICTOR MIRANDA<\/strong><\/p>\n\n\n\n<p>Assessoria de Imprensa&nbsp;<strong>MAY CALIXTO<\/strong><strong>&nbsp;por<\/strong><strong>&nbsp;UNICORNIO ASSESSORIA E M\u00cdDIA<\/strong><\/p>\n\n\n\n<p><strong>Servi\u00e7o:<\/strong><\/p>\n\n\n\n<p><em>&#8220;Cargas D&#8217;\u00e1gua \u2013 Um Musical de Bolso&#8221;<\/em><em><\/em><\/p>\n\n\n\n<p>Teatro Viradalata (Rua Apinaj\u00e9s, 1387 \u2013 Sumar\u00e9. S\u00e3o Paulo\/SP)<\/p>\n\n\n\n<p>Estreia em 27 de janeiro de 2022<\/p>\n\n\n\n<p>Curta temporada at\u00e9 17 de fevereiro de 2022<\/p>\n\n\n\n<p>Quintas-feiras \u00e0s 20h30<\/p>\n\n\n\n<p>Ingressos: R$70,00 (inteira) e R$35,00 (meia)<\/p>\n\n\n\n<p>Vendas de ingressos:<\/p>\n\n\n\n<p>G\u00eanero: Musical<\/p>\n\n\n\n<p>Dura\u00e7\u00e3o: 60 min<\/p>\n\n\n\n<p><strong>Classifica\u00e7\u00e3o et\u00e1ria:<\/strong>&nbsp;Livre<\/p>\n\n\n\n<p><strong>Ponto de Venda sem Taxa de Conveni\u00eancia:<\/strong><\/p>\n\n\n\n<p>Teatro Viradalata &#8211; Rua Apinaj\u00e9s, 1387 &#8211; Sumar\u00e9, S\u00e3o Paulo &#8211; SP<\/p>\n\n\n\n<p>Informa\u00e7\u00e3o: (11) 3868-2535<\/p>\n\n\n\n<p>Hor\u00e1rio de atendimento ao p\u00fablico:<\/p>\n\n\n\n<p>sexta &#8211; das 19h at\u00e9 22h<\/p>\n\n\n\n<p>s\u00e1bados &#8211; das 19h at\u00e9 22h<\/p>\n\n\n\n<p>domingos &#8211; das 17h at\u00e9 20h<\/p>\n\n\n\n<p><strong>*Abertura da bilheteria:<\/strong>&nbsp;duas horas antes do espet\u00e1culo&nbsp;<\/p>\n\n\n\n<p style=\"font-size:18px\"><strong>Informa\u00e7\u00f5es sobre meia entrada \u2013 50% de desconto<\/strong>&nbsp;<\/p>\n\n\n\n<p>O benef\u00edcio da meia-entrada \u00e9 concedido, mediante a apresenta\u00e7\u00e3o do comprovante, a estudantes; idosos (pessoas com mais de 60 anos); jovens pertencentes a fam\u00edlia de baixa renda com idades de 15 a 29 anos; pessoas com defici\u00eancia e acompanhante, quando necess\u00e1rio; diretores, coordenadores, pedag\u00f3gicos, supervisores e titulares de cargos do quadro de apoio das escolas das redes estadual e municipais; e professores da rede p\u00fablica estadual e das redes municipais de ensino.<\/p>\n","protected":false},"excerpt":{"rendered":"<p>Premiado espet\u00e1culo &#8220;Cargas D&#8217;\u00e1gua &#8211; Um Musical de Bolso&#8221;, faz parte da Mostra de Teatro&#8230;<\/p>\n","protected":false},"author":1,"featured_media":2663,"comment_status":"closed","ping_status":"open","sticky":false,"template":"","format":"standard","meta":{"om_disable_all_campaigns":false,"_monsterinsights_skip_tracking":false,"_monsterinsights_sitenote_active":false,"_monsterinsights_sitenote_note":"","_monsterinsights_sitenote_category":0,"spay_email":""},"categories":[1],"tags":[94,99,63,267],"jetpack_featured_media_url":"https:\/\/vimagazine.com.br\/wp-content\/uploads\/2022\/01\/image1.jpeg","_links":{"self":[{"href":"https:\/\/vimagazine.com.br\/index.php?rest_route=\/wp\/v2\/posts\/2662"}],"collection":[{"href":"https:\/\/vimagazine.com.br\/index.php?rest_route=\/wp\/v2\/posts"}],"about":[{"href":"https:\/\/vimagazine.com.br\/index.php?rest_route=\/wp\/v2\/types\/post"}],"author":[{"embeddable":true,"href":"https:\/\/vimagazine.com.br\/index.php?rest_route=\/wp\/v2\/users\/1"}],"replies":[{"embeddable":true,"href":"https:\/\/vimagazine.com.br\/index.php?rest_route=%2Fwp%2Fv2%2Fcomments&post=2662"}],"version-history":[{"count":1,"href":"https:\/\/vimagazine.com.br\/index.php?rest_route=\/wp\/v2\/posts\/2662\/revisions"}],"predecessor-version":[{"id":2664,"href":"https:\/\/vimagazine.com.br\/index.php?rest_route=\/wp\/v2\/posts\/2662\/revisions\/2664"}],"wp:featuredmedia":[{"embeddable":true,"href":"https:\/\/vimagazine.com.br\/index.php?rest_route=\/wp\/v2\/media\/2663"}],"wp:attachment":[{"href":"https:\/\/vimagazine.com.br\/index.php?rest_route=%2Fwp%2Fv2%2Fmedia&parent=2662"}],"wp:term":[{"taxonomy":"category","embeddable":true,"href":"https:\/\/vimagazine.com.br\/index.php?rest_route=%2Fwp%2Fv2%2Fcategories&post=2662"},{"taxonomy":"post_tag","embeddable":true,"href":"https:\/\/vimagazine.com.br\/index.php?rest_route=%2Fwp%2Fv2%2Ftags&post=2662"}],"curies":[{"name":"wp","href":"https:\/\/api.w.org\/{rel}","templated":true}]}}