{"id":2668,"date":"2022-01-25T16:11:15","date_gmt":"2022-01-25T19:11:15","guid":{"rendered":"https:\/\/vimagazine.com.br\/?p=2668"},"modified":"2022-01-25T16:14:46","modified_gmt":"2022-01-25T19:14:46","slug":"veterinario-da-dicas-sobre-cuidados-com-os-animais-de-estimacao-no-verao","status":"publish","type":"post","link":"https:\/\/vimagazine.com.br\/?p=2668","title":{"rendered":"Veterin\u00e1rio d\u00e1 dicas sobre cuidados com os animais de estima\u00e7\u00e3o no Ver\u00e3o"},"content":{"rendered":"\n<p><\/p>\n\n\n\n<p class=\"has-medium-font-size\"><strong><em>Caso recente de cachorro deixado trancado em um carro, em Balne\u00e1rio Cambori\u00fa, refor\u00e7a a<br>import\u00e2ncia de falar sobre o tema.<\/em><\/strong><\/p>\n\n\n\n<p>O caso da cadelinha Kyra, uma buldogue franc\u00eas que foi deixada trancada dentro de um carro<br>num estacionamento de Balne\u00e1rio Cambori\u00fa (SC), alerta para os riscos e cuidados necess\u00e1rios<br>para lidar com os bichos de estima\u00e7\u00e3o no calor. Kyra precisou ser resgatada pela Pol\u00edcia Militar<br>depois que a comunidade percebeu a situa\u00e7\u00e3o. Apesar da condi\u00e7\u00e3o grave, o animal foi<br>libertado, recebeu tratamento m\u00e9dico e agora est\u00e1 se recuperando em uma cl\u00ednica veterin\u00e1ria.<br><\/p>\n\n\n\n<p>O professor do curso de Medicina Veterin\u00e1ria da UniAvan, Rodrigo Capit\u00e2nio Goldoni, destaca<br>que as altas temperaturas no Ver\u00e3o tornam-se ainda mais elevadas dentro de um carro<br>fechado, podendo chegar a 70 graus em poucos minutos. <\/p>\n\n\n\n<p>\u201cPor isso, em hip\u00f3tese alguma, deve-se deixar um animal ou crian\u00e7a dentro de um carro,  <\/p>\n\n\n\n<p>porque em pouco tempo pode ser fatal,&#8221; ressalta.<br><\/p>\n\n\n\n<p>Algumas ra\u00e7as de c\u00e3es, como buldogues, devido a sua anatomia, t\u00eam uma dificuldade ainda<br>maior para realizar a troca gasosa, tornando o risco muito maior\u201d, explica. Rodrigo se refere ao<br>n\u00famero de gl\u00e2ndulas sudor\u00edparas na pele dos c\u00e3es, que \u00e9 muito menor do que o dos humanos,<br>o que impede os animais de fazerem uma troca de calor eficaz por meio da transpira\u00e7\u00e3o. \u201cPor<br>isso, a regula\u00e7\u00e3o t\u00e9rmica \u00e9 feita atrav\u00e9s da sua respira\u00e7\u00e3o, motivo este que explica porque \u00e0s<br>vezes o c\u00e3o est\u00e1 ofegante mesmo quando parado\u201d, complementa o m\u00e9dico-veterin\u00e1rio.<br><\/p>\n\n\n\n<p>Quando deixamos um c\u00e3o preso em um ambiente fechado, \u00famido e quente, seu organismo<br>n\u00e3o \u00e9 capaz de resfriar na mesma rapidez com que a temperatura sobe. O fato de ele come\u00e7ar<br>a ficar extremamente ofegante aumenta a umidade do local, saturando o ar com vapor de<br>\u00e1gua, impossibilitando ainda mais a troca de calor. Com o aumento da temperatura corporal e<br>a incapacidade de resfriamento, a taxa metab\u00f3lica do animal tamb\u00e9m aumenta, intensificando<br>sua desidrata\u00e7\u00e3o e rapidamente levando a perda da consci\u00eancia e morte.<\/p>\n\n\n\n<figure class=\"wp-block-image size-large is-resized\"><img src=\"https:\/\/vimagazine.com.br\/wp-content\/uploads\/2022\/01\/IMG_20220114_190128-1024x707.jpg\" alt=\"\" class=\"wp-image-2667\" width=\"256\" height=\"177\" srcset=\"https:\/\/vimagazine.com.br\/wp-content\/uploads\/2022\/01\/IMG_20220114_190128-1024x707.jpg 1024w, https:\/\/vimagazine.com.br\/wp-content\/uploads\/2022\/01\/IMG_20220114_190128-300x207.jpg 300w, https:\/\/vimagazine.com.br\/wp-content\/uploads\/2022\/01\/IMG_20220114_190128-768x530.jpg 768w, https:\/\/vimagazine.com.br\/wp-content\/uploads\/2022\/01\/IMG_20220114_190128.jpg 1080w\" sizes=\"(max-width: 256px) 100vw, 256px\" \/><\/figure>\n\n\n\n<p class=\"has-medium-font-size\"><strong>O que fazer se testemunhar uma situa\u00e7\u00e3o como essa?<\/strong><\/p>\n\n\n\n<p>Caso voc\u00ea encontre um animal nessa situa\u00e7\u00e3o, o ideal \u00e9 ligar para \u00f3rg\u00e3os p\u00fablicos e informar o<br>ocorrido, al\u00e9m de gravar a situa\u00e7\u00e3o com um celular para poder se resguardar. No resgate do<br>animal, \u00e9 important\u00edssimo que ele seja levado rapidamente para um atendimento m\u00e9dico<br>veterin\u00e1rio, onde o animal pode receber suporte de oxig\u00eanio e, dependendo do caso, at\u00e9 ser<br>sedado ou intubado. \u201cEntre os primeiros cuidados, o ideal \u00e9 levar o animal para uma sombra<br>ou um ambiente resfriado, utilizar panos molhados ou gelo para ir molhando e diminuindo a<br>temperatura do corpo, colocando bolsas de gelo nas axilas e abd\u00f4men\u201d, comenta o veterin\u00e1rio<br>Rodrigo Capit\u00e2nio Goldoni. Ele observa, no entanto, que \u00e9 preciso ter um cuidado especial com<br>o gelo em contato com a pele, porque pode machuc\u00e1-la, e completa: \u201cDeixe a boca do animal<br>livre, crie espa\u00e7o para que ele possa respirar, v\u00e1 resfriando o corpo e leve imediatamente at\u00e9<br>uma cl\u00ednica veterin\u00e1ria\u201d.<br><\/p>\n\n\n\n<p>Para viagens ou at\u00e9 mesmo um passeio durante o Ver\u00e3o, os cuidados devem ser os mesmos:<br>evite hor\u00e1rios quentes; deixe \u00e1gua livre e em abund\u00e2ncia; evite ambientes pequenos e<br>fechados; utilize ar condicionado no carro (principalmente em dias mais quentes); e tenha um<br>cuidado ainda maior com ra\u00e7as de focinho achatado.<br><\/p>\n\n\n\n<p style=\"font-size:12px\">Por: Hiram Delagnolli<\/p>\n\n\n\n<p style=\"font-size:11px\">Fotos: Pixabay<\/p>\n","protected":false},"excerpt":{"rendered":"<p>Caso recente de cachorro deixado trancado em um carro, em Balne\u00e1rio Cambori\u00fa, refor\u00e7a aimport\u00e2ncia de&#8230;<\/p>\n","protected":false},"author":35,"featured_media":2669,"comment_status":"closed","ping_status":"open","sticky":false,"template":"","format":"standard","meta":{"om_disable_all_campaigns":false,"_monsterinsights_skip_tracking":false,"_monsterinsights_sitenote_active":false,"_monsterinsights_sitenote_note":"","_monsterinsights_sitenote_category":0,"spay_email":""},"categories":[27],"tags":[],"jetpack_featured_media_url":"https:\/\/vimagazine.com.br\/wp-content\/uploads\/2022\/01\/IMG_20220114_190140.jpg","_links":{"self":[{"href":"https:\/\/vimagazine.com.br\/index.php?rest_route=\/wp\/v2\/posts\/2668"}],"collection":[{"href":"https:\/\/vimagazine.com.br\/index.php?rest_route=\/wp\/v2\/posts"}],"about":[{"href":"https:\/\/vimagazine.com.br\/index.php?rest_route=\/wp\/v2\/types\/post"}],"author":[{"embeddable":true,"href":"https:\/\/vimagazine.com.br\/index.php?rest_route=\/wp\/v2\/users\/35"}],"replies":[{"embeddable":true,"href":"https:\/\/vimagazine.com.br\/index.php?rest_route=%2Fwp%2Fv2%2Fcomments&post=2668"}],"version-history":[{"count":6,"href":"https:\/\/vimagazine.com.br\/index.php?rest_route=\/wp\/v2\/posts\/2668\/revisions"}],"predecessor-version":[{"id":2676,"href":"https:\/\/vimagazine.com.br\/index.php?rest_route=\/wp\/v2\/posts\/2668\/revisions\/2676"}],"wp:featuredmedia":[{"embeddable":true,"href":"https:\/\/vimagazine.com.br\/index.php?rest_route=\/wp\/v2\/media\/2669"}],"wp:attachment":[{"href":"https:\/\/vimagazine.com.br\/index.php?rest_route=%2Fwp%2Fv2%2Fmedia&parent=2668"}],"wp:term":[{"taxonomy":"category","embeddable":true,"href":"https:\/\/vimagazine.com.br\/index.php?rest_route=%2Fwp%2Fv2%2Fcategories&post=2668"},{"taxonomy":"post_tag","embeddable":true,"href":"https:\/\/vimagazine.com.br\/index.php?rest_route=%2Fwp%2Fv2%2Ftags&post=2668"}],"curies":[{"name":"wp","href":"https:\/\/api.w.org\/{rel}","templated":true}]}}