{"id":2687,"date":"2022-01-26T12:12:05","date_gmt":"2022-01-26T15:12:05","guid":{"rendered":"https:\/\/vimagazine.com.br\/?p=2687"},"modified":"2022-01-26T12:12:08","modified_gmt":"2022-01-26T15:12:08","slug":"musical-se-essa-lua-fosse-minha-fara-apresentacoes-na-mostra-de-teatro-musical-autoral","status":"publish","type":"post","link":"https:\/\/vimagazine.com.br\/?p=2687","title":{"rendered":"Musical &#8220;Se Essa Lua Fosse Minha&#8221; far\u00e1 apresenta\u00e7\u00f5es na Mostra de Teatro Musical Autoral"},"content":{"rendered":"\n<p><\/p>\n\n\n\n<p class=\"has-medium-font-size\"><strong>Espet\u00e1culo do premiado autor Vitor Rocha, &#8220;Se Essa Lua Fosse Minha&#8221;, faz parte da Mostra de Teatro Musical Autoral &#8220;Arte \u00c9 Progresso&#8221;, que ter\u00e1 apresenta\u00e7\u00f5es em janeiro e fevereiro no Teatro Viradalata, em S\u00e3o Paulo.<\/strong><\/p>\n\n\n\n<p><\/p>\n\n\n\n<p>O premiado espet\u00e1culo musical &#8220;Se Essa Lua Fosse Minha&#8221; volta aos palcos do Teatro Viradalata em 2022, ap\u00f3s temporada suspensa em fun\u00e7\u00e3o do Covid-19 no primeiro semestre de 2020.<\/p>\n\n\n\n<p><em>Sa\u00eddo de Terrarrosa, uma prov\u00edncia da Espanha, um povo navega pelo oceano em busca de um lugar para construir um novo amanh\u00e3. Eis que lhe \u00e9 apresentada a terra de Porto Leste, uma ilha que para a surpresa de todos j\u00e1 era habitada por um outro povo. A diferen\u00e7a de cren\u00e7as e culturas faz com que uma divis\u00e3o se torne indispens\u00e1vel e uma linha \u00e9 riscada no ch\u00e3o a fim de evitar a guerra. De um lado fica a destemida Leila e do outro o rebelde Iago. Quem \u00e9 que faria um cora\u00e7\u00e3o respeitar uma linha riscada no ch\u00e3o?<\/em><em><\/em><\/p>\n\n\n\n<p><em>A lua escuta mais versos de amor do que os pr\u00f3prios amantes. Enquanto isso, da Espanha vem Belisa, predestinada a se casar com ele, da terra vem a flor do alecrim, talvez a solu\u00e7\u00e3o para ela. O lencinho branco cai no ch\u00e3o. O anel que era de vidro e se quebra. Os p\u00e9s virados para tr\u00e1s. Um canto que atrai os homens. Pirulito que tanto bate. A hist\u00f3ria \u00e0s vezes rima, \u00e0s vezes ensina e \u00e0s vezes faz os dois ao mesmo tempo, s\u00e3o dois coelhos numa cajadada s\u00f3!<\/em><em><\/em><\/p>\n\n\n\n<p><em>&#8220;Se Essa Lua Fosse Minha&#8221; ter\u00e1 apresenta\u00e7\u00f5es \u00e0s sextas-feiras, \u00e0s 20h30, no Teatro Viradalata, em S\u00e3o Paulo. Os ingressos est\u00e3o \u00e0 venda pelo Sympla ou na bilheteria do teatro.<\/em><em><\/em><\/p>\n\n\n\n<p style=\"font-size:18px\"><strong>Sobre &#8220;Arte \u00c9 Progresso&#8221;:<\/strong><strong><\/strong><\/p>\n\n\n\n<p>Ap\u00f3s temporadas de estreia e os desdobramentos que cada projeto teve, como as montagens internacionais de &#8220;Cargas D&#8217;\u00c1gua&#8221;, o filme de &#8220;O M\u00e1gico Di \u00d3&#8221; e a vers\u00e3o para o streaming de &#8220;Bom Dia Sem Companhia&#8221;, essa ser\u00e1 a primeira vez onde todos os espet\u00e1culos estar\u00e3o em cartaz simultaneamente, durante um m\u00eas e no mesmo teatro. Reunindo mais de 50 artistas nacionais, a ideia da mostra, produzida por Luiza Porto e V\u00edtor Rocha atrav\u00e9s da Encanto Art\u00edstico e da Enxame Produ\u00e7\u00f5es Culturais, \u00e9 justamente ocupar os palcos &#8211; depois de muito tempo fora deles &#8211; com hist\u00f3rias brasileiras e destacar a import\u00e2ncia de se produzir espet\u00e1culos autorais, que falem para e sobre o nosso povo.<\/p>\n\n\n\n<p style=\"font-size:18px\"><strong>Ficha T\u00e9cnica:<\/strong><\/p>\n\n\n\n<p>Idealiza\u00e7\u00e3o, Texto e Letras de&nbsp;<strong>VITOR ROCHA<\/strong><\/p>\n\n\n\n<p>M\u00fasicas de&nbsp;<strong>ELTON TOWERSEY&nbsp;<\/strong><strong>e<\/strong><strong>&nbsp;VITOR ROCHA<\/strong><\/p>\n\n\n\n<p>Dire\u00e7\u00e3o de&nbsp;<strong>VICTORIA ARIANTE<\/strong><\/p>\n\n\n\n<p>Dire\u00e7\u00e3o Musical e Arranjos de&nbsp;<strong>ELTON TOWERSEY<\/strong><\/p>\n\n\n\n<p>Dire\u00e7\u00e3o de Movimento e Coreografia de&nbsp;<strong>ALBERTO VENCESLAU<\/strong><\/p>\n\n\n\n<p>Prepara\u00e7\u00e3o de Elenco de&nbsp;<strong>LENITA PONCE<\/strong><\/p>\n\n\n\n<p>Desenho de Luz de&nbsp;<strong>FRAN BARROS<\/strong><strong><\/strong><\/p>\n\n\n\n<p>Operadora de Luz&nbsp;<strong>MARINA GATTI<\/strong><strong><\/strong><\/p>\n\n\n\n<p>Desenho de Som de&nbsp;<strong>PAULO ALTAFIM<\/strong>&nbsp;atrav\u00e9s da&nbsp;<strong>AUDIO S.A.<\/strong><\/p>\n\n\n\n<p style=\"font-size:18px\"><strong>Elenco<\/strong><\/p>\n\n\n\n<p><strong>LUCI SALUTES, ARTHUR BERGES, ALINE CUNHA, MARISOL MARCONDES, DAVI T\u00c1PIAS, VITOR ROCHA, DANIEL HAIDAR, FILIPE INACIO, F\u00c1BIO VENTURA, LARISSA CARNEIRO e FERNANDO LOUREN\u00c7\u00c3O<\/strong><\/p>\n\n\n\n<p>Realiza\u00e7\u00e3o&nbsp;<strong>ENCANTO ART\u00cdSTICO<\/strong>&nbsp;e&nbsp;<strong>ENXAME PRODU\u00c7\u00d5ES CULTURAIS<\/strong><\/p>\n\n\n\n<p>Produ\u00e7\u00e3o Geral&nbsp;<strong>LUIZA PORTO<\/strong>&nbsp;e&nbsp;<strong>VITOR ROCHA<\/strong><\/p>\n\n\n\n<p>Produ\u00e7\u00e3o&nbsp;<strong>GUSTAVO FL\u00d3<\/strong>&nbsp;e&nbsp;<strong>VICTOR MIRANDA<\/strong><\/p>\n\n\n\n<p>Assessoria de Imprensa&nbsp;<strong>MAY CALIXTO<\/strong><strong>&nbsp;por<\/strong><strong>&nbsp;UNIC\u00d3RNIO ASSESSORIA E M\u00cdDIA<\/strong><strong><\/strong><\/p>\n\n\n\n<p style=\"font-size:18px\"><strong>Servi\u00e7o:<\/strong><\/p>\n\n\n\n<p><em>&#8220;Se Essa Lua Fosse Minha&#8221;<\/em><em><\/em><\/p>\n\n\n\n<p>Teatro Viradalata (Rua Apinaj\u00e9s, 1387 \u2013 Sumar\u00e9. S\u00e3o Paulo\/SP)<\/p>\n\n\n\n<p>Estreia em 28 de janeiro de 2022<\/p>\n\n\n\n<p>Curta temporada at\u00e9 18 de fevereiro de 2022<\/p>\n\n\n\n<p>Sextas-feiras \u00e0s 20h30<\/p>\n\n\n\n<p>Ingressos: R$60,00 (inteira) e R$30,00 (meia)<\/p>\n\n\n\n<p>Vendas de ingressos:<\/p>\n\n\n\n<p>G\u00eanero: Musical<\/p>\n\n\n\n<p>Dura\u00e7\u00e3o: 170 min.<\/p>\n\n\n\n<p><strong>Classifica\u00e7\u00e3o et\u00e1ria:<\/strong>&nbsp;12 anos&nbsp;<\/p>\n\n\n\n<p><strong>Ponto de Venda sem Taxa de Conveni\u00eancia:<\/strong><\/p>\n\n\n\n<p>Teatro Viradalata &#8211; Rua Apinaj\u00e9s, 1387 &#8211; Sumar\u00e9, S\u00e3o Paulo &#8211; SP<\/p>\n\n\n\n<p>Informa\u00e7\u00e3o: (11) 3868-2535<\/p>\n\n\n\n<p>Hor\u00e1rio de atendimento ao p\u00fablico:<\/p>\n\n\n\n<p>sexta &#8211; das 19h at\u00e9 22h<\/p>\n\n\n\n<p>s\u00e1bados &#8211; das 19h at\u00e9 22h<\/p>\n\n\n\n<p>domingos &#8211; das 17h at\u00e9 20h<\/p>\n\n\n\n<p><strong>*Abertura da bilheteria:<\/strong>\u00a0duas horas antes do espet\u00e1culo\u00a0<\/p>\n\n\n\n<p><strong>Informa\u00e7\u00f5es sobre meia entrada \u2013 50% de desconto<\/strong>\u00a0<em>O benef\u00edcio da meia-entrada \u00e9 concedido, mediante a apresenta\u00e7\u00e3o do comprovante, a estudantes; idosos (pessoas com mais de 60 anos); jovens pertencentes a fam\u00edlia de baixa renda com idades de 15 a 29 anos; pessoas com defici\u00eancia e acompanhante, quando necess\u00e1rio; diretores, coordenadores, pedag\u00f3gicos, supervisores e titulares de cargos do quadro de apoio das escolas das redes estadual e municipais; e professores da rede p\u00fablica estadual e das redes municipais de ensino.<\/em><\/p>\n","protected":false},"excerpt":{"rendered":"<p>Espet\u00e1culo do premiado autor Vitor Rocha, &#8220;Se Essa Lua Fosse Minha&#8221;, faz parte da Mostra&#8230;<\/p>\n","protected":false},"author":1,"featured_media":2688,"comment_status":"closed","ping_status":"open","sticky":false,"template":"","format":"standard","meta":{"om_disable_all_campaigns":false,"_monsterinsights_skip_tracking":false,"_monsterinsights_sitenote_active":false,"_monsterinsights_sitenote_note":"","_monsterinsights_sitenote_category":0,"spay_email":""},"categories":[26],"tags":[],"jetpack_featured_media_url":"https:\/\/vimagazine.com.br\/wp-content\/uploads\/2022\/01\/image2.jpeg","_links":{"self":[{"href":"https:\/\/vimagazine.com.br\/index.php?rest_route=\/wp\/v2\/posts\/2687"}],"collection":[{"href":"https:\/\/vimagazine.com.br\/index.php?rest_route=\/wp\/v2\/posts"}],"about":[{"href":"https:\/\/vimagazine.com.br\/index.php?rest_route=\/wp\/v2\/types\/post"}],"author":[{"embeddable":true,"href":"https:\/\/vimagazine.com.br\/index.php?rest_route=\/wp\/v2\/users\/1"}],"replies":[{"embeddable":true,"href":"https:\/\/vimagazine.com.br\/index.php?rest_route=%2Fwp%2Fv2%2Fcomments&post=2687"}],"version-history":[{"count":1,"href":"https:\/\/vimagazine.com.br\/index.php?rest_route=\/wp\/v2\/posts\/2687\/revisions"}],"predecessor-version":[{"id":2689,"href":"https:\/\/vimagazine.com.br\/index.php?rest_route=\/wp\/v2\/posts\/2687\/revisions\/2689"}],"wp:featuredmedia":[{"embeddable":true,"href":"https:\/\/vimagazine.com.br\/index.php?rest_route=\/wp\/v2\/media\/2688"}],"wp:attachment":[{"href":"https:\/\/vimagazine.com.br\/index.php?rest_route=%2Fwp%2Fv2%2Fmedia&parent=2687"}],"wp:term":[{"taxonomy":"category","embeddable":true,"href":"https:\/\/vimagazine.com.br\/index.php?rest_route=%2Fwp%2Fv2%2Fcategories&post=2687"},{"taxonomy":"post_tag","embeddable":true,"href":"https:\/\/vimagazine.com.br\/index.php?rest_route=%2Fwp%2Fv2%2Ftags&post=2687"}],"curies":[{"name":"wp","href":"https:\/\/api.w.org\/{rel}","templated":true}]}}