{"id":2693,"date":"2022-01-27T11:27:57","date_gmt":"2022-01-27T14:27:57","guid":{"rendered":"https:\/\/vimagazine.com.br\/?p=2693"},"modified":"2022-01-27T11:28:00","modified_gmt":"2022-01-27T14:28:00","slug":"itapema-sc-continuam-abertas-as-inscricoes-para-os-cursos-gratuitos-na-escola-movel-senai","status":"publish","type":"post","link":"https:\/\/vimagazine.com.br\/?p=2693","title":{"rendered":"ITAPEMA SC &#8211; Continuam abertas as inscri\u00e7\u00f5es para os cursos gratuitos na escola m\u00f3vel SENAI"},"content":{"rendered":"\n<p><\/p>\n\n\n\n<p>Para quem busca uma qualifica\u00e7\u00e3o no mercado de trabalho, a boa not\u00edcia \u00e9 que continuam<br>abertas as inscri\u00e7\u00f5es para os cursos profissionalizantes na Escola M\u00f3vel do SENAI, em Itapema.<br>Os cursos s\u00e3o totalmente gratuitos e resultaram de uma parceria entre a Prefeitura Municipal,<br>por meio da Secretaria de Turismo, Cultura, Esporte e Desenvolvimento Econ\u00f4mico e o SENAI.<br>\u201cBuscamos atender a necessidade de cada munic\u00edpio, realizando cursos que qualifiquem os<br>moradores e tamb\u00e9m oportunize o primeiro emprego\u201d, destacou a coordenadora de educa\u00e7\u00e3o<br>profissional do SENAI na Foz do Rio Itaja\u00ed, Fabiana Cerato.<br><\/p>\n\n\n\n<p>Ao todo ser\u00e3o ofertados 10 cursos profissionalizantes voltados para a constru\u00e7\u00e3o civil, entre<br>eles assentador de revestimento cer\u00e2mico e porcelanato, or\u00e7amentista; ajudante de pintor,<br>assentador cer\u00e2mico, eletricista residencial, eletricista predial, gerente de obras, pedreiro de<br>alvenaria, leitura de projeto, qualidade de atendimento e vendas.<br>As aulas iniciam em 01 de fevereiro e seguem at\u00e9 30 de abril de 2022, de segunda a sextafeira, das 13h30 \u00e0s 22h30 (hor\u00e1rios vespertino e noturno) e aos s\u00e1bados, das 8h30 \u00e0s 17h30<br>(hor\u00e1rios matutino e vespertino). A Escola M\u00f3vel do SENAI j\u00e1 est\u00e1 totalmente estruturada na<br>Rua 406-B1, esquina com a Rua 410, no Bairro Morretes e ter\u00e1 capacidade para atender 22<br>turmas.<\/p>\n\n\n\n<p><br>Os interessados em preencher uma das vagas restantes, devem procurar a Secretaria de<br>Turismo, Cultura, Esporte e Desenvolvimento Econ\u00f4mico de Itapema que est\u00e1 localizada na<br>Avenida Jo\u00e3o Francisco Pio, no Bairro Canto da Praia, das 9h \u00e0s 17h. \u00c9 necess\u00e1rio apresentar<br>documento de Identidade, CPF, comprovante de resid\u00eancia, holerite (se houver), CTPS, ser<br>morador da regi\u00e3o, ter idade m\u00ednima de 16 anos e renda de at\u00e9 tr\u00eas sal\u00e1rios m\u00ednimos. O<br>preenchimento ser\u00e1 por vagas dispon\u00edveis e ordem de chegada.<br>\u201cEstudar na Escola M\u00f3vel do SENAI \u00e9 mais um grande passo para quem busca<br>profissionaliza\u00e7\u00e3o e qualifica\u00e7\u00e3o Todos os cursos est\u00e3o direcionados para as \u00e1reas com maior<br>demanda de Itapema e regi\u00e3o, como a constru\u00e7\u00e3o civil e o com\u00e9rcio\u201d, explicou o Secret\u00e1rio de<br>Turismo, Cultura, Esporte e Desenvolvimento Econ\u00f4mico, Fabr\u00edcio Lazzari.<br><\/p>\n\n\n\n<figure class=\"wp-container-2 wp-block-gallery-1 wp-block-gallery columns-2 is-cropped\"><ul class=\"blocks-gallery-grid\"><li class=\"blocks-gallery-item\"><figure><img width=\"300\" height=\"216\" src=\"https:\/\/vimagazine.com.br\/wp-content\/uploads\/2022\/01\/IMG_20220127_095109-300x216.jpg\" alt=\"\" data-id=\"2694\" data-full-url=\"https:\/\/vimagazine.com.br\/wp-content\/uploads\/2022\/01\/IMG_20220127_095109.jpg\" data-link=\"https:\/\/vimagazine.com.br\/?attachment_id=2694\" class=\"wp-image-2694\" srcset=\"https:\/\/vimagazine.com.br\/wp-content\/uploads\/2022\/01\/IMG_20220127_095109-300x216.jpg 300w, https:\/\/vimagazine.com.br\/wp-content\/uploads\/2022\/01\/IMG_20220127_095109-1024x738.jpg 1024w, https:\/\/vimagazine.com.br\/wp-content\/uploads\/2022\/01\/IMG_20220127_095109-768x553.jpg 768w, https:\/\/vimagazine.com.br\/wp-content\/uploads\/2022\/01\/IMG_20220127_095109.jpg 1080w\" sizes=\"(max-width: 300px) 100vw, 300px\" \/><\/figure><\/li><li class=\"blocks-gallery-item\"><figure><img width=\"1024\" height=\"752\" src=\"https:\/\/vimagazine.com.br\/wp-content\/uploads\/2022\/01\/IMG_20220127_095120-1024x752.jpg\" alt=\"\" data-id=\"2695\" data-full-url=\"https:\/\/vimagazine.com.br\/wp-content\/uploads\/2022\/01\/IMG_20220127_095120.jpg\" data-link=\"https:\/\/vimagazine.com.br\/?attachment_id=2695\" class=\"wp-image-2695\" srcset=\"https:\/\/vimagazine.com.br\/wp-content\/uploads\/2022\/01\/IMG_20220127_095120-1024x752.jpg 1024w, https:\/\/vimagazine.com.br\/wp-content\/uploads\/2022\/01\/IMG_20220127_095120-300x220.jpg 300w, https:\/\/vimagazine.com.br\/wp-content\/uploads\/2022\/01\/IMG_20220127_095120-768x564.jpg 768w, https:\/\/vimagazine.com.br\/wp-content\/uploads\/2022\/01\/IMG_20220127_095120.jpg 1080w\" sizes=\"(max-width: 1024px) 100vw, 1024px\" \/><\/figure><\/li><\/ul><\/figure>\n\n\n\n<p><strong>SOBRE A ESCOLA M\u00d3VEL<\/strong><\/p>\n\n\n\n<p><br>A Escola M\u00f3vel do SENAI \u00e9 montada com tendas, cont\u00eaineres e carretas adaptadas para o<br>funcionamento de laborat\u00f3rios e oficinas, contando com secretaria, salas de aula com kits<br>did\u00e1ticos m\u00f3veis e banheiros. As carretas semirreboques s\u00e3o mobiliadas e equipadas para<br>desenvolver as atividades espec\u00edficas de cada tipo de curso que s\u00e3o personalizados, alinhados<br>\u00e0s demandas locais e contam com aprendizado focado em atividades pr\u00e1ticas com ambiente<br>de ensino flex\u00edvel e infraestrutura completa e certifica\u00e7\u00e3o com a credibilidade do SENAI\/SC.<\/p>\n\n\n\n<p><\/p>\n","protected":false},"excerpt":{"rendered":"<p>Para quem busca uma qualifica\u00e7\u00e3o no mercado de trabalho, a boa not\u00edcia \u00e9 que continuamabertas&#8230;<\/p>\n","protected":false},"author":35,"featured_media":2696,"comment_status":"closed","ping_status":"open","sticky":false,"template":"","format":"standard","meta":{"om_disable_all_campaigns":false,"_monsterinsights_skip_tracking":false,"_monsterinsights_sitenote_active":false,"_monsterinsights_sitenote_note":"","_monsterinsights_sitenote_category":0,"spay_email":""},"categories":[1],"tags":[],"jetpack_featured_media_url":"https:\/\/vimagazine.com.br\/wp-content\/uploads\/2022\/01\/IMG_20220127_095055.jpg","_links":{"self":[{"href":"https:\/\/vimagazine.com.br\/index.php?rest_route=\/wp\/v2\/posts\/2693"}],"collection":[{"href":"https:\/\/vimagazine.com.br\/index.php?rest_route=\/wp\/v2\/posts"}],"about":[{"href":"https:\/\/vimagazine.com.br\/index.php?rest_route=\/wp\/v2\/types\/post"}],"author":[{"embeddable":true,"href":"https:\/\/vimagazine.com.br\/index.php?rest_route=\/wp\/v2\/users\/35"}],"replies":[{"embeddable":true,"href":"https:\/\/vimagazine.com.br\/index.php?rest_route=%2Fwp%2Fv2%2Fcomments&post=2693"}],"version-history":[{"count":1,"href":"https:\/\/vimagazine.com.br\/index.php?rest_route=\/wp\/v2\/posts\/2693\/revisions"}],"predecessor-version":[{"id":2697,"href":"https:\/\/vimagazine.com.br\/index.php?rest_route=\/wp\/v2\/posts\/2693\/revisions\/2697"}],"wp:featuredmedia":[{"embeddable":true,"href":"https:\/\/vimagazine.com.br\/index.php?rest_route=\/wp\/v2\/media\/2696"}],"wp:attachment":[{"href":"https:\/\/vimagazine.com.br\/index.php?rest_route=%2Fwp%2Fv2%2Fmedia&parent=2693"}],"wp:term":[{"taxonomy":"category","embeddable":true,"href":"https:\/\/vimagazine.com.br\/index.php?rest_route=%2Fwp%2Fv2%2Fcategories&post=2693"},{"taxonomy":"post_tag","embeddable":true,"href":"https:\/\/vimagazine.com.br\/index.php?rest_route=%2Fwp%2Fv2%2Ftags&post=2693"}],"curies":[{"name":"wp","href":"https:\/\/api.w.org\/{rel}","templated":true}]}}