{"id":2914,"date":"2022-02-01T15:48:49","date_gmt":"2022-02-01T18:48:49","guid":{"rendered":"https:\/\/vimagazine.com.br\/?p=2914"},"modified":"2022-02-01T15:49:36","modified_gmt":"2022-02-01T18:49:36","slug":"veluma-tera-destaque-no-carnaval-2022-na-escola-de-samba-paraiso-do-tuiuti-no-rio-de-janeiro","status":"publish","type":"post","link":"https:\/\/vimagazine.com.br\/?p=2914","title":{"rendered":"VELUMA TER\u00c1 DESTAQUE NO CARNAVAL 2022 PELA ESCOLA DE SAMBA PARA\u00cdSO DO TUIUTI NO RIO DE JANEIRO"},"content":{"rendered":"\n<p><\/p>\n\n\n\n<p><\/p>\n\n\n\n<p style=\"font-size:14px\">A cantora Veluma, estar\u00e1 presente no desfile do grupo especial no Rio de Janeiro pela Escola de Samba Para\u00edso do Tuiuti. Convidada pelo carnavalesco Paulo Barros, Veluma vem de destaque de ch\u00e3o, caracterizada de uma grande Diva Americana.<\/p>\n\n\n\n<p style=\"font-size:14px\">&#8220;O primeiro contato com arte foi em uma escola de dan\u00e7a, quando fazia aula de jazz, sapateado e bal\u00e9 cl\u00e1ssico.&nbsp;&nbsp;Na fase adulta, comecei a frequentar algumas festas nas quais tive contato com shows de drags queens, e fiquei encantado! Participei de um concurso para drag&nbsp; fui selecionado e desde ent\u00e3o nunca mais parei de atuar&#8221;, conta Veluma.<\/p>\n\n\n\n<p style=\"font-size:14px\">A cantora recentemente lan\u00e7ou seu primeiro trabalho musical e j\u00e1 conquistou o p\u00fablico com seu carisma, talento e alto astral.&nbsp;<\/p>\n\n\n\n<figure class=\"wp-block-image size-medium\"><img width=\"244\" height=\"300\" src=\"https:\/\/vimagazine.com.br\/wp-content\/uploads\/2022\/02\/20220131_232849-244x300.jpg\" alt=\"\" class=\"wp-image-2916\" srcset=\"https:\/\/vimagazine.com.br\/wp-content\/uploads\/2022\/02\/20220131_232849-244x300.jpg 244w, https:\/\/vimagazine.com.br\/wp-content\/uploads\/2022\/02\/20220131_232849.jpg 720w\" sizes=\"(max-width: 244px) 100vw, 244px\" \/><\/figure>\n\n\n\n<p><\/p>\n\n\n\n<p><strong>Escola de Samba Para\u00edso do Tuiuti<\/strong>&nbsp;\u00e9 uma&nbsp;Escola de Samba sediada no Rio de Janeiro \u2013 RJ e teve origem no Morro Tuiuti, situada no bairro S\u00e3o Cristov\u00e3o.<\/p>\n\n\n\n<p style=\"font-size:14px\">Seu s\u00edmbolo \u00e9 uma coroa, com uma lira na ponta de cima, ladeada por ramos de louro.<\/p>\n\n\n\n<p style=\"font-size:14px\"><strong>G.R.E.S. PARA\u00cdSO DO TUIUTI<\/strong><\/p>\n\n\n\n<p style=\"font-size:14px\">Fundado no dia 5 de abril de 1952, o Para\u00edso do Tuiuti tem sede no bairro de S\u00e3o Crist\u00f3v\u00e3o, na Zona Norte do Rio. Atualmente, a escola&nbsp;\u00e9 presidida por Renato Marins, o Renato Thor, que resgatou a for\u00e7a da comunidade azul e amarelo. Desde 2014, a agremia\u00e7\u00e3o vem fazendo desfiles culturais e hist\u00f3ricos, conquistando bons resultados. Em 2018, com enredo questionador sobre os 130 anos da aboli\u00e7\u00e3o da escravid\u00e3o brasileira, o Tuiuti foi vice-campe\u00e3o no Grupo Especial.<\/p>\n","protected":false},"excerpt":{"rendered":"<p>A cantora Veluma, estar\u00e1 presente no desfile do grupo especial no Rio de Janeiro pela&#8230;<\/p>\n","protected":false},"author":1,"featured_media":2915,"comment_status":"closed","ping_status":"open","sticky":false,"template":"","format":"standard","meta":{"om_disable_all_campaigns":false,"_monsterinsights_skip_tracking":false,"_monsterinsights_sitenote_active":false,"_monsterinsights_sitenote_note":"","_monsterinsights_sitenote_category":0,"spay_email":""},"categories":[26],"tags":[],"jetpack_featured_media_url":"https:\/\/vimagazine.com.br\/wp-content\/uploads\/2022\/02\/20220131_232739.jpg","_links":{"self":[{"href":"https:\/\/vimagazine.com.br\/index.php?rest_route=\/wp\/v2\/posts\/2914"}],"collection":[{"href":"https:\/\/vimagazine.com.br\/index.php?rest_route=\/wp\/v2\/posts"}],"about":[{"href":"https:\/\/vimagazine.com.br\/index.php?rest_route=\/wp\/v2\/types\/post"}],"author":[{"embeddable":true,"href":"https:\/\/vimagazine.com.br\/index.php?rest_route=\/wp\/v2\/users\/1"}],"replies":[{"embeddable":true,"href":"https:\/\/vimagazine.com.br\/index.php?rest_route=%2Fwp%2Fv2%2Fcomments&post=2914"}],"version-history":[{"count":2,"href":"https:\/\/vimagazine.com.br\/index.php?rest_route=\/wp\/v2\/posts\/2914\/revisions"}],"predecessor-version":[{"id":2918,"href":"https:\/\/vimagazine.com.br\/index.php?rest_route=\/wp\/v2\/posts\/2914\/revisions\/2918"}],"wp:featuredmedia":[{"embeddable":true,"href":"https:\/\/vimagazine.com.br\/index.php?rest_route=\/wp\/v2\/media\/2915"}],"wp:attachment":[{"href":"https:\/\/vimagazine.com.br\/index.php?rest_route=%2Fwp%2Fv2%2Fmedia&parent=2914"}],"wp:term":[{"taxonomy":"category","embeddable":true,"href":"https:\/\/vimagazine.com.br\/index.php?rest_route=%2Fwp%2Fv2%2Fcategories&post=2914"},{"taxonomy":"post_tag","embeddable":true,"href":"https:\/\/vimagazine.com.br\/index.php?rest_route=%2Fwp%2Fv2%2Ftags&post=2914"}],"curies":[{"name":"wp","href":"https:\/\/api.w.org\/{rel}","templated":true}]}}