{"id":2929,"date":"2022-02-05T10:40:26","date_gmt":"2022-02-05T13:40:26","guid":{"rendered":"https:\/\/vimagazine.com.br\/?p=2929"},"modified":"2022-02-05T10:40:31","modified_gmt":"2022-02-05T13:40:31","slug":"menos-e-mais-e-pixote-se-apresentam-na-arena-petry-em-abril","status":"publish","type":"post","link":"https:\/\/vimagazine.com.br\/?p=2929","title":{"rendered":"Menos \u00e9 Mais e Pixote se apresentam na Arena Petry em abril"},"content":{"rendered":"\n<p>F\u00e3s de samba e pagode se encontrar\u00e3o na Grande Florian\u00f3polis no dia 20 de abril, v\u00e9spera de feriado, quando os grupos Pixote e Menos \u00e9 Mais sobem ao palco da Arena Petry. O primeiro, na ativa desde os anos 90, e o segundo, com apenas tr\u00eas anos de estrada, prometem animar o p\u00fablico com hits para cantar junto. Os ingressos est\u00e3o \u00e0 venda pelo site <a href=\"https:\/\/uhuu.com\/evento\/sc\/sao-jose\/menos-e-mais-e-pixote-9902#\/\" target=\"_blank\" rel=\"noreferrer noopener\"><strong>uhuuu.com<\/strong><\/a>.&nbsp;<\/p>\n\n\n\n<p>Grandes sucessos n\u00e3o faltam na carreira do Pixote, grupo que j\u00e1 marcou territ\u00f3rio na hist\u00f3ria do samba. Formado por Dod\u00f4, Tiola e Thiaguinho, j\u00e1 lan\u00e7ou tantos hits que resumir tudo no repert\u00f3rio de um show se torna um desafio. O sucesso mais recente \u00e9 Nem de Gra\u00e7a, que colocou o Pixote, mais uma vez, na lista das 5 mais tocadas no pa\u00eds. E \u00e9 na estrada que o sucesso se confirma, sempre com casa cheia e um p\u00fablico que canta junto Idem, Franqueza, Fissura e outros hits do grupo.<\/p>\n\n\n\n<p>J\u00e1 o Menos \u00e9 Mais tem no DNA o pagode brasiliense, que guia o grupo pelos estados do Brasil. Se por um lado, o calor dos palcos \u00e9 contagiante e motivador, por outro, os pagodeiros de Bras\u00edlia acumulam mais de 4 milh\u00f5es de ouvintes mensais nas plataformas musicais. O canal do Youtube, por sua vez, conta com 2 milh\u00f5es de inscritos. A estrat\u00e9gia inovadora de postar um v\u00eddeo por semana resultou na cria\u00e7\u00e3o de v\u00e1rios quadros musicais. O queridinho \u00e9 o \u201cChurrasquinho do Menos \u00e9 Mais\u201d, com mais de 697 milh\u00f5es de visualiza\u00e7\u00f5es. Al\u00e9m de n\u00fameros impressionantes na internet, o grupo coleciona f\u00e3s ilustres, como os jogadores de futebol da Sele\u00e7\u00e3o Brasileira Neymar, Thiago Silva, Marquinhos e Roberto Firmino. Entre os principais sucessos est\u00e3o Melhor eu ir, Ligando os Fatos, Sonho de Amor e Deixa eu te querer.\u00a0<\/p>\n\n\n\n<p><em><strong>Ingressos para o show de samba e pagode j\u00e1 est\u00e3o \u00e0 venda<\/strong><\/em><\/p>\n\n\n\n<p><strong>Evento seguro<\/strong><\/p>\n\n\n\n<p>O acesso ao evento ser\u00e1 dado somente a pessoas imunizadas com pelo menos 14<\/p>\n\n\n\n<p>dias de esquema vacinal completo contra a Covid-19 (duas doses completas ou dose<\/p>\n\n\n\n<p>\u00fanica), mediante apresenta\u00e7\u00e3o da caderneta ou carteirinha de vacina\u00e7\u00e3o emitida pela<\/p>\n\n\n\n<p>Secretaria Municipal de Sa\u00fade ou pelo App Conecte SUS (junto de documento de<\/p>\n\n\n\n<p>identifica\u00e7\u00e3o), ou pessoas que apresentarem laudo de exame RT-qPCR, realizado nas<\/p>\n\n\n\n<p>\u00faltimas 72 horas, ou pesquisa de ant\u00edgeno SARS-COV-2 por swab realizado nas<\/p>\n\n\n\n<p>\u00faltimas 48 horas com resultado negativo, n\u00e3o reagente ou n\u00e3o detectado. O laudo<\/p>\n\n\n\n<p>deve ser realizado por estabelecimentos credenciados e dever\u00e1 ser entregue impresso<\/p>\n\n\n\n<p>para fins de auditoria.<\/p>\n\n\n\n<p>ARENA PETRY &#8211; S\u00c3O JOS\u00c9 (SC)<\/p>\n\n\n\n<p><strong>Quando<\/strong>: 20 de abril de 2022 (quarta-feira, v\u00e9spera de feriado)<\/p>\n\n\n\n<p><strong>Onde<\/strong>: Arena Petry &#8211; SC-281, 4000 &#8211; Grande Florian\u00f3polis, S\u00e3o Jos\u00e9 &#8211; SC, 88122-001<br><strong>Hor\u00e1rio<\/strong>: 21h (abertura da casa)<br>Acesso a pessoas com defici\u00eancia<\/p>\n\n\n\n<p><strong>Classifica\u00e7\u00e3o et\u00e1ria<\/strong>: 18 anos desacompanhados. Menores de 16 anos poder\u00e3o comparecer ao evento desde que acompanhados dos pais e\/ou respons\u00e1veis legais. Informa\u00e7\u00e3o sujeita \u00e0 altera\u00e7\u00e3o, conforme decis\u00e3o judicial.<\/p>\n\n\n\n<p>MAPA DE SETORES<\/p>\n\n\n\n<figure class=\"wp-block-image\"><img src=\"https:\/\/lh6.googleusercontent.com\/Kv3YFZrzXUVX37WcLrRz3BHcReLF3HQs5Tb-YC-kfLkfCyNnEWwKeqJKTY6Bfltjq6hm57vphOVhQCNTkrRSUYT5MwvN4AWVKOe9LPw_j7WaaKtloT_KTTp61OWA662E9XpIp_TY\" alt=\"\" \/><\/figure>\n\n\n\n<p><strong>Quanto<\/strong>: Ingressos a partir de:<\/p>\n\n\n\n<p>Pista a partir de R$ 70 (lote solid\u00e1rio)<\/p>\n\n\n\n<p>Pista premium a partir de R$ 120<\/p>\n\n\n\n<p>Terra\u00e7o a partir de R$ 200&nbsp;<\/p>\n\n\n\n<p>Camarotes a partir de R$ 1960 para 14 pessoas<br>Bistr\u00f4 a partir de R$ 1800 para 6 pessoas<\/p>\n\n\n\n<p>Dispon\u00edveis pelo <a href=\"https:\/\/uhuu.com\/evento\/sc\/sao-jose\/menos-e-mais-e-pixote-9902#\/\" target=\"_blank\" rel=\"noreferrer noopener\"><strong>uhuu.com<\/strong><\/a><\/p>\n\n\n\n<p>CANAIS DE VENDAS OFICIAIS:<\/p>\n\n\n\n<p>Ponto de venda sem taxa de servi\u00e7o: Bilheteria da Arena Petry (atendimento de segunda a sexta-feira das 9h \u00e0s 12h e das 13h \u00e0s 18h).&nbsp;<\/p>\n\n\n\n<p>Contato: (48) 3954 2400 (48) 99168 7221 (Angela)<\/p>\n\n\n\n<p>Formas de Pagamento:<\/p>\n\n\n\n<p>Internet: Dep\u00f3sito e Cart\u00f5es Visa, Master, Diners, Hiper, Elo e American.<\/p>\n\n\n\n<p>Bilheteria: Dinheiro, Visa, Master, Elo.<\/p>\n\n\n\n<p>Parcelamento &#8211; at\u00e9 4x &#8211; sem juros ao consumidor 5x at\u00e9 12x &#8211; Com juros ao consumidor de 1,49%<\/p>\n\n\n\n<p>MEIA ENTRADA\/DESCONTOS:<\/p>\n\n\n\n<p>*Desconto de Meia Entrada somente no setor de Pista<\/p>\n\n\n\n<p>Meia Entrada\/Descontos:&nbsp;<\/p>\n\n\n\n<p>ESTUDANTES: Lei Federal 12.933\/13, Decreto Federal 8.537\/15 e Medida Cautelar Provis\u00f3ria concedida pelo STF em 29\/12\/2015 &#8211; obrigat\u00f3ria apresenta\u00e7\u00e3o de Carteira de Identifica\u00e7\u00e3o Estudantil (CIE).Consulte tamb\u00e9m: <a href=\"http:\/\/www.documentodoestudante.com.br\/\" target=\"_blank\" rel=\"noreferrer noopener\">www.documentodoestudante.com.br<\/a><\/p>\n\n\n\n<p>IDOSOS: Lei Federal 10.741\/2003 &#8211; obrigat\u00f3ria apresenta\u00e7\u00e3o de identidade ou documento oficial com foto que comprove a sua condi\u00e7\u00e3o.<\/p>\n\n\n\n<p>JOVENS PERTENCENTES \u00c0 FAMILIAS DE BAIXA RENDA: Lei Federal 12.933\/13 e Decreto Federal 8.537\/15 \u2013 obrigat\u00f3ria apresenta\u00e7\u00e3o da Carteira de Identidade Jovem que ser\u00e1 emitida pela Secretaria Nacional de Juventude a partir de 31 de mar\u00e7o de 2016, acompanhada de documento de identidade oficial com foto.<\/p>\n\n\n\n<p>PESSOAS COM DEFICI\u00caNCIA (e acompanhante quando necess\u00e1rio): Lei Federal 12.933\/13 e Decreto Federal 8.537\/15 &#8211; obrigat\u00f3ria apresenta\u00e7\u00e3o do Cart\u00e3o de Benef\u00edcio de Presta\u00e7\u00e3o Continuada da Assist\u00eancia Social da Pessoa com Defici\u00eancia ou de documento emitido pelo Instituto Nacional do Seguro Social &#8211; INSS que ateste a aposentadoria de acordo com os crit\u00e9rios estabelecidos na Lei Complementar no 142, de 8 de maio de 2013. No momento de apresenta\u00e7\u00e3o, esses documentos dever\u00e3o estar acompanhados de documento de identidade oficial com foto.<\/p>\n\n\n\n<p>JOVENS COM AT\u00c9 15 ANOS: Lei Estadual n\u00b0 14.612\/14 &#8211; obrigat\u00f3ria apresenta\u00e7\u00e3o do documento de identidade oficial com foto.<\/p>\n\n\n\n<p>DOADORES REGULARES DE SANGUE*: Lei Estadual n\u00b0 13.891\/12 &#8211; obrigat\u00f3ria apresenta\u00e7\u00e3o de documento oficial v\u00e1lido, expedido pelos hemocentros e bancos de sangue. *S\u00e3o considerados doadores regulares de sangue a mulher que se submete \u00e0 coleta pelo menos duas vezes ao ano, e o homem que se submete \u00e0 coleta tr\u00eas vezes ao ano.<\/p>\n\n\n\n<p>APOSENTADOS OU PENSIONISTAS DO INSS: Lei Municipal n\u00b0 7.366\/93 &#8211; Documento fornecido pela Federa\u00e7\u00e3o dos Aposentados e Pensionistas do RS ou outros Associa\u00e7\u00f5es de Classe devidamente registradas ou filiadas.<\/p>\n\n\n\n<p>PNE (Portadores de Necessidades Especiais) em conformidade com a Lei Municipal n\u00ba 11.519, de 18\/12\/2013.<\/p>\n\n\n\n<p>O benef\u00edcio de meia-entrada \u00e9 assegurado para 40% do total de ingressos dispon\u00edveis para cada evento, conforme o Decreto n\u00ba 8.537\/15.<\/p>\n\n\n\n<p>Ingressos E-Ticket em arquivo .PDF entregues automaticamente ao e-mail do titular do pedido em at\u00e9 30 min ap\u00f3s o recebimento da confirma\u00e7\u00e3o de compra. Apresente no acesso do evento. Caso n\u00e3o tenha recebido o email, verifique tamb\u00e9m sua caixa anti-spam.&nbsp;<\/p>\n\n\n\n<p>ATEN\u00c7\u00c3O: N\u00e3o nos responsabilizamos por ingressos adquiridos fora dos canais de venda oficiais.<\/p>\n\n\n\n<p>Caso os documentos necess\u00e1rios n\u00e3o sejam apresentados ou n\u00e3o comprovem a condi\u00e7\u00e3o, ser\u00e1 exigido o pagamento do complemento do valor do ingresso adquirido, caso contr\u00e1rio, o acesso n\u00e3o ser\u00e1 autorizado.<\/p>\n\n\n\n<p>Aviso Importante<\/p>\n\n\n\n<p>Para acesso ao local do evento \u00e9 obrigat\u00f3rio a apresenta\u00e7\u00e3o do comprovante de vacina\u00e7\u00e3o contra COVID-19, com as duas doses ou dose \u00fanica. O comprovante pode ser f\u00edsico ou digital (dispon\u00edvel no aplicativo Conecte SUS). Em caso de d\u00favidas entre em contato atrav\u00e9s no e-mail <a href=\"mailto:sac@opusentretenimento.com\" target=\"_blank\" rel=\"noreferrer noopener\">sac@opusentretenimento.com<\/a>.<\/p>\n\n\n\n<p>Objetos proibidos em todas as cidades: C\u00e2mera fotogr\u00e1fica profissional ou semi profissional (c\u00e2meras grandes com zoom externo ou que trocam de lente), filmadoras de v\u00eddeo, gravadores de \u00e1udio, canetas laser, qualquer tipo de trip\u00e9, pau de selfie, camisas de time, correntes e cintur\u00f5es, garrafas pl\u00e1sticas, bebidas alc\u00f3olicas, subst\u00e2ncias t\u00f3xicas, fogos de artif\u00edcio, inflam\u00e1veis em geral, objetos que possam causar ferimentos, armas de fogo, armas brancas, copos de vidro e vidros em geral, frutas inteiras, latas de alum\u00ednio, guarda-chuva, jornais, revistas, bandeiras e faixas, capacetes de motos e similares.<\/p>\n\n\n\n<p><strong>Assessoria de imprensa Arena Petry:<\/strong><\/p>\n\n\n\n<p><em>All Press Comunica\u00e7\u00e3o<\/em><\/p>\n\n\n\n<p>Yasmine Holanda <\/p>\n\n\n\n<p>D\u00e9borah Almada <\/p>\n\n\n\n<p><strong>Assessoria de Imprensa Opus Entretenimento:<\/strong><\/p>\n\n\n\n<p>Cost\u00e1bile Salzano Jr. | <a href=\"mailto:imprensa@opusentretenimento.com\" target=\"_blank\" rel=\"noreferrer noopener\">imprensa@opusentretenimento.com<\/a> <br><strong><br><\/strong><\/p>\n","protected":false},"excerpt":{"rendered":"<p>F\u00e3s de samba e pagode se encontrar\u00e3o na Grande Florian\u00f3polis no dia 20 de abril,&#8230;<\/p>\n","protected":false},"author":3,"featured_media":2930,"comment_status":"closed","ping_status":"open","sticky":false,"template":"","format":"standard","meta":{"om_disable_all_campaigns":false,"_monsterinsights_skip_tracking":false,"_monsterinsights_sitenote_active":false,"_monsterinsights_sitenote_note":"","_monsterinsights_sitenote_category":0,"spay_email":""},"categories":[1],"tags":[],"jetpack_featured_media_url":"https:\/\/vimagazine.com.br\/wp-content\/uploads\/2022\/02\/SITE_1180X420.png","_links":{"self":[{"href":"https:\/\/vimagazine.com.br\/index.php?rest_route=\/wp\/v2\/posts\/2929"}],"collection":[{"href":"https:\/\/vimagazine.com.br\/index.php?rest_route=\/wp\/v2\/posts"}],"about":[{"href":"https:\/\/vimagazine.com.br\/index.php?rest_route=\/wp\/v2\/types\/post"}],"author":[{"embeddable":true,"href":"https:\/\/vimagazine.com.br\/index.php?rest_route=\/wp\/v2\/users\/3"}],"replies":[{"embeddable":true,"href":"https:\/\/vimagazine.com.br\/index.php?rest_route=%2Fwp%2Fv2%2Fcomments&post=2929"}],"version-history":[{"count":1,"href":"https:\/\/vimagazine.com.br\/index.php?rest_route=\/wp\/v2\/posts\/2929\/revisions"}],"predecessor-version":[{"id":2931,"href":"https:\/\/vimagazine.com.br\/index.php?rest_route=\/wp\/v2\/posts\/2929\/revisions\/2931"}],"wp:featuredmedia":[{"embeddable":true,"href":"https:\/\/vimagazine.com.br\/index.php?rest_route=\/wp\/v2\/media\/2930"}],"wp:attachment":[{"href":"https:\/\/vimagazine.com.br\/index.php?rest_route=%2Fwp%2Fv2%2Fmedia&parent=2929"}],"wp:term":[{"taxonomy":"category","embeddable":true,"href":"https:\/\/vimagazine.com.br\/index.php?rest_route=%2Fwp%2Fv2%2Fcategories&post=2929"},{"taxonomy":"post_tag","embeddable":true,"href":"https:\/\/vimagazine.com.br\/index.php?rest_route=%2Fwp%2Fv2%2Ftags&post=2929"}],"curies":[{"name":"wp","href":"https:\/\/api.w.org\/{rel}","templated":true}]}}