{"id":2932,"date":"2022-02-07T15:56:45","date_gmt":"2022-02-07T18:56:45","guid":{"rendered":"https:\/\/vimagazine.com.br\/?p=2932"},"modified":"2022-02-07T16:11:26","modified_gmt":"2022-02-07T19:11:26","slug":"alter-do-chao-e-o-cenario-das-novas-colecoes-do-fotografo-felipe-cerchiari","status":"publish","type":"post","link":"https:\/\/vimagazine.com.br\/?p=2932","title":{"rendered":"Alter do Ch\u00e3o \u00e9 o cen\u00e1rio das novas cole\u00e7\u00f5es do fot\u00f3grafo Felipe Cerchiari"},"content":{"rendered":"\n<p><\/p>\n\n\n\n<p><\/p>\n\n\n\n<p class=\"has-medium-font-size\"><em><strong>O artista busca na fotografia uma forma de transformar os lares e as vidas das pessoas, a arte tem o poder de inspirar as pessoas a irem mais longe<\/strong><\/em><\/p>\n\n\n\n<p><\/p>\n\n\n\n<p>O fot\u00f3grafo Felipe Cerchiari escolheu a regi\u00e3o de Alter do Ch\u00e3o, localizada no oeste do Par\u00e1, dentro do munic\u00edpio de Santar\u00e9m, na margem direita do Rio Tapaj\u00f3s, para fotografar as suas novas cole\u00e7\u00f5es. &nbsp;<\/p>\n\n\n\n<p>Al\u00e9m de contar com diversas praias fluviais de \u00e1guas mornas e doces, a regi\u00e3o tamb\u00e9m \u00e9 uma porta de entrada para a Amaz\u00f4nia, contando com um dos trechos mais bem preservados da floresta. Alter do Ch\u00e3o ganhou fama ap\u00f3s ter sido eleita pelo jornal ingl\u00eas The Guardian como o destino de praias mais bonito do Brasil. Apesar do seu estilo simples e pacato, a natureza que a circunda \u00e9 exuberante.<\/p>\n\n\n\n<p>At\u00e9 o s\u00e9culo XVIII, a vila era habitada majoritariamente por comunidades ind\u00edgenas Boraris. Ainda se tem vest\u00edgios dos nativos devido \u00e0 exist\u00eancia de diversos locais com grande quantidade de peda\u00e7os de barro e frequentemente s\u00e3o encontradas pe\u00e7as na forma de cabe\u00e7a de urubu, c\u00edrculos com furo no meio, cachimbos, entre outros, al\u00e9m de machados de pedra polida.<\/p>\n\n\n\n<p><em>&#8220;Absolutamente encantando com a riqueza das cren\u00e7as locais, resolvi n\u00e3o montar uma, nem duas, mas tr\u00eas cole\u00e7\u00f5es: Tup\u00e3, Ceuci e Caramuru. Tup\u00e3 representando os c\u00e9us, o esp\u00edrito do trov\u00e3o, \u00e9 o grande criador dos c\u00e9us, da terra e dos mares. Ceusi representando as matas, deusa das lavouras, \u00e9 quem protege e acolhe os frutos da nossa terra. E Caramuru representando as \u00e1guas, o peixe moreia, \u00e9 quem ordena as grandes ondas e rege o oceano&#8221;, explica Felipe Cerchiari.&nbsp;<\/em><\/p>\n\n\n\n<figure class=\"wp-block-image size-medium\"><img width=\"300\" height=\"225\" src=\"https:\/\/vimagazine.com.br\/wp-content\/uploads\/2022\/02\/a2-300x225.jpeg\" alt=\"\" class=\"wp-image-2934\" srcset=\"https:\/\/vimagazine.com.br\/wp-content\/uploads\/2022\/02\/a2-300x225.jpeg 300w, https:\/\/vimagazine.com.br\/wp-content\/uploads\/2022\/02\/a2-768x576.jpeg 768w, https:\/\/vimagazine.com.br\/wp-content\/uploads\/2022\/02\/a2.jpeg 800w\" sizes=\"(max-width: 300px) 100vw, 300px\" \/><\/figure>\n\n\n\n<p>As lindas fotografias foram obtidas atrav\u00e9s de uma t\u00e9cnica minuciosa utilizada, onde todo o equipamento \u00e9 diferente e vem com a miss\u00e3o de mostrar um \u00e2ngulo raro e ex\u00f3tico para os quadros de paisagens paradis\u00edacas.&nbsp;<em>&#8220;Cada obra \u00e9 \u00fanica, com objetivo principal de emanar, atrav\u00e9s do olhar, as boas sensa\u00e7\u00f5es encontradas pelo mundo.&nbsp; A minha visita em Alter do Ch\u00e3o me lembrou na inf\u00e2ncia na beira do rio Paran\u00e1 e da import\u00e2ncia do equil\u00edbrio com a natureza&#8221;.&nbsp;<\/em><\/p>\n\n\n\n<p>O artista busca na fotografia uma forma de transformar os lares e as vidas das pessoas, a arte tem o poder de inspirar as pessoas a irem mais longe. &#8220;<em>\u00c9 impressionante como nosso humor se transforma quando habitamos em um lar aconchegante. Trazer parte da natureza pra dentro de nossas casas atrav\u00e9s das obras tem sido minha maior linha de trabalho<\/em>&#8220;, finaliza Cerchiari.<\/p>\n\n\n\n<p style=\"font-size:18px\"><strong>Sobre o artista<\/strong><\/p>\n\n\n\n<p>Felipe Cerchiari, 35 anos, \u00e9 um fot\u00f3grafo brasileiro nascido no interior de S\u00e3o Paulo, passou parte da inf\u00e2ncia e adolesc\u00eancia \u00e0s margens do rio Paran\u00e1 e aos 20 anos foi morar por 4 anos na regi\u00e3o Nordeste. Atualmente Cerchiari mora em S\u00e3o Paulo e al\u00e9m de fot\u00f3grafo \u00e9 formado em administra\u00e7\u00e3o de empresas e tem uma carreira de sucesso como diretor de inova\u00e7\u00e3o de uma grande empresa nacional (AMBEV). O artista possui hoje o Studio Cechiari e j\u00e1 registrou mais de 10 mil clicks, com fotografias abstratas, natureza e paisagens, sendo poss\u00edvel detectar tra\u00e7os que conversam com m\u00faltiplos universos. Atrav\u00e9s de uma entrevista pr\u00e9via, o artista captura as prefer\u00eancias e caracter\u00edsticas do ambiente designado e na sequ\u00eancia produz a obra que melhor se encaixa levando-se em conta a cor, tamanho e temas sugeridos.<\/p>\n\n\n\n<p class=\"has-small-font-size\">Fotos: Felipe Cerchiari<\/p>\n\n\n\n<p class=\"has-small-font-size\"><a href=\"https:\/\/cerchi.art\/\" target=\"_blank\" rel=\"noreferrer noopener\"><strong>Studio Cerchiari<\/strong><\/a><\/p>\n\n\n\n<p class=\"has-small-font-size\">Instagram: @felipecerchiari<\/p>\n","protected":false},"excerpt":{"rendered":"<p>O artista busca na fotografia uma forma de transformar os lares e as vidas das&#8230;<\/p>\n","protected":false},"author":1,"featured_media":2933,"comment_status":"closed","ping_status":"open","sticky":false,"template":"","format":"standard","meta":{"om_disable_all_campaigns":false,"_monsterinsights_skip_tracking":false,"_monsterinsights_sitenote_active":false,"_monsterinsights_sitenote_note":"","_monsterinsights_sitenote_category":0,"spay_email":""},"categories":[1],"tags":[94,283,281,284,282,285],"jetpack_featured_media_url":"https:\/\/vimagazine.com.br\/wp-content\/uploads\/2022\/02\/a1.jpeg","_links":{"self":[{"href":"https:\/\/vimagazine.com.br\/index.php?rest_route=\/wp\/v2\/posts\/2932"}],"collection":[{"href":"https:\/\/vimagazine.com.br\/index.php?rest_route=\/wp\/v2\/posts"}],"about":[{"href":"https:\/\/vimagazine.com.br\/index.php?rest_route=\/wp\/v2\/types\/post"}],"author":[{"embeddable":true,"href":"https:\/\/vimagazine.com.br\/index.php?rest_route=\/wp\/v2\/users\/1"}],"replies":[{"embeddable":true,"href":"https:\/\/vimagazine.com.br\/index.php?rest_route=%2Fwp%2Fv2%2Fcomments&post=2932"}],"version-history":[{"count":2,"href":"https:\/\/vimagazine.com.br\/index.php?rest_route=\/wp\/v2\/posts\/2932\/revisions"}],"predecessor-version":[{"id":2936,"href":"https:\/\/vimagazine.com.br\/index.php?rest_route=\/wp\/v2\/posts\/2932\/revisions\/2936"}],"wp:featuredmedia":[{"embeddable":true,"href":"https:\/\/vimagazine.com.br\/index.php?rest_route=\/wp\/v2\/media\/2933"}],"wp:attachment":[{"href":"https:\/\/vimagazine.com.br\/index.php?rest_route=%2Fwp%2Fv2%2Fmedia&parent=2932"}],"wp:term":[{"taxonomy":"category","embeddable":true,"href":"https:\/\/vimagazine.com.br\/index.php?rest_route=%2Fwp%2Fv2%2Fcategories&post=2932"},{"taxonomy":"post_tag","embeddable":true,"href":"https:\/\/vimagazine.com.br\/index.php?rest_route=%2Fwp%2Fv2%2Ftags&post=2932"}],"curies":[{"name":"wp","href":"https:\/\/api.w.org\/{rel}","templated":true}]}}